{"id":36835,"date":"2020-08-15T12:58:59","date_gmt":"2020-08-15T11:58:59","guid":{"rendered":"https:\/\/bylandry.com\/envert-v2\/filactu\/premiere-visite-pour-les-participants-supports\/"},"modified":"2021-03-15T13:02:21","modified_gmt":"2021-03-15T12:02:21","slug":"premiere-visite-pour-les-participants-supports","status":"publish","type":"fil_d_actu","link":"https:\/\/envol-vert.org\/en\/fd\/premiere-visite-pour-les-participants-supports\/","title":{"rendered":"Premi\u00e8re visite pour les participants supports"},"content":{"rendered":"<div class=\"fusion-fullwidth fullwidth-box fusion-builder-row-1 nonhundred-percent-fullwidth non-hundred-percent-height-scrolling\" style=\"--awb-border-radius-top-left:0px;--awb-border-radius-top-right:0px;--awb-border-radius-bottom-right:0px;--awb-border-radius-bottom-left:0px;--awb-flex-wrap:wrap;\" ><div class=\"fusion-builder-row fusion-row\"><div class=\"fusion-layout-column fusion_builder_column fusion-builder-column-0 fusion_builder_column_1_1 1_1 fusion-one-full fusion-column-first fusion-column-last\" style=\"--awb-bg-size:cover;--awb-margin-bottom:0px;\"><div class=\"fusion-column-wrapper fusion-flex-column-wrapper-legacy\"><div class=\"fusion-text fusion-text-1\"><p>C\u2019est la nouveaut\u00e9 de la session 2020 du projet \u00ab Au Pr\u00e9 de Mes Arbres \u00bb : de nouveaux participants se sont vus proposer un accompagnement \u00ab support \u00bb, d\u00e9taill\u00e9 dans l\u2019actualit\u00e9 du mois de mai.<\/p>\n<p>Chacun de ces 5 b\u00e9n\u00e9ficiaires a re\u00e7u une visite d\u2019Envol Vert afin de pr\u00e9senter son terrain et les objectifs de son projet. Ils vont d\u00e9sormais r\u00e9fl\u00e9chir plus pr\u00e9cis\u00e9ment \u00e0 l\u2019agencement agroforestier de leurs parcelles. Nous reviendrons vers eux en Septembre pour finaliser leur projet et s\u2019accorder sur la commande des arbres.<\/p>\n<\/div><div class=\"fusion-clearfix\"><\/div><\/div><\/div><\/div><\/div>\n","protected":false},"excerpt":{"rendered":"","protected":false},"featured_media":36830,"template":"","fils_d_actu_categ":[1513],"class_list":["post-36835","fil_d_actu","type-fil_d_actu","status-publish","has-post-thumbnail","hentry","fils_d_actu_categ-au-pre-de-mes-arbres-tarn-en"],"yoast_head":"<!-- This site is optimized with the Yoast SEO plugin v28.3 - https:\/\/yoast.com\/product\/yoast-seo-wordpress\/ -->\n<title>Premi\u00e8re visite pour les participants supports - Envol Vert<\/title>\n<meta name=\"robots\" content=\"index, follow, max-snippet:-1, max-image-preview:large, max-video-preview:-1\" \/>\n<link rel=\"canonical\" href=\"https:\/\/envol-vert.org\/en\/fd\/premiere-visite-pour-les-participants-supports\/\" \/>\n<meta property=\"og:locale\" content=\"en_US\" \/>\n<meta property=\"og:type\" content=\"article\" \/>\n<meta property=\"og:title\" content=\"Premi\u00e8re visite pour les participants supports - Envol Vert\" \/>\n<meta property=\"og:url\" content=\"https:\/\/envol-vert.org\/en\/fd\/premiere-visite-pour-les-participants-supports\/\" \/>\n<meta property=\"og:site_name\" content=\"Envol Vert\" \/>\n<meta property=\"article:publisher\" content=\"https:\/\/www.facebook.com\/EnvolVertFrance\/\" \/>\n<meta property=\"article:modified_time\" content=\"2021-03-15T12:02:21+00:00\" \/>\n<meta property=\"og:image\" content=\"https:\/\/envol-vert.org\/wp-content\/uploads\/2021\/03\/juillet-visite-3.jpg\" \/>\n\t<meta property=\"og:image:width\" content=\"1386\" \/>\n\t<meta property=\"og:image:height\" content=\"1040\" \/>\n\t<meta property=\"og:image:type\" content=\"image\/jpeg\" \/>\n<meta name=\"twitter:card\" content=\"summary_large_image\" \/>\n<meta name=\"twitter:site\" content=\"@Envolvert\" \/>\n<meta name=\"twitter:label1\" content=\"Est. reading time\" \/>\n\t<meta name=\"twitter:data1\" content=\"1 minute\" \/>\n<script type=\"application\/ld+json\" class=\"yoast-schema-graph\">{\"@context\":\"https:\\\/\\\/schema.org\",\"@graph\":[{\"@type\":\"WebPage\",\"@id\":\"https:\\\/\\\/envol-vert.org\\\/en\\\/fd\\\/premiere-visite-pour-les-participants-supports\\\/\",\"url\":\"https:\\\/\\\/envol-vert.org\\\/en\\\/fd\\\/premiere-visite-pour-les-participants-supports\\\/\",\"name\":\"Premi\u00e8re visite pour les participants supports - Envol Vert\",\"isPartOf\":{\"@id\":\"https:\\\/\\\/envol-vert.org\\\/en\\\/#website\"},\"primaryImageOfPage\":{\"@id\":\"https:\\\/\\\/envol-vert.org\\\/en\\\/fd\\\/premiere-visite-pour-les-participants-supports\\\/#primaryimage\"},\"image\":{\"@id\":\"https:\\\/\\\/envol-vert.org\\\/en\\\/fd\\\/premiere-visite-pour-les-participants-supports\\\/#primaryimage\"},\"thumbnailUrl\":\"https:\\\/\\\/envol-vert.org\\\/wp-content\\\/uploads\\\/2021\\\/03\\\/juillet-visite-3.jpg\",\"datePublished\":\"2020-08-15T11:58:59+00:00\",\"dateModified\":\"2021-03-15T12:02:21+00:00\",\"breadcrumb\":{\"@id\":\"https:\\\/\\\/envol-vert.org\\\/en\\\/fd\\\/premiere-visite-pour-les-participants-supports\\\/#breadcrumb\"},\"inLanguage\":\"en-US\",\"potentialAction\":[{\"@type\":\"ReadAction\",\"target\":[\"https:\\\/\\\/envol-vert.org\\\/en\\\/fd\\\/premiere-visite-pour-les-participants-supports\\\/\"]}]},{\"@type\":\"ImageObject\",\"inLanguage\":\"en-US\",\"@id\":\"https:\\\/\\\/envol-vert.org\\\/en\\\/fd\\\/premiere-visite-pour-les-participants-supports\\\/#primaryimage\",\"url\":\"https:\\\/\\\/envol-vert.org\\\/wp-content\\\/uploads\\\/2021\\\/03\\\/juillet-visite-3.jpg\",\"contentUrl\":\"https:\\\/\\\/envol-vert.org\\\/wp-content\\\/uploads\\\/2021\\\/03\\\/juillet-visite-3.jpg\",\"width\":1386,\"height\":1040},{\"@type\":\"BreadcrumbList\",\"@id\":\"https:\\\/\\\/envol-vert.org\\\/en\\\/fd\\\/premiere-visite-pour-les-participants-supports\\\/#breadcrumb\",\"itemListElement\":[{\"@type\":\"ListItem\",\"position\":1,\"name\":\"Accueil\",\"item\":\"https:\\\/\\\/envol-vert.org\\\/en\\\/\"},{\"@type\":\"ListItem\",\"position\":2,\"name\":\"Premi\u00e8re visite pour les participants supports\"}]},{\"@type\":\"WebSite\",\"@id\":\"https:\\\/\\\/envol-vert.org\\\/en\\\/#website\",\"url\":\"https:\\\/\\\/envol-vert.org\\\/en\\\/\",\"name\":\"Envol Vert\",\"description\":\"La for\u00eat nous rend service, rendons le lui.\",\"publisher\":{\"@id\":\"https:\\\/\\\/envol-vert.org\\\/en\\\/#organization\"},\"potentialAction\":[{\"@type\":\"SearchAction\",\"target\":{\"@type\":\"EntryPoint\",\"urlTemplate\":\"https:\\\/\\\/envol-vert.org\\\/en\\\/?s={search_term_string}\"},\"query-input\":{\"@type\":\"PropertyValueSpecification\",\"valueRequired\":true,\"valueName\":\"search_term_string\"}}],\"inLanguage\":\"en-US\"},{\"@type\":\"Organization\",\"@id\":\"https:\\\/\\\/envol-vert.org\\\/en\\\/#organization\",\"name\":\"Envol Vert\",\"url\":\"https:\\\/\\\/envol-vert.org\\\/en\\\/\",\"logo\":{\"@type\":\"ImageObject\",\"inLanguage\":\"en-US\",\"@id\":\"https:\\\/\\\/envol-vert.org\\\/en\\\/#\\\/schema\\\/logo\\\/image\\\/\",\"url\":\"https:\\\/\\\/envol-vert.org\\\/wp-content\\\/uploads\\\/2021\\\/03\\\/Logo-icone-site.png\",\"contentUrl\":\"https:\\\/\\\/envol-vert.org\\\/wp-content\\\/uploads\\\/2021\\\/03\\\/Logo-icone-site.png\",\"width\":512,\"height\":512,\"caption\":\"Envol Vert\"},\"image\":{\"@id\":\"https:\\\/\\\/envol-vert.org\\\/en\\\/#\\\/schema\\\/logo\\\/image\\\/\"},\"sameAs\":[\"https:\\\/\\\/www.facebook.com\\\/EnvolVertFrance\\\/\",\"https:\\\/\\\/x.com\\\/Envolvert\",\"https:\\\/\\\/www.instagram.com\\\/envol_vert_france\\\/\",\"https:\\\/\\\/www.linkedin.com\\\/company\\\/envolvert\\\/\",\"https:\\\/\\\/www.youtube.com\\\/c\\\/EnvolVert\"]}]}<\/script>\n<!-- \/ Yoast SEO plugin. -->","yoast_head_json":{"title":"Premi\u00e8re visite pour les participants supports - Envol Vert","robots":{"index":"index","follow":"follow","max-snippet":"max-snippet:-1","max-image-preview":"max-image-preview:large","max-video-preview":"max-video-preview:-1"},"canonical":"https:\/\/envol-vert.org\/en\/fd\/premiere-visite-pour-les-participants-supports\/","og_locale":"en_US","og_type":"article","og_title":"Premi\u00e8re visite pour les participants supports - Envol Vert","og_url":"https:\/\/envol-vert.org\/en\/fd\/premiere-visite-pour-les-participants-supports\/","og_site_name":"Envol Vert","article_publisher":"https:\/\/www.facebook.com\/EnvolVertFrance\/","article_modified_time":"2021-03-15T12:02:21+00:00","og_image":[{"width":1386,"height":1040,"url":"https:\/\/envol-vert.org\/wp-content\/uploads\/2021\/03\/juillet-visite-3.jpg","type":"image\/jpeg"}],"twitter_card":"summary_large_image","twitter_site":"@Envolvert","twitter_misc":{"Est. reading time":"1 minute"},"schema":{"@context":"https:\/\/schema.org","@graph":[{"@type":"WebPage","@id":"https:\/\/envol-vert.org\/en\/fd\/premiere-visite-pour-les-participants-supports\/","url":"https:\/\/envol-vert.org\/en\/fd\/premiere-visite-pour-les-participants-supports\/","name":"Premi\u00e8re visite pour les participants supports - Envol Vert","isPartOf":{"@id":"https:\/\/envol-vert.org\/en\/#website"},"primaryImageOfPage":{"@id":"https:\/\/envol-vert.org\/en\/fd\/premiere-visite-pour-les-participants-supports\/#primaryimage"},"image":{"@id":"https:\/\/envol-vert.org\/en\/fd\/premiere-visite-pour-les-participants-supports\/#primaryimage"},"thumbnailUrl":"https:\/\/envol-vert.org\/wp-content\/uploads\/2021\/03\/juillet-visite-3.jpg","datePublished":"2020-08-15T11:58:59+00:00","dateModified":"2021-03-15T12:02:21+00:00","breadcrumb":{"@id":"https:\/\/envol-vert.org\/en\/fd\/premiere-visite-pour-les-participants-supports\/#breadcrumb"},"inLanguage":"en-US","potentialAction":[{"@type":"ReadAction","target":["https:\/\/envol-vert.org\/en\/fd\/premiere-visite-pour-les-participants-supports\/"]}]},{"@type":"ImageObject","inLanguage":"en-US","@id":"https:\/\/envol-vert.org\/en\/fd\/premiere-visite-pour-les-participants-supports\/#primaryimage","url":"https:\/\/envol-vert.org\/wp-content\/uploads\/2021\/03\/juillet-visite-3.jpg","contentUrl":"https:\/\/envol-vert.org\/wp-content\/uploads\/2021\/03\/juillet-visite-3.jpg","width":1386,"height":1040},{"@type":"BreadcrumbList","@id":"https:\/\/envol-vert.org\/en\/fd\/premiere-visite-pour-les-participants-supports\/#breadcrumb","itemListElement":[{"@type":"ListItem","position":1,"name":"Accueil","item":"https:\/\/envol-vert.org\/en\/"},{"@type":"ListItem","position":2,"name":"Premi\u00e8re visite pour les participants supports"}]},{"@type":"WebSite","@id":"https:\/\/envol-vert.org\/en\/#website","url":"https:\/\/envol-vert.org\/en\/","name":"Envol Vert","description":"La for\u00eat nous rend service, rendons le lui.","publisher":{"@id":"https:\/\/envol-vert.org\/en\/#organization"},"potentialAction":[{"@type":"SearchAction","target":{"@type":"EntryPoint","urlTemplate":"https:\/\/envol-vert.org\/en\/?s={search_term_string}"},"query-input":{"@type":"PropertyValueSpecification","valueRequired":true,"valueName":"search_term_string"}}],"inLanguage":"en-US"},{"@type":"Organization","@id":"https:\/\/envol-vert.org\/en\/#organization","name":"Envol Vert","url":"https:\/\/envol-vert.org\/en\/","logo":{"@type":"ImageObject","inLanguage":"en-US","@id":"https:\/\/envol-vert.org\/en\/#\/schema\/logo\/image\/","url":"https:\/\/envol-vert.org\/wp-content\/uploads\/2021\/03\/Logo-icone-site.png","contentUrl":"https:\/\/envol-vert.org\/wp-content\/uploads\/2021\/03\/Logo-icone-site.png","width":512,"height":512,"caption":"Envol Vert"},"image":{"@id":"https:\/\/envol-vert.org\/en\/#\/schema\/logo\/image\/"},"sameAs":["https:\/\/www.facebook.com\/EnvolVertFrance\/","https:\/\/x.com\/Envolvert","https:\/\/www.instagram.com\/envol_vert_france\/","https:\/\/www.linkedin.com\/company\/envolvert\/","https:\/\/www.youtube.com\/c\/EnvolVert"]}]}},"_links":{"self":[{"href":"https:\/\/envol-vert.org\/en\/wp-json\/wp\/v2\/fil_d_actu\/36835","targetHints":{"allow":["GET"]}}],"collection":[{"href":"https:\/\/envol-vert.org\/en\/wp-json\/wp\/v2\/fil_d_actu"}],"about":[{"href":"https:\/\/envol-vert.org\/en\/wp-json\/wp\/v2\/types\/fil_d_actu"}],"version-history":[{"count":0,"href":"https:\/\/envol-vert.org\/en\/wp-json\/wp\/v2\/fil_d_actu\/36835\/revisions"}],"wp:featuredmedia":[{"embeddable":true,"href":"https:\/\/envol-vert.org\/en\/wp-json\/wp\/v2\/media\/36830"}],"wp:attachment":[{"href":"https:\/\/envol-vert.org\/en\/wp-json\/wp\/v2\/media?parent=36835"}],"wp:term":[{"taxonomy":"fils_d_actu_categ","embeddable":true,"href":"https:\/\/envol-vert.org\/en\/wp-json\/wp\/v2\/fils_d_actu_categ?post=36835"}],"curies":[{"name":"wp","href":"https:\/\/api.w.org\/{rel}","templated":true}]}}