{"id":36941,"date":"2020-12-15T13:45:37","date_gmt":"2020-12-15T12:45:37","guid":{"rendered":"https:\/\/bylandry.com\/envert-v2\/filactu\/projets-de-sensibilisation-avec-les-lyceens-de-la-borde-basse\/"},"modified":"2020-12-15T13:45:37","modified_gmt":"2020-12-15T12:45:37","slug":"projets-de-sensibilisation-avec-les-lyceens-de-la-borde-basse","status":"publish","type":"fil_d_actu","link":"https:\/\/envol-vert.org\/en\/fd\/projets-de-sensibilisation-avec-les-lyceens-de-la-borde-basse\/","title":{"rendered":"Projets de sensibilisation avec les lyc\u00e9ens de la Borde Basse"},"content":{"rendered":"<p>Le 2 d\u00e9cembre, des lyc\u00e9ens de la Borde Basse sont venus sur la ferme des Cabrols d\u00e9couvrir la plantation d\u2019arbres et \u00e9changer avec l\u2019association sur les int\u00e9r\u00eats des arbres dans les parcelles agricoles. Depuis cette visite, des interventions sont organis\u00e9es chaque semaine au lyc\u00e9e de la Borde Basse afin de faire d\u00e9couvrir l\u2019agroforesterie aux lyc\u00e9ens int\u00e9ress\u00e9s. Un projet de parcours poules arbor\u00e9s \u00e0 l\u2019int\u00e9rieur du lyc\u00e9e est en cours de construction.<\/p>\n","protected":false},"excerpt":{"rendered":"<p>Le 2 d\u00e9cembre, des lyc\u00e9ens de la Borde Basse sont  [&#8230;]<\/p>\n","protected":false},"featured_media":36935,"template":"","fils_d_actu_categ":[1513],"class_list":["post-36941","fil_d_actu","type-fil_d_actu","status-publish","has-post-thumbnail","hentry","fils_d_actu_categ-au-pre-de-mes-arbres-tarn-en"],"_links":{"self":[{"href":"https:\/\/envol-vert.org\/en\/wp-json\/wp\/v2\/fil_d_actu\/36941","targetHints":{"allow":["GET"]}}],"collection":[{"href":"https:\/\/envol-vert.org\/en\/wp-json\/wp\/v2\/fil_d_actu"}],"about":[{"href":"https:\/\/envol-vert.org\/en\/wp-json\/wp\/v2\/types\/fil_d_actu"}],"version-history":[{"count":0,"href":"https:\/\/envol-vert.org\/en\/wp-json\/wp\/v2\/fil_d_actu\/36941\/revisions"}],"wp:featuredmedia":[{"embeddable":true,"href":"https:\/\/envol-vert.org\/en\/wp-json\/wp\/v2\/media\/36935"}],"wp:attachment":[{"href":"https:\/\/envol-vert.org\/en\/wp-json\/wp\/v2\/media?parent=36941"}],"wp:term":[{"taxonomy":"fils_d_actu_categ","embeddable":true,"href":"https:\/\/envol-vert.org\/en\/wp-json\/wp\/v2\/fils_d_actu_categ?post=36941"}],"curies":[{"name":"wp","href":"https:\/\/api.w.org\/{rel}","templated":true}]}}