{"id":36954,"date":"2020-12-28T13:49:28","date_gmt":"2020-12-28T12:49:28","guid":{"rendered":"https:\/\/bylandry.com\/envert-v2\/filactu\/de-la-jeunesse-en-renfort\/"},"modified":"2021-03-15T13:53:57","modified_gmt":"2021-03-15T12:53:57","slug":"de-la-jeunesse-en-renfort","status":"publish","type":"fil_d_actu","link":"https:\/\/envol-vert.org\/en\/fd\/de-la-jeunesse-en-renfort\/","title":{"rendered":"De la jeunesse en renfort"},"content":{"rendered":"<div class=\"fusion-fullwidth fullwidth-box fusion-builder-row-1 nonhundred-percent-fullwidth non-hundred-percent-height-scrolling\" style=\"--awb-border-radius-top-left:0px;--awb-border-radius-top-right:0px;--awb-border-radius-bottom-right:0px;--awb-border-radius-bottom-left:0px;--awb-flex-wrap:wrap;\" ><div class=\"fusion-builder-row fusion-row\"><div class=\"fusion-layout-column fusion_builder_column fusion-builder-column-0 fusion_builder_column_1_1 1_1 fusion-one-full fusion-column-first fusion-column-last\" style=\"--awb-bg-size:cover;--awb-margin-bottom:0px;\"><div class=\"fusion-column-wrapper fusion-flex-column-wrapper-legacy\"><div class=\"fusion-text fusion-text-1\"><p>D\u00e9but d\u00e9cembre, c\u2019\u00e9tait le moment de la r\u00e9ception des arbres, 4 woofers ont \u00e9t\u00e9 accueillis sur la ferme des Cabrols. Encore un grand merci \u00e0 Laetitia, Rebecca, Anton et Hugo qui nous ont aid\u00e9 \u00e0 r\u00e9partir les arbres par participants et \u00e0 les mettre en jauge (les arbres, pas les participants!).<\/p>\n<\/div><div class=\"fusion-clearfix\"><\/div><\/div><\/div><div class=\"fusion-layout-column fusion_builder_column fusion-builder-column-1 fusion_builder_column_1_2 1_2 fusion-one-half fusion-column-first\" style=\"--awb-bg-size:cover;width:50%;width:calc(50% - ( ( 4% ) * 0.5 ) );margin-right: 4%;\"><div class=\"fusion-column-wrapper fusion-column-has-shadow fusion-flex-column-wrapper-legacy\"><div class=\"fusion-image-element fusion-image-align-center in-legacy-container\" style=\"text-align:center;--awb-caption-title-font-family:var(--h2_typography-font-family);--awb-caption-title-font-weight:var(--h2_typography-font-weight);--awb-caption-title-font-style:var(--h2_typography-font-style);--awb-caption-title-size:var(--h2_typography-font-size);--awb-caption-title-transform:var(--h2_typography-text-transform);--awb-caption-title-line-height:var(--h2_typography-line-height);--awb-caption-title-letter-spacing:var(--h2_typography-letter-spacing);\"><div class=\"imageframe-align-center\"><span class=\" fusion-imageframe imageframe-none imageframe-1 hover-type-none\"><img decoding=\"async\" width=\"768\" height=\"1024\" title=\"WhatsApp-Image-2021-01-28-at-12.21.27-1\" src=\"https:\/\/envol-vert.org\/wp-content\/uploads\/2021\/03\/WhatsApp-Image-2021-01-28-at-12.21.27-1.jpeg\" alt class=\"img-responsive wp-image-36948\" srcset=\"https:\/\/envol-vert.org\/wp-content\/uploads\/2021\/03\/WhatsApp-Image-2021-01-28-at-12.21.27-1-200x267.jpeg 200w, https:\/\/envol-vert.org\/wp-content\/uploads\/2021\/03\/WhatsApp-Image-2021-01-28-at-12.21.27-1-400x533.jpeg 400w, https:\/\/envol-vert.org\/wp-content\/uploads\/2021\/03\/WhatsApp-Image-2021-01-28-at-12.21.27-1-600x800.jpeg 600w, https:\/\/envol-vert.org\/wp-content\/uploads\/2021\/03\/WhatsApp-Image-2021-01-28-at-12.21.27-1.jpeg 768w\" sizes=\"(max-width: 909px) 100vw, 600px\" \/><\/span><\/div><\/div><div class=\"fusion-clearfix\"><\/div><\/div><\/div><div class=\"fusion-layout-column fusion_builder_column fusion-builder-column-2 fusion_builder_column_1_2 1_2 fusion-one-half fusion-column-last\" style=\"--awb-bg-size:cover;width:50%;width:calc(50% - ( ( 4% ) * 0.5 ) );\"><div class=\"fusion-column-wrapper fusion-column-has-shadow fusion-flex-column-wrapper-legacy\"><div class=\"fusion-image-element fusion-image-align-center in-legacy-container\" style=\"text-align:center;--awb-caption-title-font-family:var(--h2_typography-font-family);--awb-caption-title-font-weight:var(--h2_typography-font-weight);--awb-caption-title-font-style:var(--h2_typography-font-style);--awb-caption-title-size:var(--h2_typography-font-size);--awb-caption-title-transform:var(--h2_typography-text-transform);--awb-caption-title-line-height:var(--h2_typography-line-height);--awb-caption-title-letter-spacing:var(--h2_typography-letter-spacing);\"><div class=\"imageframe-align-center\"><span class=\" fusion-imageframe imageframe-none imageframe-2 hover-type-none\"><img decoding=\"async\" width=\"768\" height=\"1024\" title=\"WhatsApp-Image-2021-01-28-at-12.21.27\" src=\"https:\/\/envol-vert.org\/wp-content\/uploads\/2021\/03\/WhatsApp-Image-2021-01-28-at-12.21.27.jpeg\" alt class=\"img-responsive wp-image-36945\" srcset=\"https:\/\/envol-vert.org\/wp-content\/uploads\/2021\/03\/WhatsApp-Image-2021-01-28-at-12.21.27-200x267.jpeg 200w, https:\/\/envol-vert.org\/wp-content\/uploads\/2021\/03\/WhatsApp-Image-2021-01-28-at-12.21.27-400x533.jpeg 400w, https:\/\/envol-vert.org\/wp-content\/uploads\/2021\/03\/WhatsApp-Image-2021-01-28-at-12.21.27-600x800.jpeg 600w, https:\/\/envol-vert.org\/wp-content\/uploads\/2021\/03\/WhatsApp-Image-2021-01-28-at-12.21.27.jpeg 768w\" sizes=\"(max-width: 909px) 100vw, 600px\" \/><\/span><\/div><\/div><div class=\"fusion-clearfix\"><\/div><\/div><\/div><\/div><\/div>\n","protected":false},"excerpt":{"rendered":"","protected":false},"featured_media":36951,"template":"","fils_d_actu_categ":[1513],"class_list":["post-36954","fil_d_actu","type-fil_d_actu","status-publish","has-post-thumbnail","hentry","fils_d_actu_categ-au-pre-de-mes-arbres-tarn-en"],"yoast_head":"<!-- This site is optimized with the Yoast SEO plugin v28.3 - https:\/\/yoast.com\/product\/yoast-seo-wordpress\/ -->\n<title>De la jeunesse en renfort - Envol Vert<\/title>\n<meta name=\"robots\" content=\"index, follow, max-snippet:-1, max-image-preview:large, max-video-preview:-1\" \/>\n<link rel=\"canonical\" href=\"https:\/\/envol-vert.org\/en\/fd\/de-la-jeunesse-en-renfort\/\" \/>\n<meta property=\"og:locale\" content=\"en_US\" \/>\n<meta property=\"og:type\" content=\"article\" \/>\n<meta property=\"og:title\" content=\"De la jeunesse en renfort - Envol Vert\" \/>\n<meta property=\"og:url\" content=\"https:\/\/envol-vert.org\/en\/fd\/de-la-jeunesse-en-renfort\/\" \/>\n<meta property=\"og:site_name\" content=\"Envol Vert\" \/>\n<meta property=\"article:publisher\" content=\"https:\/\/www.facebook.com\/EnvolVertFrance\/\" \/>\n<meta property=\"article:modified_time\" content=\"2021-03-15T12:53:57+00:00\" \/>\n<meta property=\"og:image\" content=\"https:\/\/envol-vert.org\/wp-content\/uploads\/2021\/03\/WhatsApp-Image-2020-12-17-at-10.48.20.jpeg\" \/>\n\t<meta property=\"og:image:width\" content=\"1600\" \/>\n\t<meta property=\"og:image:height\" content=\"1200\" \/>\n\t<meta property=\"og:image:type\" content=\"image\/jpeg\" \/>\n<meta name=\"twitter:card\" content=\"summary_large_image\" \/>\n<meta name=\"twitter:site\" content=\"@Envolvert\" \/>\n<meta name=\"twitter:label1\" content=\"Est. reading time\" \/>\n\t<meta name=\"twitter:data1\" content=\"4 minutes\" \/>\n<script type=\"application\/ld+json\" class=\"yoast-schema-graph\">{\"@context\":\"https:\\\/\\\/schema.org\",\"@graph\":[{\"@type\":\"WebPage\",\"@id\":\"https:\\\/\\\/envol-vert.org\\\/en\\\/fd\\\/de-la-jeunesse-en-renfort\\\/\",\"url\":\"https:\\\/\\\/envol-vert.org\\\/en\\\/fd\\\/de-la-jeunesse-en-renfort\\\/\",\"name\":\"De la jeunesse en renfort - Envol Vert\",\"isPartOf\":{\"@id\":\"https:\\\/\\\/envol-vert.org\\\/en\\\/#website\"},\"primaryImageOfPage\":{\"@id\":\"https:\\\/\\\/envol-vert.org\\\/en\\\/fd\\\/de-la-jeunesse-en-renfort\\\/#primaryimage\"},\"image\":{\"@id\":\"https:\\\/\\\/envol-vert.org\\\/en\\\/fd\\\/de-la-jeunesse-en-renfort\\\/#primaryimage\"},\"thumbnailUrl\":\"https:\\\/\\\/envol-vert.org\\\/wp-content\\\/uploads\\\/2021\\\/03\\\/WhatsApp-Image-2020-12-17-at-10.48.20.jpeg\",\"datePublished\":\"2020-12-28T12:49:28+00:00\",\"dateModified\":\"2021-03-15T12:53:57+00:00\",\"breadcrumb\":{\"@id\":\"https:\\\/\\\/envol-vert.org\\\/en\\\/fd\\\/de-la-jeunesse-en-renfort\\\/#breadcrumb\"},\"inLanguage\":\"en-US\",\"potentialAction\":[{\"@type\":\"ReadAction\",\"target\":[\"https:\\\/\\\/envol-vert.org\\\/en\\\/fd\\\/de-la-jeunesse-en-renfort\\\/\"]}]},{\"@type\":\"ImageObject\",\"inLanguage\":\"en-US\",\"@id\":\"https:\\\/\\\/envol-vert.org\\\/en\\\/fd\\\/de-la-jeunesse-en-renfort\\\/#primaryimage\",\"url\":\"https:\\\/\\\/envol-vert.org\\\/wp-content\\\/uploads\\\/2021\\\/03\\\/WhatsApp-Image-2020-12-17-at-10.48.20.jpeg\",\"contentUrl\":\"https:\\\/\\\/envol-vert.org\\\/wp-content\\\/uploads\\\/2021\\\/03\\\/WhatsApp-Image-2020-12-17-at-10.48.20.jpeg\",\"width\":1600,\"height\":1200},{\"@type\":\"BreadcrumbList\",\"@id\":\"https:\\\/\\\/envol-vert.org\\\/en\\\/fd\\\/de-la-jeunesse-en-renfort\\\/#breadcrumb\",\"itemListElement\":[{\"@type\":\"ListItem\",\"position\":1,\"name\":\"Accueil\",\"item\":\"https:\\\/\\\/envol-vert.org\\\/en\\\/\"},{\"@type\":\"ListItem\",\"position\":2,\"name\":\"De la jeunesse en renfort\"}]},{\"@type\":\"WebSite\",\"@id\":\"https:\\\/\\\/envol-vert.org\\\/en\\\/#website\",\"url\":\"https:\\\/\\\/envol-vert.org\\\/en\\\/\",\"name\":\"Envol Vert\",\"description\":\"La for\u00eat nous rend service, rendons le lui.\",\"publisher\":{\"@id\":\"https:\\\/\\\/envol-vert.org\\\/en\\\/#organization\"},\"potentialAction\":[{\"@type\":\"SearchAction\",\"target\":{\"@type\":\"EntryPoint\",\"urlTemplate\":\"https:\\\/\\\/envol-vert.org\\\/en\\\/?s={search_term_string}\"},\"query-input\":{\"@type\":\"PropertyValueSpecification\",\"valueRequired\":true,\"valueName\":\"search_term_string\"}}],\"inLanguage\":\"en-US\"},{\"@type\":\"Organization\",\"@id\":\"https:\\\/\\\/envol-vert.org\\\/en\\\/#organization\",\"name\":\"Envol Vert\",\"url\":\"https:\\\/\\\/envol-vert.org\\\/en\\\/\",\"logo\":{\"@type\":\"ImageObject\",\"inLanguage\":\"en-US\",\"@id\":\"https:\\\/\\\/envol-vert.org\\\/en\\\/#\\\/schema\\\/logo\\\/image\\\/\",\"url\":\"https:\\\/\\\/envol-vert.org\\\/wp-content\\\/uploads\\\/2021\\\/03\\\/Logo-icone-site.png\",\"contentUrl\":\"https:\\\/\\\/envol-vert.org\\\/wp-content\\\/uploads\\\/2021\\\/03\\\/Logo-icone-site.png\",\"width\":512,\"height\":512,\"caption\":\"Envol Vert\"},\"image\":{\"@id\":\"https:\\\/\\\/envol-vert.org\\\/en\\\/#\\\/schema\\\/logo\\\/image\\\/\"},\"sameAs\":[\"https:\\\/\\\/www.facebook.com\\\/EnvolVertFrance\\\/\",\"https:\\\/\\\/x.com\\\/Envolvert\",\"https:\\\/\\\/www.instagram.com\\\/envol_vert_france\\\/\",\"https:\\\/\\\/www.linkedin.com\\\/company\\\/envolvert\\\/\",\"https:\\\/\\\/www.youtube.com\\\/c\\\/EnvolVert\"]}]}<\/script>\n<!-- \/ Yoast SEO plugin. -->","yoast_head_json":{"title":"De la jeunesse en renfort - Envol Vert","robots":{"index":"index","follow":"follow","max-snippet":"max-snippet:-1","max-image-preview":"max-image-preview:large","max-video-preview":"max-video-preview:-1"},"canonical":"https:\/\/envol-vert.org\/en\/fd\/de-la-jeunesse-en-renfort\/","og_locale":"en_US","og_type":"article","og_title":"De la jeunesse en renfort - Envol Vert","og_url":"https:\/\/envol-vert.org\/en\/fd\/de-la-jeunesse-en-renfort\/","og_site_name":"Envol Vert","article_publisher":"https:\/\/www.facebook.com\/EnvolVertFrance\/","article_modified_time":"2021-03-15T12:53:57+00:00","og_image":[{"width":1600,"height":1200,"url":"https:\/\/envol-vert.org\/wp-content\/uploads\/2021\/03\/WhatsApp-Image-2020-12-17-at-10.48.20.jpeg","type":"image\/jpeg"}],"twitter_card":"summary_large_image","twitter_site":"@Envolvert","twitter_misc":{"Est. reading time":"4 minutes"},"schema":{"@context":"https:\/\/schema.org","@graph":[{"@type":"WebPage","@id":"https:\/\/envol-vert.org\/en\/fd\/de-la-jeunesse-en-renfort\/","url":"https:\/\/envol-vert.org\/en\/fd\/de-la-jeunesse-en-renfort\/","name":"De la jeunesse en renfort - Envol Vert","isPartOf":{"@id":"https:\/\/envol-vert.org\/en\/#website"},"primaryImageOfPage":{"@id":"https:\/\/envol-vert.org\/en\/fd\/de-la-jeunesse-en-renfort\/#primaryimage"},"image":{"@id":"https:\/\/envol-vert.org\/en\/fd\/de-la-jeunesse-en-renfort\/#primaryimage"},"thumbnailUrl":"https:\/\/envol-vert.org\/wp-content\/uploads\/2021\/03\/WhatsApp-Image-2020-12-17-at-10.48.20.jpeg","datePublished":"2020-12-28T12:49:28+00:00","dateModified":"2021-03-15T12:53:57+00:00","breadcrumb":{"@id":"https:\/\/envol-vert.org\/en\/fd\/de-la-jeunesse-en-renfort\/#breadcrumb"},"inLanguage":"en-US","potentialAction":[{"@type":"ReadAction","target":["https:\/\/envol-vert.org\/en\/fd\/de-la-jeunesse-en-renfort\/"]}]},{"@type":"ImageObject","inLanguage":"en-US","@id":"https:\/\/envol-vert.org\/en\/fd\/de-la-jeunesse-en-renfort\/#primaryimage","url":"https:\/\/envol-vert.org\/wp-content\/uploads\/2021\/03\/WhatsApp-Image-2020-12-17-at-10.48.20.jpeg","contentUrl":"https:\/\/envol-vert.org\/wp-content\/uploads\/2021\/03\/WhatsApp-Image-2020-12-17-at-10.48.20.jpeg","width":1600,"height":1200},{"@type":"BreadcrumbList","@id":"https:\/\/envol-vert.org\/en\/fd\/de-la-jeunesse-en-renfort\/#breadcrumb","itemListElement":[{"@type":"ListItem","position":1,"name":"Accueil","item":"https:\/\/envol-vert.org\/en\/"},{"@type":"ListItem","position":2,"name":"De la jeunesse en renfort"}]},{"@type":"WebSite","@id":"https:\/\/envol-vert.org\/en\/#website","url":"https:\/\/envol-vert.org\/en\/","name":"Envol Vert","description":"La for\u00eat nous rend service, rendons le lui.","publisher":{"@id":"https:\/\/envol-vert.org\/en\/#organization"},"potentialAction":[{"@type":"SearchAction","target":{"@type":"EntryPoint","urlTemplate":"https:\/\/envol-vert.org\/en\/?s={search_term_string}"},"query-input":{"@type":"PropertyValueSpecification","valueRequired":true,"valueName":"search_term_string"}}],"inLanguage":"en-US"},{"@type":"Organization","@id":"https:\/\/envol-vert.org\/en\/#organization","name":"Envol Vert","url":"https:\/\/envol-vert.org\/en\/","logo":{"@type":"ImageObject","inLanguage":"en-US","@id":"https:\/\/envol-vert.org\/en\/#\/schema\/logo\/image\/","url":"https:\/\/envol-vert.org\/wp-content\/uploads\/2021\/03\/Logo-icone-site.png","contentUrl":"https:\/\/envol-vert.org\/wp-content\/uploads\/2021\/03\/Logo-icone-site.png","width":512,"height":512,"caption":"Envol Vert"},"image":{"@id":"https:\/\/envol-vert.org\/en\/#\/schema\/logo\/image\/"},"sameAs":["https:\/\/www.facebook.com\/EnvolVertFrance\/","https:\/\/x.com\/Envolvert","https:\/\/www.instagram.com\/envol_vert_france\/","https:\/\/www.linkedin.com\/company\/envolvert\/","https:\/\/www.youtube.com\/c\/EnvolVert"]}]}},"_links":{"self":[{"href":"https:\/\/envol-vert.org\/en\/wp-json\/wp\/v2\/fil_d_actu\/36954","targetHints":{"allow":["GET"]}}],"collection":[{"href":"https:\/\/envol-vert.org\/en\/wp-json\/wp\/v2\/fil_d_actu"}],"about":[{"href":"https:\/\/envol-vert.org\/en\/wp-json\/wp\/v2\/types\/fil_d_actu"}],"version-history":[{"count":0,"href":"https:\/\/envol-vert.org\/en\/wp-json\/wp\/v2\/fil_d_actu\/36954\/revisions"}],"wp:featuredmedia":[{"embeddable":true,"href":"https:\/\/envol-vert.org\/en\/wp-json\/wp\/v2\/media\/36951"}],"wp:attachment":[{"href":"https:\/\/envol-vert.org\/en\/wp-json\/wp\/v2\/media?parent=36954"}],"wp:term":[{"taxonomy":"fils_d_actu_categ","embeddable":true,"href":"https:\/\/envol-vert.org\/en\/wp-json\/wp\/v2\/fils_d_actu_categ?post=36954"}],"curies":[{"name":"wp","href":"https:\/\/api.w.org\/{rel}","templated":true}]}}