{"id":36985,"date":"2021-01-16T00:29:20","date_gmt":"2021-01-15T23:29:20","guid":{"rendered":"https:\/\/bylandry.com\/envert-v2\/filactu\/un-accord-avec-lassociation-asotepros-pour-la-victoria\/"},"modified":"2021-03-16T00:40:58","modified_gmt":"2021-03-15T23:40:58","slug":"un-accord-avec-lassociation-asotepros-pour-la-victoria","status":"publish","type":"fil_d_actu","link":"https:\/\/envol-vert.org\/en\/fd\/un-accord-avec-lassociation-asotepros-pour-la-victoria\/","title":{"rendered":"Un accord avec l&#8217;Association Asotepros pour La Victoria"},"content":{"rendered":"<div class=\"fusion-fullwidth fullwidth-box fusion-builder-row-1 nonhundred-percent-fullwidth non-hundred-percent-height-scrolling\" style=\"--awb-border-radius-top-left:0px;--awb-border-radius-top-right:0px;--awb-border-radius-bottom-right:0px;--awb-border-radius-bottom-left:0px;--awb-flex-wrap:wrap;\" ><div class=\"fusion-builder-row fusion-row\"><div class=\"fusion-layout-column fusion_builder_column fusion-builder-column-0 fusion_builder_column_1_1 1_1 fusion-one-full fusion-column-first fusion-column-last\" style=\"--awb-bg-size:cover;--awb-margin-bottom:0px;\"><div class=\"fusion-column-wrapper fusion-flex-column-wrapper-legacy\"><div class=\"fusion-text fusion-text-1\"><p>Nous avons commenc\u00e9 l&#8217;ann\u00e9e avec la signature de l&#8217;accord de partenariat entre l&#8217;Association Asotepros de la Victoria et Envol Vert. La premi\u00e8re visite sur le terrain a \u00e9t\u00e9 effectu\u00e9e pour relancer les activit\u00e9s avec les familles du village Argentina Norte. Le projet comptera avec le soutien d&#8217;Asotepros et des \u00e9l\u00e8ves des 10e et 11e ann\u00e9es de l&#8217;\u00e9cole agricole de La Victoria dans le d\u00e9veloppement des activit\u00e9s de p\u00e9pini\u00e8re et de plantation dans les parcelles.<\/p>\n<\/div><div class=\"fusion-clearfix\"><\/div><\/div><\/div><\/div><\/div>\n","protected":false},"excerpt":{"rendered":"","protected":false},"featured_media":36982,"template":"","fils_d_actu_categ":[1652],"class_list":["post-36985","fil_d_actu","type-fil_d_actu","status-publish","has-post-thumbnail","hentry","fils_d_actu_categ-dry-forest-conservation-program"],"yoast_head":"<!-- This site is optimized with the Yoast SEO plugin v28.3 - https:\/\/yoast.com\/product\/yoast-seo-wordpress\/ -->\n<title>Un accord avec l&#039;Association Asotepros pour La Victoria - Envol Vert<\/title>\n<meta name=\"robots\" content=\"index, follow, max-snippet:-1, max-image-preview:large, max-video-preview:-1\" \/>\n<link rel=\"canonical\" href=\"https:\/\/envol-vert.org\/en\/fd\/un-accord-avec-lassociation-asotepros-pour-la-victoria\/\" \/>\n<meta property=\"og:locale\" content=\"en_US\" \/>\n<meta property=\"og:type\" content=\"article\" \/>\n<meta property=\"og:title\" content=\"Un accord avec l&#039;Association Asotepros pour La Victoria - Envol Vert\" \/>\n<meta property=\"og:url\" content=\"https:\/\/envol-vert.org\/en\/fd\/un-accord-avec-lassociation-asotepros-pour-la-victoria\/\" \/>\n<meta property=\"og:site_name\" content=\"Envol Vert\" \/>\n<meta property=\"article:publisher\" content=\"https:\/\/www.facebook.com\/EnvolVertFrance\/\" \/>\n<meta property=\"article:modified_time\" content=\"2021-03-15T23:40:58+00:00\" \/>\n<meta property=\"og:image\" content=\"https:\/\/envol-vert.org\/wp-content\/uploads\/2021\/03\/prog-FORET-SECHE_PERIJA.jpeg\" \/>\n\t<meta property=\"og:image:width\" content=\"1032\" \/>\n\t<meta property=\"og:image:height\" content=\"488\" \/>\n\t<meta property=\"og:image:type\" content=\"image\/jpeg\" \/>\n<meta name=\"twitter:card\" content=\"summary_large_image\" \/>\n<meta name=\"twitter:site\" content=\"@Envolvert\" \/>\n<meta name=\"twitter:label1\" content=\"Est. reading time\" \/>\n\t<meta name=\"twitter:data1\" content=\"1 minute\" \/>\n<script type=\"application\/ld+json\" class=\"yoast-schema-graph\">{\"@context\":\"https:\\\/\\\/schema.org\",\"@graph\":[{\"@type\":\"WebPage\",\"@id\":\"https:\\\/\\\/envol-vert.org\\\/en\\\/fd\\\/un-accord-avec-lassociation-asotepros-pour-la-victoria\\\/\",\"url\":\"https:\\\/\\\/envol-vert.org\\\/en\\\/fd\\\/un-accord-avec-lassociation-asotepros-pour-la-victoria\\\/\",\"name\":\"Un accord avec l'Association Asotepros pour La Victoria - Envol Vert\",\"isPartOf\":{\"@id\":\"https:\\\/\\\/envol-vert.org\\\/en\\\/#website\"},\"primaryImageOfPage\":{\"@id\":\"https:\\\/\\\/envol-vert.org\\\/en\\\/fd\\\/un-accord-avec-lassociation-asotepros-pour-la-victoria\\\/#primaryimage\"},\"image\":{\"@id\":\"https:\\\/\\\/envol-vert.org\\\/en\\\/fd\\\/un-accord-avec-lassociation-asotepros-pour-la-victoria\\\/#primaryimage\"},\"thumbnailUrl\":\"https:\\\/\\\/envol-vert.org\\\/wp-content\\\/uploads\\\/2021\\\/03\\\/prog-FORET-SECHE_PERIJA.jpeg\",\"datePublished\":\"2021-01-15T23:29:20+00:00\",\"dateModified\":\"2021-03-15T23:40:58+00:00\",\"breadcrumb\":{\"@id\":\"https:\\\/\\\/envol-vert.org\\\/en\\\/fd\\\/un-accord-avec-lassociation-asotepros-pour-la-victoria\\\/#breadcrumb\"},\"inLanguage\":\"en-US\",\"potentialAction\":[{\"@type\":\"ReadAction\",\"target\":[\"https:\\\/\\\/envol-vert.org\\\/en\\\/fd\\\/un-accord-avec-lassociation-asotepros-pour-la-victoria\\\/\"]}]},{\"@type\":\"ImageObject\",\"inLanguage\":\"en-US\",\"@id\":\"https:\\\/\\\/envol-vert.org\\\/en\\\/fd\\\/un-accord-avec-lassociation-asotepros-pour-la-victoria\\\/#primaryimage\",\"url\":\"https:\\\/\\\/envol-vert.org\\\/wp-content\\\/uploads\\\/2021\\\/03\\\/prog-FORET-SECHE_PERIJA.jpeg\",\"contentUrl\":\"https:\\\/\\\/envol-vert.org\\\/wp-content\\\/uploads\\\/2021\\\/03\\\/prog-FORET-SECHE_PERIJA.jpeg\",\"width\":1032,\"height\":488},{\"@type\":\"BreadcrumbList\",\"@id\":\"https:\\\/\\\/envol-vert.org\\\/en\\\/fd\\\/un-accord-avec-lassociation-asotepros-pour-la-victoria\\\/#breadcrumb\",\"itemListElement\":[{\"@type\":\"ListItem\",\"position\":1,\"name\":\"Accueil\",\"item\":\"https:\\\/\\\/envol-vert.org\\\/en\\\/\"},{\"@type\":\"ListItem\",\"position\":2,\"name\":\"Un accord avec l&rsquo;Association Asotepros pour La Victoria\"}]},{\"@type\":\"WebSite\",\"@id\":\"https:\\\/\\\/envol-vert.org\\\/en\\\/#website\",\"url\":\"https:\\\/\\\/envol-vert.org\\\/en\\\/\",\"name\":\"Envol Vert\",\"description\":\"La for\u00eat nous rend service, rendons le lui.\",\"publisher\":{\"@id\":\"https:\\\/\\\/envol-vert.org\\\/en\\\/#organization\"},\"potentialAction\":[{\"@type\":\"SearchAction\",\"target\":{\"@type\":\"EntryPoint\",\"urlTemplate\":\"https:\\\/\\\/envol-vert.org\\\/en\\\/?s={search_term_string}\"},\"query-input\":{\"@type\":\"PropertyValueSpecification\",\"valueRequired\":true,\"valueName\":\"search_term_string\"}}],\"inLanguage\":\"en-US\"},{\"@type\":\"Organization\",\"@id\":\"https:\\\/\\\/envol-vert.org\\\/en\\\/#organization\",\"name\":\"Envol Vert\",\"url\":\"https:\\\/\\\/envol-vert.org\\\/en\\\/\",\"logo\":{\"@type\":\"ImageObject\",\"inLanguage\":\"en-US\",\"@id\":\"https:\\\/\\\/envol-vert.org\\\/en\\\/#\\\/schema\\\/logo\\\/image\\\/\",\"url\":\"https:\\\/\\\/envol-vert.org\\\/wp-content\\\/uploads\\\/2021\\\/03\\\/Logo-icone-site.png\",\"contentUrl\":\"https:\\\/\\\/envol-vert.org\\\/wp-content\\\/uploads\\\/2021\\\/03\\\/Logo-icone-site.png\",\"width\":512,\"height\":512,\"caption\":\"Envol Vert\"},\"image\":{\"@id\":\"https:\\\/\\\/envol-vert.org\\\/en\\\/#\\\/schema\\\/logo\\\/image\\\/\"},\"sameAs\":[\"https:\\\/\\\/www.facebook.com\\\/EnvolVertFrance\\\/\",\"https:\\\/\\\/x.com\\\/Envolvert\",\"https:\\\/\\\/www.instagram.com\\\/envol_vert_france\\\/\",\"https:\\\/\\\/www.linkedin.com\\\/company\\\/envolvert\\\/\",\"https:\\\/\\\/www.youtube.com\\\/c\\\/EnvolVert\"]}]}<\/script>\n<!-- \/ Yoast SEO plugin. -->","yoast_head_json":{"title":"Un accord avec l'Association Asotepros pour La Victoria - Envol Vert","robots":{"index":"index","follow":"follow","max-snippet":"max-snippet:-1","max-image-preview":"max-image-preview:large","max-video-preview":"max-video-preview:-1"},"canonical":"https:\/\/envol-vert.org\/en\/fd\/un-accord-avec-lassociation-asotepros-pour-la-victoria\/","og_locale":"en_US","og_type":"article","og_title":"Un accord avec l'Association Asotepros pour La Victoria - Envol Vert","og_url":"https:\/\/envol-vert.org\/en\/fd\/un-accord-avec-lassociation-asotepros-pour-la-victoria\/","og_site_name":"Envol Vert","article_publisher":"https:\/\/www.facebook.com\/EnvolVertFrance\/","article_modified_time":"2021-03-15T23:40:58+00:00","og_image":[{"width":1032,"height":488,"url":"https:\/\/envol-vert.org\/wp-content\/uploads\/2021\/03\/prog-FORET-SECHE_PERIJA.jpeg","type":"image\/jpeg"}],"twitter_card":"summary_large_image","twitter_site":"@Envolvert","twitter_misc":{"Est. reading time":"1 minute"},"schema":{"@context":"https:\/\/schema.org","@graph":[{"@type":"WebPage","@id":"https:\/\/envol-vert.org\/en\/fd\/un-accord-avec-lassociation-asotepros-pour-la-victoria\/","url":"https:\/\/envol-vert.org\/en\/fd\/un-accord-avec-lassociation-asotepros-pour-la-victoria\/","name":"Un accord avec l'Association Asotepros pour La Victoria - Envol Vert","isPartOf":{"@id":"https:\/\/envol-vert.org\/en\/#website"},"primaryImageOfPage":{"@id":"https:\/\/envol-vert.org\/en\/fd\/un-accord-avec-lassociation-asotepros-pour-la-victoria\/#primaryimage"},"image":{"@id":"https:\/\/envol-vert.org\/en\/fd\/un-accord-avec-lassociation-asotepros-pour-la-victoria\/#primaryimage"},"thumbnailUrl":"https:\/\/envol-vert.org\/wp-content\/uploads\/2021\/03\/prog-FORET-SECHE_PERIJA.jpeg","datePublished":"2021-01-15T23:29:20+00:00","dateModified":"2021-03-15T23:40:58+00:00","breadcrumb":{"@id":"https:\/\/envol-vert.org\/en\/fd\/un-accord-avec-lassociation-asotepros-pour-la-victoria\/#breadcrumb"},"inLanguage":"en-US","potentialAction":[{"@type":"ReadAction","target":["https:\/\/envol-vert.org\/en\/fd\/un-accord-avec-lassociation-asotepros-pour-la-victoria\/"]}]},{"@type":"ImageObject","inLanguage":"en-US","@id":"https:\/\/envol-vert.org\/en\/fd\/un-accord-avec-lassociation-asotepros-pour-la-victoria\/#primaryimage","url":"https:\/\/envol-vert.org\/wp-content\/uploads\/2021\/03\/prog-FORET-SECHE_PERIJA.jpeg","contentUrl":"https:\/\/envol-vert.org\/wp-content\/uploads\/2021\/03\/prog-FORET-SECHE_PERIJA.jpeg","width":1032,"height":488},{"@type":"BreadcrumbList","@id":"https:\/\/envol-vert.org\/en\/fd\/un-accord-avec-lassociation-asotepros-pour-la-victoria\/#breadcrumb","itemListElement":[{"@type":"ListItem","position":1,"name":"Accueil","item":"https:\/\/envol-vert.org\/en\/"},{"@type":"ListItem","position":2,"name":"Un accord avec l&rsquo;Association Asotepros pour La Victoria"}]},{"@type":"WebSite","@id":"https:\/\/envol-vert.org\/en\/#website","url":"https:\/\/envol-vert.org\/en\/","name":"Envol Vert","description":"La for\u00eat nous rend service, rendons le lui.","publisher":{"@id":"https:\/\/envol-vert.org\/en\/#organization"},"potentialAction":[{"@type":"SearchAction","target":{"@type":"EntryPoint","urlTemplate":"https:\/\/envol-vert.org\/en\/?s={search_term_string}"},"query-input":{"@type":"PropertyValueSpecification","valueRequired":true,"valueName":"search_term_string"}}],"inLanguage":"en-US"},{"@type":"Organization","@id":"https:\/\/envol-vert.org\/en\/#organization","name":"Envol Vert","url":"https:\/\/envol-vert.org\/en\/","logo":{"@type":"ImageObject","inLanguage":"en-US","@id":"https:\/\/envol-vert.org\/en\/#\/schema\/logo\/image\/","url":"https:\/\/envol-vert.org\/wp-content\/uploads\/2021\/03\/Logo-icone-site.png","contentUrl":"https:\/\/envol-vert.org\/wp-content\/uploads\/2021\/03\/Logo-icone-site.png","width":512,"height":512,"caption":"Envol Vert"},"image":{"@id":"https:\/\/envol-vert.org\/en\/#\/schema\/logo\/image\/"},"sameAs":["https:\/\/www.facebook.com\/EnvolVertFrance\/","https:\/\/x.com\/Envolvert","https:\/\/www.instagram.com\/envol_vert_france\/","https:\/\/www.linkedin.com\/company\/envolvert\/","https:\/\/www.youtube.com\/c\/EnvolVert"]}]}},"_links":{"self":[{"href":"https:\/\/envol-vert.org\/en\/wp-json\/wp\/v2\/fil_d_actu\/36985","targetHints":{"allow":["GET"]}}],"collection":[{"href":"https:\/\/envol-vert.org\/en\/wp-json\/wp\/v2\/fil_d_actu"}],"about":[{"href":"https:\/\/envol-vert.org\/en\/wp-json\/wp\/v2\/types\/fil_d_actu"}],"version-history":[{"count":0,"href":"https:\/\/envol-vert.org\/en\/wp-json\/wp\/v2\/fil_d_actu\/36985\/revisions"}],"wp:featuredmedia":[{"embeddable":true,"href":"https:\/\/envol-vert.org\/en\/wp-json\/wp\/v2\/media\/36982"}],"wp:attachment":[{"href":"https:\/\/envol-vert.org\/en\/wp-json\/wp\/v2\/media?parent=36985"}],"wp:term":[{"taxonomy":"fils_d_actu_categ","embeddable":true,"href":"https:\/\/envol-vert.org\/en\/wp-json\/wp\/v2\/fils_d_actu_categ?post=36985"}],"curies":[{"name":"wp","href":"https:\/\/api.w.org\/{rel}","templated":true}]}}