{"id":52242,"date":"2024-12-31T23:17:53","date_gmt":"2024-12-31T21:17:53","guid":{"rendered":"https:\/\/envol-vert.org\/filactu\/closing-of-the-cafe-cacao-agroforestry-project-in-amazonia\/"},"modified":"2025-02-13T23:19:01","modified_gmt":"2025-02-13T21:19:01","slug":"closing-of-the-cafe-cacao-agroforestry-project-in-amazonia","status":"publish","type":"fil_d_actu","link":"https:\/\/envol-vert.org\/en\/fd\/closing-of-the-cafe-cacao-agroforestry-project-in-amazonia\/","title":{"rendered":"Closing of the Caf\u00e9 cacao agroforestry project in Amazonia"},"content":{"rendered":"<div class=\"fusion-fullwidth fullwidth-box fusion-builder-row-1 fusion-flex-container has-pattern-background has-mask-background nonhundred-percent-fullwidth non-hundred-percent-height-scrolling\" style=\"--awb-border-radius-top-left:0px;--awb-border-radius-top-right:0px;--awb-border-radius-bottom-right:0px;--awb-border-radius-bottom-left:0px;--awb-flex-wrap:wrap;\" ><div class=\"fusion-builder-row fusion-row fusion-flex-align-items-flex-start fusion-flex-content-wrap\" style=\"max-width:1040px;margin-left: calc(-4% \/ 2 );margin-right: calc(-4% \/ 2 );\"><div class=\"fusion-layout-column fusion_builder_column fusion-builder-column-0 fusion_builder_column_1_1 1_1 fusion-flex-column\" style=\"--awb-bg-size:cover;--awb-width-large:100%;--awb-margin-top-large:0px;--awb-spacing-right-large:1.92%;--awb-margin-bottom-large:20px;--awb-spacing-left-large:1.92%;--awb-width-medium:100%;--awb-order-medium:0;--awb-spacing-right-medium:1.92%;--awb-spacing-left-medium:1.92%;--awb-width-small:100%;--awb-order-small:0;--awb-spacing-right-small:1.92%;--awb-spacing-left-small:1.92%;\"><div class=\"fusion-column-wrapper fusion-column-has-shadow fusion-flex-justify-content-flex-start fusion-content-layout-column\"><div class=\"fusion-text fusion-text-1\"><p style=\"text-align: right;\"><span style=\"color: #999999;\"><em>SAF (agroforestry system) plot belonging to Mr Wiliam of the Uni\u00f3n Pucusani group:<br \/>\nhis coffee crops include native trees distributed by Envol Vert,<br \/>\nas well as fruit trees and flowering plants.<\/em><\/span><\/p>\n<\/div><div class=\"fusion-text fusion-text-2\"><p>The end of the year is a very important time for Envol Vert and for the communities. It is a time to remember all that has been done during the year, but it is also a time to share more social activities with the communities. It is also a special moment since <strong>the end of the agroforestry Caf\u00e9 Cacao project in the Amazon<\/strong>, after more than 5 years of presence in the areas of Pichanaki and Tingo Maria.<\/p>\n<p>Most of the producers who have been with the project for several years no longer have the space to plant more trees. We said goodbye to the Rio Blanco and Union Pucusani groups, two groups that managed to reforest their coffee plots, who participated in several internships and exchanges of experience, with a strong motivation and application in the group work. Envol Vert started working with both groups in 2020. These groups who haven&#8217;t developed economic alternatives, were able to discuss the results of the 4 to 5 years of Envol Vert&#8217;s support for sustainable agricultural and agroforestry practices and to close the group in a serene manner, looking back on all the lessons learned during these years. These years of work allowed the participants to develop better agricultural practices, strengthen their leadership skills, raise awareness of the gender perspective and improve their living conditions (food security, reforestation&#8230;). It is very nice to see the results of the project when you visit the participants&#8217; plots of land. <strong>Closing these groups means that they have reached the top level and are now examples to follow in the region!<\/strong> We will continue to keep in touch and perhaps in the future we will organise joint activities with other villages to exchange experiences.<\/p>\n<p>On the other hand, in the 12 groups that have economic alternatives, a review of the year was carried out to reflect the achievements, lessons learned and limits ; and the participants received a certificate of participation in the activities. This document that recapitulates the notions dealt with during the training and the activities of the year can be useful later on if farmers want to work in other projects, or with other public entities such as SERNANP (Servicio Nacional de \u00c1reas Naturales Protegidas por el Estado), INIA (Instituto Nacional de Investigaci\u00f3n Agron\u00f3mica), SERFOR (Servicio Nacional Forestal y de Fauna Silvestre). It is also a document that allows them to realise what they have learnt during the year, which is important to make them feel proud and eager to continue applying sustainable practices!<\/p>\n<p>The end of the year is also the time to share a <em>chocolatada<\/em> (hot chocolate and panneton, a Peruvian tradition in December) with all the groups and do recreational activities to strengthen our links with farmers.<\/p>\n<\/div><\/div><\/div><div class=\"fusion-layout-column fusion_builder_column fusion-builder-column-1 fusion_builder_column_1_3 1_3 fusion-flex-column\" style=\"--awb-bg-size:cover;--awb-width-large:33.333333333333%;--awb-margin-top-large:0px;--awb-spacing-right-large:5.76%;--awb-margin-bottom-large:20px;--awb-spacing-left-large:5.76%;--awb-width-medium:100%;--awb-order-medium:0;--awb-spacing-right-medium:1.92%;--awb-spacing-left-medium:1.92%;--awb-width-small:100%;--awb-order-small:0;--awb-spacing-right-small:1.92%;--awb-spacing-left-small:1.92%;\"><div class=\"fusion-column-wrapper fusion-column-has-shadow fusion-flex-justify-content-flex-start fusion-content-layout-column\"><div class=\"fusion-image-element \" style=\"text-align:center;--awb-caption-title-font-family:var(--h2_typography-font-family);--awb-caption-title-font-weight:var(--h2_typography-font-weight);--awb-caption-title-font-style:var(--h2_typography-font-style);--awb-caption-title-size:var(--h2_typography-font-size);--awb-caption-title-transform:var(--h2_typography-text-transform);--awb-caption-title-line-height:var(--h2_typography-line-height);--awb-caption-title-letter-spacing:var(--h2_typography-letter-spacing);\"><span class=\" fusion-imageframe imageframe-none imageframe-1 hover-type-none\"><img decoding=\"async\" title=\"2024-12-16 Pichanaki_ Union Pucusani Julio y paneton_(c) Alba EV_web\" src=\"https:\/\/envol-vert.org\/wp-content\/uploads\/2025\/02\/2024-12-16-Pichanaki_-Union-Pucusani-Julio-y-paneton_c-Alba-EV_web.jpg\" alt class=\"img-responsive wp-image-52225\"\/><\/span><\/div><div class=\"fusion-text fusion-text-3\"><p style=\"text-align: center;\"><em>Chocolatada with the Union Pucusani group<\/em><\/p>\n<\/div><\/div><\/div><div class=\"fusion-layout-column fusion_builder_column fusion-builder-column-2 fusion_builder_column_1_3 1_3 fusion-flex-column\" style=\"--awb-bg-size:cover;--awb-width-large:33.333333333333%;--awb-margin-top-large:0px;--awb-spacing-right-large:5.76%;--awb-margin-bottom-large:20px;--awb-spacing-left-large:5.76%;--awb-width-medium:100%;--awb-order-medium:0;--awb-spacing-right-medium:1.92%;--awb-spacing-left-medium:1.92%;--awb-width-small:100%;--awb-order-small:0;--awb-spacing-right-small:1.92%;--awb-spacing-left-small:1.92%;\"><div class=\"fusion-column-wrapper fusion-column-has-shadow fusion-flex-justify-content-flex-start fusion-content-layout-column\"><div class=\"fusion-image-element \" style=\"text-align:center;--awb-caption-title-font-family:var(--h2_typography-font-family);--awb-caption-title-font-weight:var(--h2_typography-font-weight);--awb-caption-title-font-style:var(--h2_typography-font-style);--awb-caption-title-size:var(--h2_typography-font-size);--awb-caption-title-transform:var(--h2_typography-text-transform);--awb-caption-title-line-height:var(--h2_typography-line-height);--awb-caption-title-letter-spacing:var(--h2_typography-letter-spacing);\"><span class=\" fusion-imageframe imageframe-none imageframe-2 hover-type-none\"><img decoding=\"async\" width=\"533\" height=\"400\" title=\"2024-11-30 Pichanaki_ Preparacion volley entre vecinos (La Nueva Florida)_(Alba) EV_web\" src=\"https:\/\/envol-vert.org\/wp-content\/uploads\/2025\/02\/2024-11-30-Pichanaki_-Preparacion-volley-entre-vecinos-La-Nueva-Florida_Alba-EV_web-533x400.jpg\" alt class=\"img-responsive wp-image-52231\" srcset=\"https:\/\/envol-vert.org\/wp-content\/uploads\/2025\/02\/2024-11-30-Pichanaki_-Preparacion-volley-entre-vecinos-La-Nueva-Florida_Alba-EV_web-200x150.jpg 200w, https:\/\/envol-vert.org\/wp-content\/uploads\/2025\/02\/2024-11-30-Pichanaki_-Preparacion-volley-entre-vecinos-La-Nueva-Florida_Alba-EV_web-400x300.jpg 400w, https:\/\/envol-vert.org\/wp-content\/uploads\/2025\/02\/2024-11-30-Pichanaki_-Preparacion-volley-entre-vecinos-La-Nueva-Florida_Alba-EV_web-600x450.jpg 600w, https:\/\/envol-vert.org\/wp-content\/uploads\/2025\/02\/2024-11-30-Pichanaki_-Preparacion-volley-entre-vecinos-La-Nueva-Florida_Alba-EV_web.jpg 800w\" sizes=\"(max-width: 1024px) 100vw, (max-width: 640px) 100vw, 400px\" \/><\/span><\/div><div class=\"fusion-text fusion-text-4\"><p style=\"text-align: center;\"><em>Preparing for volleyball at La Nueva Florida<\/em><\/p>\n<\/div><\/div><\/div><div class=\"fusion-layout-column fusion_builder_column fusion-builder-column-3 fusion_builder_column_1_3 1_3 fusion-flex-column\" style=\"--awb-bg-size:cover;--awb-width-large:33.333333333333%;--awb-margin-top-large:0px;--awb-spacing-right-large:5.76%;--awb-margin-bottom-large:20px;--awb-spacing-left-large:5.76%;--awb-width-medium:100%;--awb-order-medium:0;--awb-spacing-right-medium:1.92%;--awb-spacing-left-medium:1.92%;--awb-width-small:100%;--awb-order-small:0;--awb-spacing-right-small:1.92%;--awb-spacing-left-small:1.92%;\"><div class=\"fusion-column-wrapper fusion-column-has-shadow fusion-flex-justify-content-flex-start fusion-content-layout-column\"><div class=\"fusion-image-element \" style=\"text-align:center;--awb-caption-title-font-family:var(--h2_typography-font-family);--awb-caption-title-font-weight:var(--h2_typography-font-weight);--awb-caption-title-font-style:var(--h2_typography-font-style);--awb-caption-title-size:var(--h2_typography-font-size);--awb-caption-title-transform:var(--h2_typography-text-transform);--awb-caption-title-line-height:var(--h2_typography-line-height);--awb-caption-title-letter-spacing:var(--h2_typography-letter-spacing);\"><span class=\" fusion-imageframe imageframe-none imageframe-3 hover-type-none\"><img decoding=\"async\" width=\"533\" height=\"400\" title=\"2024-12-06 TM Compartir naviden\u0303o en Bella Alta (c) EV_web\" src=\"https:\/\/envol-vert.org\/wp-content\/uploads\/2025\/02\/2024-12-06-TM-Compartir-navideno-en-Bella-Alta-c-EV_web-533x400.jpg\" alt class=\"img-responsive wp-image-52228\" srcset=\"https:\/\/envol-vert.org\/wp-content\/uploads\/2025\/02\/2024-12-06-TM-Compartir-navideno-en-Bella-Alta-c-EV_web-200x150.jpg 200w, https:\/\/envol-vert.org\/wp-content\/uploads\/2025\/02\/2024-12-06-TM-Compartir-navideno-en-Bella-Alta-c-EV_web-400x300.jpg 400w, https:\/\/envol-vert.org\/wp-content\/uploads\/2025\/02\/2024-12-06-TM-Compartir-navideno-en-Bella-Alta-c-EV_web-600x450.jpg 600w, https:\/\/envol-vert.org\/wp-content\/uploads\/2025\/02\/2024-12-06-TM-Compartir-navideno-en-Bella-Alta-c-EV_web.jpg 800w\" sizes=\"(max-width: 1024px) 100vw, (max-width: 640px) 100vw, 400px\" \/><\/span><\/div><div class=\"fusion-text fusion-text-5\"><p style=\"text-align: center;\"><em>Chocolatada with the Bella Alta Group<\/em><\/p>\n<\/div><\/div><\/div><div class=\"fusion-layout-column fusion_builder_column fusion-builder-column-4 fusion_builder_column_1_3 1_3 fusion-flex-column\" style=\"--awb-bg-size:cover;--awb-width-large:33.333333333333%;--awb-margin-top-large:0px;--awb-spacing-right-large:5.76%;--awb-margin-bottom-large:20px;--awb-spacing-left-large:5.76%;--awb-width-medium:100%;--awb-order-medium:0;--awb-spacing-right-medium:1.92%;--awb-spacing-left-medium:1.92%;--awb-width-small:100%;--awb-order-small:0;--awb-spacing-right-small:1.92%;--awb-spacing-left-small:1.92%;\"><div class=\"fusion-column-wrapper fusion-column-has-shadow fusion-flex-justify-content-flex-start fusion-content-layout-column\"><div class=\"fusion-image-element \" style=\"text-align:center;--awb-caption-title-font-family:var(--h2_typography-font-family);--awb-caption-title-font-weight:var(--h2_typography-font-weight);--awb-caption-title-font-style:var(--h2_typography-font-style);--awb-caption-title-size:var(--h2_typography-font-size);--awb-caption-title-transform:var(--h2_typography-text-transform);--awb-caption-title-line-height:var(--h2_typography-line-height);--awb-caption-title-letter-spacing:var(--h2_typography-letter-spacing);\"><span class=\" fusion-imageframe imageframe-none imageframe-4 hover-type-none\"><img decoding=\"async\" width=\"533\" height=\"400\" title=\"2024-12-07 TM foto grupal en Pueblo Nuevo y certificados (c) EV_web\" src=\"https:\/\/envol-vert.org\/wp-content\/uploads\/2025\/02\/2024-12-07-TM-foto-grupal-en-Pueblo-Nuevo-y-certificados-c-EV_web-533x400.jpg\" alt class=\"img-responsive wp-image-52214\" srcset=\"https:\/\/envol-vert.org\/wp-content\/uploads\/2025\/02\/2024-12-07-TM-foto-grupal-en-Pueblo-Nuevo-y-certificados-c-EV_web-200x150.jpg 200w, https:\/\/envol-vert.org\/wp-content\/uploads\/2025\/02\/2024-12-07-TM-foto-grupal-en-Pueblo-Nuevo-y-certificados-c-EV_web-400x300.jpg 400w, https:\/\/envol-vert.org\/wp-content\/uploads\/2025\/02\/2024-12-07-TM-foto-grupal-en-Pueblo-Nuevo-y-certificados-c-EV_web-600x450.jpg 600w, https:\/\/envol-vert.org\/wp-content\/uploads\/2025\/02\/2024-12-07-TM-foto-grupal-en-Pueblo-Nuevo-y-certificados-c-EV_web.jpg 800w\" sizes=\"(max-width: 1024px) 100vw, (max-width: 640px) 100vw, 400px\" \/><\/span><\/div><div class=\"fusion-text fusion-text-6\"><p style=\"text-align: center;\"><em>Participants of the Pueblo Nuevo group with their 2024 certificates<\/em><\/p>\n<\/div><\/div><\/div><div class=\"fusion-layout-column fusion_builder_column fusion-builder-column-5 fusion_builder_column_1_3 1_3 fusion-flex-column\" style=\"--awb-bg-size:cover;--awb-width-large:33.333333333333%;--awb-margin-top-large:0px;--awb-spacing-right-large:5.76%;--awb-margin-bottom-large:20px;--awb-spacing-left-large:5.76%;--awb-width-medium:100%;--awb-order-medium:0;--awb-spacing-right-medium:1.92%;--awb-spacing-left-medium:1.92%;--awb-width-small:100%;--awb-order-small:0;--awb-spacing-right-small:1.92%;--awb-spacing-left-small:1.92%;\"><div class=\"fusion-column-wrapper fusion-column-has-shadow fusion-flex-justify-content-flex-start fusion-content-layout-column\"><div class=\"fusion-image-element \" style=\"text-align:center;--awb-caption-title-font-family:var(--h2_typography-font-family);--awb-caption-title-font-weight:var(--h2_typography-font-weight);--awb-caption-title-font-style:var(--h2_typography-font-style);--awb-caption-title-size:var(--h2_typography-font-size);--awb-caption-title-transform:var(--h2_typography-text-transform);--awb-caption-title-line-height:var(--h2_typography-line-height);--awb-caption-title-letter-spacing:var(--h2_typography-letter-spacing);\"><span class=\" fusion-imageframe imageframe-none imageframe-5 hover-type-none\"><img decoding=\"async\" width=\"533\" height=\"400\" title=\"certificado nov La Nueva Florida_web\" src=\"https:\/\/envol-vert.org\/wp-content\/uploads\/2025\/02\/certificado-nov-La-Nueva-Florida_web-533x400.jpg\" alt class=\"img-responsive wp-image-52211\" srcset=\"https:\/\/envol-vert.org\/wp-content\/uploads\/2025\/02\/certificado-nov-La-Nueva-Florida_web-200x150.jpg 200w, https:\/\/envol-vert.org\/wp-content\/uploads\/2025\/02\/certificado-nov-La-Nueva-Florida_web-400x300.jpg 400w, https:\/\/envol-vert.org\/wp-content\/uploads\/2025\/02\/certificado-nov-La-Nueva-Florida_web-600x450.jpg 600w, https:\/\/envol-vert.org\/wp-content\/uploads\/2025\/02\/certificado-nov-La-Nueva-Florida_web.jpg 800w\" sizes=\"(max-width: 1024px) 100vw, (max-width: 640px) 100vw, 400px\" \/><\/span><\/div><div class=\"fusion-text fusion-text-7\"><p style=\"text-align: center;\"><em>Residents of the new group \u2018La Nueva Florida\u2019 with their 2024 certificates<\/em><\/p>\n<\/div><\/div><\/div><div class=\"fusion-layout-column fusion_builder_column fusion-builder-column-6 fusion_builder_column_1_3 1_3 fusion-flex-column\" style=\"--awb-bg-size:cover;--awb-width-large:33.333333333333%;--awb-margin-top-large:0px;--awb-spacing-right-large:5.76%;--awb-margin-bottom-large:20px;--awb-spacing-left-large:5.76%;--awb-width-medium:100%;--awb-order-medium:0;--awb-spacing-right-medium:1.92%;--awb-spacing-left-medium:1.92%;--awb-width-small:100%;--awb-order-small:0;--awb-spacing-right-small:1.92%;--awb-spacing-left-small:1.92%;\"><div class=\"fusion-column-wrapper fusion-column-has-shadow fusion-flex-justify-content-flex-start fusion-content-layout-column\"><div class=\"fusion-image-element \" style=\"text-align:center;--awb-caption-title-font-family:var(--h2_typography-font-family);--awb-caption-title-font-weight:var(--h2_typography-font-weight);--awb-caption-title-font-style:var(--h2_typography-font-style);--awb-caption-title-size:var(--h2_typography-font-size);--awb-caption-title-transform:var(--h2_typography-text-transform);--awb-caption-title-line-height:var(--h2_typography-line-height);--awb-caption-title-letter-spacing:var(--h2_typography-letter-spacing);\"><span class=\" fusion-imageframe imageframe-none imageframe-6 hover-type-none\"><img decoding=\"async\" width=\"533\" height=\"400\" title=\"2024-12-16 Pichanaki_ Union Pucusani foto grupal del cierre_(c) Alba EV_web\" src=\"https:\/\/envol-vert.org\/wp-content\/uploads\/2025\/02\/2024-12-16-Pichanaki_-Union-Pucusani-foto-grupal-del-cierre_c-Alba-EV_web-533x400.jpg\" alt class=\"img-responsive wp-image-52219\" srcset=\"https:\/\/envol-vert.org\/wp-content\/uploads\/2025\/02\/2024-12-16-Pichanaki_-Union-Pucusani-foto-grupal-del-cierre_c-Alba-EV_web-200x150.jpg 200w, https:\/\/envol-vert.org\/wp-content\/uploads\/2025\/02\/2024-12-16-Pichanaki_-Union-Pucusani-foto-grupal-del-cierre_c-Alba-EV_web-400x300.jpg 400w, https:\/\/envol-vert.org\/wp-content\/uploads\/2025\/02\/2024-12-16-Pichanaki_-Union-Pucusani-foto-grupal-del-cierre_c-Alba-EV_web-600x450.jpg 600w, https:\/\/envol-vert.org\/wp-content\/uploads\/2025\/02\/2024-12-16-Pichanaki_-Union-Pucusani-foto-grupal-del-cierre_c-Alba-EV_web.jpg 800w\" sizes=\"(max-width: 1024px) 100vw, (max-width: 640px) 100vw, 400px\" \/><\/span><\/div><div class=\"fusion-text fusion-text-8\"><p style=\"text-align: center;\"><em>Group photo with the Uni\u00f3n Pucusani village<\/em><\/p>\n<\/div><\/div><\/div><div class=\"fusion-layout-column fusion_builder_column fusion-builder-column-7 fusion_builder_column_1_1 1_1 fusion-flex-column\" style=\"--awb-bg-size:cover;--awb-width-large:100%;--awb-margin-top-large:0px;--awb-spacing-right-large:1.92%;--awb-margin-bottom-large:20px;--awb-spacing-left-large:1.92%;--awb-width-medium:100%;--awb-order-medium:0;--awb-spacing-right-medium:1.92%;--awb-spacing-left-medium:1.92%;--awb-width-small:100%;--awb-order-small:0;--awb-spacing-right-small:1.92%;--awb-spacing-left-small:1.92%;\"><div class=\"fusion-column-wrapper fusion-column-has-shadow fusion-flex-justify-content-flex-start fusion-content-layout-column\"><div class=\"fusion-text fusion-text-9\"><p><span style=\"font-weight: 400;\">We are coming in 2025 with a new project, in continuity with the Caf\u00e9 Cacao agroforestry project, with a focus on community conservation of forests and biodiversity. The economic alternatives will also be continuing in order to strengthen farmers&#8217; capacities to be autonomous in the sale of economic alternatives. <\/span><\/p>\n<\/div><\/div><\/div><\/div><\/div>\n","protected":false},"excerpt":{"rendered":"","protected":false},"featured_media":52222,"template":"","fils_d_actu_categ":[1391,1655],"class_list":["post-52242","fil_d_actu","type-fil_d_actu","status-publish","has-post-thumbnail","hentry","fils_d_actu_categ-coffee-cacao-agroforestry-program","fils_d_actu_categ-news"],"_links":{"self":[{"href":"https:\/\/envol-vert.org\/en\/wp-json\/wp\/v2\/fil_d_actu\/52242","targetHints":{"allow":["GET"]}}],"collection":[{"href":"https:\/\/envol-vert.org\/en\/wp-json\/wp\/v2\/fil_d_actu"}],"about":[{"href":"https:\/\/envol-vert.org\/en\/wp-json\/wp\/v2\/types\/fil_d_actu"}],"version-history":[{"count":0,"href":"https:\/\/envol-vert.org\/en\/wp-json\/wp\/v2\/fil_d_actu\/52242\/revisions"}],"wp:featuredmedia":[{"embeddable":true,"href":"https:\/\/envol-vert.org\/en\/wp-json\/wp\/v2\/media\/52222"}],"wp:attachment":[{"href":"https:\/\/envol-vert.org\/en\/wp-json\/wp\/v2\/media?parent=52242"}],"wp:term":[{"taxonomy":"fils_d_actu_categ","embeddable":true,"href":"https:\/\/envol-vert.org\/en\/wp-json\/wp\/v2\/fils_d_actu_categ?post=52242"}],"curies":[{"name":"wp","href":"https:\/\/api.w.org\/{rel}","templated":true}]}}