{"id":31501,"date":"2020-04-05T11:20:35","date_gmt":"2020-04-05T10:20:35","guid":{"rendered":"https:\/\/bylandry.com\/envert-v2\/no-clasificado\/2020\/04\/colombia-transici%c3%b3n-tiempos-de-coronavirus\/"},"modified":"2021-01-01T12:52:00","modified_gmt":"2021-01-01T11:52:00","slug":"colombia-transici%c3%b3n-tiempos-de-coronavirus","status":"publish","type":"fil_d_actu","link":"https:\/\/envol-vert.org\/es\/act\/colombia-transici%c3%b3n-tiempos-de-coronavirus\/","title":{"rendered":"Colombia : Transici\u00f3n en tiempos de coronavirus"},"content":{"rendered":"<p>&nbsp;<\/p>\n<p align=\"JUSTIFY\"><em><span lang=\"es-ES\">\u00a1En los proyectos de Envol Vert tambi\u00e9n, el coronavirus ha llegado a perturbarlo todo! En Rio Jerez, el proyecto se organiz\u00f3 para limitar el impacto y dejar pasar la crisis.<\/span><\/em><\/p>\n<p align=\"JUSTIFY\"><span lang=\"es-ES\">En Marzo, los equipos de los distintos viveros continuaban su trabajo, prepar\u00e1ndose especialmente para la temporada de lluvias, una \u00e9poca de siembra muy intensa: est\u00e1bamos llenando las bolsas con tierra para sembrar semillas, regando las pl\u00e1ntulas y los \u00e1rboles peque\u00f1os, monitoreando parcelas, preparando fertilizantes org\u00e1nicos, fortaleciendo los sistemas de riego, preparando un huerto&#8230; <\/span><\/p>\n<p align=\"JUSTIFY\"><span lang=\"es-ES\">Con la llegada de la epidemia y las medidas del gobierno, tuvimos que organizarnos en pocos d\u00edas. El traslado del voluntario, la distribuci\u00f3n de objetos, la continuaci\u00f3n del proyecto&#8230; El trabajo agr\u00edcola no puede detenerse por completo, pero todo est\u00e1 como en descanso, esperando que pase la crisis. <\/span><\/p>\n<p align=\"JUSTIFY\"><span lang=\"es-ES\">\u00a1El seguimiento contin\u00faa de forma remota, una prueba a gran escala de lo que se podr\u00e1 hacer en unos pocos meses, al final del proyecto!<\/span><\/p>\n<p align=\"JUSTIFY\"><a href=\"http:\/\/envol-vert.org\/wp-content\/uploads\/2018\/10\/mars-2-e1586080383952.jpg\"><img decoding=\"async\" class=\"aligncenter wp-image-27371 size-large\" src=\"http:\/\/envol-vert.org\/wp-content\/uploads\/2018\/10\/mars-2-e1586080383952-1024x768.jpg\" alt=\"traslado por coronavirus\" width=\"648\" height=\"486\" \/><\/a><\/p>\n","protected":false},"excerpt":{"rendered":"<p>&nbsp; \u00a1En los proyectos de Envol Vert tambi\u00e9n, el coronavirus  [&#8230;]<\/p>\n","protected":false},"featured_media":0,"template":"","fils_d_actu_categ":[1656,1653],"class_list":["post-31501","fil_d_actu","type-fil_d_actu","status-publish","hentry","fils_d_actu_categ-actualidades-generales","fils_d_actu_categ-programa-de-preservacion-de-los-bosques-secos"],"_links":{"self":[{"href":"https:\/\/envol-vert.org\/es\/wp-json\/wp\/v2\/fil_d_actu\/31501","targetHints":{"allow":["GET"]}}],"collection":[{"href":"https:\/\/envol-vert.org\/es\/wp-json\/wp\/v2\/fil_d_actu"}],"about":[{"href":"https:\/\/envol-vert.org\/es\/wp-json\/wp\/v2\/types\/fil_d_actu"}],"version-history":[{"count":0,"href":"https:\/\/envol-vert.org\/es\/wp-json\/wp\/v2\/fil_d_actu\/31501\/revisions"}],"wp:attachment":[{"href":"https:\/\/envol-vert.org\/es\/wp-json\/wp\/v2\/media?parent=31501"}],"wp:term":[{"taxonomy":"fils_d_actu_categ","embeddable":true,"href":"https:\/\/envol-vert.org\/es\/wp-json\/wp\/v2\/fils_d_actu_categ?post=31501"}],"curies":[{"name":"wp","href":"https:\/\/api.w.org\/{rel}","templated":true}]}}