{"id":32254,"date":"2020-06-21T00:25:41","date_gmt":"2020-06-20T23:25:41","guid":{"rendered":"https:\/\/bylandry.com\/envert-v2\/?post_type=fil_d_actu&#038;p=32254"},"modified":"2020-11-21T00:32:03","modified_gmt":"2020-11-20T23:32:03","slug":"tres-viveros-para-la-proteccion-de-arboles-amenazados","status":"publish","type":"fil_d_actu","link":"https:\/\/envol-vert.org\/es\/act\/tres-viveros-para-la-proteccion-de-arboles-amenazados\/","title":{"rendered":"Tres viveros para la protecci\u00f3n de \u00e1rboles amenazados."},"content":{"rendered":"<h3><\/h3>\n<p><a href=\"http:\/\/envol-vert.org\/wp-content\/uploads\/2020\/07\/0561_DSC07186-800x600.jpg\"><img decoding=\"async\" class=\" wp-image-28395 alignleft\" src=\"http:\/\/envol-vert.org\/wp-content\/uploads\/2020\/07\/0561_DSC07186-800x600.jpg\" alt=\"\" width=\"293\" height=\"438\" \/><\/a><\/p>\n<p>Este mes, todo el equipo de Concesi\u00f3n se moviliz\u00f3 para recuperar semillas de \u00e1rboles en peligro de extinci\u00f3n. En 2020, se est\u00e1 llevando a cabo un importante programa transversal en Per\u00fa gracias al apoyo del Fondo Franklinia para la protecci\u00f3n y restauraci\u00f3n de 5 especies en peligro de extinci\u00f3n en todos nuestros proyectos en el territorio nacional.<\/p>\n<p>En la concesi\u00f3n, la cumala (<em>Virola surinamensis<\/em>), el cedro (<em>Cedrela odorata<\/em>) y la caoba (<em>Swietenia macrophylla<\/em>) recibir\u00e1n especial atenci\u00f3n. Actualmente se han establecido tres viveros para apoyar el crecimiento de las pl\u00e1ntulas que reforestar\u00e1n ubicaciones estrat\u00e9gicas dentro de las comunidades. Una acci\u00f3n dirigida no solo a restaurar estas especies en \u00e1reas degradadas sino tambi\u00e9n a crear conciencia entre las 4 comunidades que viven alrededor de la concesi\u00f3n. El entusiasmo de los equipos por este programa ya ha permitido expandirse y ha integrado r\u00e1pidamente nuevas especies igualmente en peligro de extinci\u00f3n como \u00abshihuahuaco\u00bb (<em>Dipteryx micrantha<\/em>) \u00a0y \u00abquinilla\u00bb (<em>Manilkara bidentata<\/em>). Dos especies con valores culturales particularmente fuertes para las comunidades.<\/p>\n<p>Las plantaciones se llevar\u00e1n a cabo a fines de a\u00f1o en el momento de la temporada de lluvias, las fotos de los viveros a\u00fan no nos han llegado desde el campo, pero las compartiremos con usted tan pronto como las recibamos.<\/p>\n","protected":false},"excerpt":{"rendered":"<p>Este mes, todo el equipo de Concesi\u00f3n se moviliz\u00f3 para  [&#8230;]<\/p>\n","protected":false},"featured_media":0,"template":"","fils_d_actu_categ":[1390],"class_list":["post-32254","fil_d_actu","type-fil_d_actu","status-publish","hentry","fils_d_actu_categ-yanayacu-maquia-peru"],"_links":{"self":[{"href":"https:\/\/envol-vert.org\/es\/wp-json\/wp\/v2\/fil_d_actu\/32254","targetHints":{"allow":["GET"]}}],"collection":[{"href":"https:\/\/envol-vert.org\/es\/wp-json\/wp\/v2\/fil_d_actu"}],"about":[{"href":"https:\/\/envol-vert.org\/es\/wp-json\/wp\/v2\/types\/fil_d_actu"}],"version-history":[{"count":0,"href":"https:\/\/envol-vert.org\/es\/wp-json\/wp\/v2\/fil_d_actu\/32254\/revisions"}],"wp:attachment":[{"href":"https:\/\/envol-vert.org\/es\/wp-json\/wp\/v2\/media?parent=32254"}],"wp:term":[{"taxonomy":"fils_d_actu_categ","embeddable":true,"href":"https:\/\/envol-vert.org\/es\/wp-json\/wp\/v2\/fils_d_actu_categ?post=32254"}],"curies":[{"name":"wp","href":"https:\/\/api.w.org\/{rel}","templated":true}]}}