{"id":32260,"date":"2019-12-21T00:44:36","date_gmt":"2019-12-20T23:44:36","guid":{"rendered":"https:\/\/bylandry.com\/envert-v2\/?post_type=fil_d_actu&#038;p=32260"},"modified":"2020-11-21T00:45:09","modified_gmt":"2020-11-20T23:45:09","slug":"la-temporada-de-lluvias-anuncia-el-regreso-de-los-madereros","status":"publish","type":"fil_d_actu","link":"https:\/\/envol-vert.org\/es\/act\/la-temporada-de-lluvias-anuncia-el-regreso-de-los-madereros\/","title":{"rendered":"La temporada de lluvias anuncia el regreso de los madereros"},"content":{"rendered":"<p>El fin de a\u00f1o sigue siendo delicado para la concesi\u00f3n Yanayacu Maquia. Con el inicio de la temporada <a href=\"http:\/\/envol-vert.org\/wp-content\/uploads\/2020\/01\/CCYM-Intervention3_DEC2019@I.ISUIZA.jpeg\"><img decoding=\"async\" class=\" wp-image-26609 alignright\" src=\"http:\/\/envol-vert.org\/wp-content\/uploads\/2020\/01\/CCYM-Intervention3_DEC2019@I.ISUIZA-225x300.jpeg\" alt=\"\" width=\"220\" height=\"294\" \/><\/a>de lluvias, las aguas suben y las inundaciones hacen que sea m\u00e1s f\u00e1cil llegar a las zonas m\u00e1s remotas. Este es un per\u00edodo particularmente esperado por los madereros que aprovechan esta temporada para detectar \u00e1rboles majestuosos para la tala ilegal.<\/p>\n<p>Afortunadamente para la concesi\u00f3n, el equipo de guardaparques garantiza la protecci\u00f3n de esta \u00e1rea de biodiversidad excepcional todos los d\u00edas. Trabajo dif\u00edcil, incluso peligroso en algunos casos.<\/p>\n<p>Al final del a\u00f1o, se necesitaron no menos de 4 intervenciones para desalojar a un n\u00famero cada vez mayor de cazadores furtivos &#8230; fuertemente la estaci\u00f3n seca que solo est\u00e1 programada para fines de abril pr\u00f3ximo.<\/p>\n<p>\u00ab<em>\u00a0<strong>D\u00eda 19<\/strong>\u00a0: Ivan se reporta. Julian sale de su puesto de control del r\u00edo Yanayacu para ir avisar a Ivan que escucha ruido de motosierra del puerto de Romayna siguiendo la quebrada, al lado izquierdo. Ivan va al d\u00eda siguiente con 4 personas y encuentran 4 personas, 1 canoa construida de la especie catahua de 10 metros de largo m\u00e1s 2 \u00e1robles derribados. Ivan se identifica, destruye los 2 \u00e1rboles derribados que estaban destinados para hacer 2 canoas m\u00e1s, quiere recuperar la canoa y los infractores no se dejan, se ponen agresivos, desalojan el lugar llevando la canoa. Es una canoa que ha sido construida a base de tablas, lo que se llama \u00ab\u00a0enfalcado\u00a0<\/em>\u00bb, su construcci\u00f3n es r\u00e1pida. \u00bb Extracto del Diario de actividades de Lotty Morey<\/p>\n<p>&nbsp;<\/p>\n<p><a href=\"http:\/\/envol-vert.org\/wp-content\/uploads\/2020\/01\/CCYM-Intervention2_DEC2019@I.ISUIZA.jpeg\"><img decoding=\"async\" class=\"alignnone wp-image-26608\" src=\"http:\/\/envol-vert.org\/wp-content\/uploads\/2020\/01\/CCYM-Intervention2_DEC2019@I.ISUIZA-225x300.jpeg\" alt=\"\" width=\"308\" height=\"411\" \/><\/a> <a href=\"http:\/\/envol-vert.org\/wp-content\/uploads\/2020\/01\/CCYM-Intervention_DEC2019@I.ISUIZA.jpeg\"><img decoding=\"async\" class=\" wp-image-26607 alignright\" src=\"http:\/\/envol-vert.org\/wp-content\/uploads\/2020\/01\/CCYM-Intervention_DEC2019@I.ISUIZA-225x300.jpeg\" alt=\"\" width=\"306\" height=\"408\" \/><\/a><\/p>\n<h4><\/h4>\n","protected":false},"excerpt":{"rendered":"<p>El fin de a\u00f1o sigue siendo delicado para la concesi\u00f3n  [&#8230;]<\/p>\n","protected":false},"featured_media":26489,"template":"","fils_d_actu_categ":[1390],"class_list":["post-32260","fil_d_actu","type-fil_d_actu","status-publish","has-post-thumbnail","hentry","fils_d_actu_categ-yanayacu-maquia-peru"],"yoast_head":"<!-- This site is optimized with the Yoast SEO plugin v28.3 - https:\/\/yoast.com\/product\/yoast-seo-wordpress\/ -->\n<title>La temporada de lluvias anuncia el regreso de los madereros - Envol Vert<\/title>\n<meta name=\"robots\" content=\"index, follow, max-snippet:-1, max-image-preview:large, max-video-preview:-1\" \/>\n<link rel=\"canonical\" href=\"https:\/\/envol-vert.org\/es\/act\/la-temporada-de-lluvias-anuncia-el-regreso-de-los-madereros\/\" \/>\n<meta property=\"og:locale\" content=\"es_ES\" \/>\n<meta property=\"og:type\" content=\"article\" \/>\n<meta property=\"og:title\" content=\"La temporada de lluvias anuncia el regreso de los madereros - Envol Vert\" \/>\n<meta property=\"og:description\" content=\"El fin de a\u00f1o sigue siendo delicado para la concesi\u00f3n [...]\" \/>\n<meta property=\"og:url\" content=\"https:\/\/envol-vert.org\/es\/act\/la-temporada-de-lluvias-anuncia-el-regreso-de-los-madereros\/\" \/>\n<meta property=\"og:site_name\" content=\"Envol Vert\" \/>\n<meta property=\"article:publisher\" content=\"https:\/\/www.facebook.com\/EnvolVertFrance\/\" \/>\n<meta property=\"article:modified_time\" content=\"2020-11-20T23:45:09+00:00\" \/>\n<meta property=\"og:image\" content=\"https:\/\/envol-vert.org\/wp-content\/uploads\/2019\/12\/POP-LOCALEECOTOURfillette\u00a9L.Durant.jpg\" \/>\n\t<meta property=\"og:image:width\" content=\"1300\" \/>\n\t<meta property=\"og:image:height\" content=\"867\" \/>\n\t<meta property=\"og:image:type\" content=\"image\/jpeg\" \/>\n<meta name=\"twitter:card\" content=\"summary_large_image\" \/>\n<meta name=\"twitter:site\" content=\"@Envolvert\" \/>\n<meta name=\"twitter:label1\" content=\"Tiempo de lectura\" \/>\n\t<meta name=\"twitter:data1\" content=\"1 minute\" \/>\n<script type=\"application\/ld+json\" class=\"yoast-schema-graph\">{\"@context\":\"https:\\\/\\\/schema.org\",\"@graph\":[{\"@type\":\"WebPage\",\"@id\":\"https:\\\/\\\/envol-vert.org\\\/es\\\/act\\\/la-temporada-de-lluvias-anuncia-el-regreso-de-los-madereros\\\/\",\"url\":\"https:\\\/\\\/envol-vert.org\\\/es\\\/act\\\/la-temporada-de-lluvias-anuncia-el-regreso-de-los-madereros\\\/\",\"name\":\"La temporada de lluvias anuncia el regreso de los madereros - Envol Vert\",\"isPartOf\":{\"@id\":\"https:\\\/\\\/envol-vert.org\\\/es\\\/#website\"},\"primaryImageOfPage\":{\"@id\":\"https:\\\/\\\/envol-vert.org\\\/es\\\/act\\\/la-temporada-de-lluvias-anuncia-el-regreso-de-los-madereros\\\/#primaryimage\"},\"image\":{\"@id\":\"https:\\\/\\\/envol-vert.org\\\/es\\\/act\\\/la-temporada-de-lluvias-anuncia-el-regreso-de-los-madereros\\\/#primaryimage\"},\"thumbnailUrl\":\"https:\\\/\\\/envol-vert.org\\\/wp-content\\\/uploads\\\/2019\\\/12\\\/POP-LOCALEECOTOURfillette\u00a9L.Durant.jpg\",\"datePublished\":\"2019-12-20T23:44:36+00:00\",\"dateModified\":\"2020-11-20T23:45:09+00:00\",\"breadcrumb\":{\"@id\":\"https:\\\/\\\/envol-vert.org\\\/es\\\/act\\\/la-temporada-de-lluvias-anuncia-el-regreso-de-los-madereros\\\/#breadcrumb\"},\"inLanguage\":\"es-ES\",\"potentialAction\":[{\"@type\":\"ReadAction\",\"target\":[\"https:\\\/\\\/envol-vert.org\\\/es\\\/act\\\/la-temporada-de-lluvias-anuncia-el-regreso-de-los-madereros\\\/\"]}]},{\"@type\":\"ImageObject\",\"inLanguage\":\"es-ES\",\"@id\":\"https:\\\/\\\/envol-vert.org\\\/es\\\/act\\\/la-temporada-de-lluvias-anuncia-el-regreso-de-los-madereros\\\/#primaryimage\",\"url\":\"https:\\\/\\\/envol-vert.org\\\/wp-content\\\/uploads\\\/2019\\\/12\\\/POP-LOCALEECOTOURfillette\u00a9L.Durant.jpg\",\"contentUrl\":\"https:\\\/\\\/envol-vert.org\\\/wp-content\\\/uploads\\\/2019\\\/12\\\/POP-LOCALEECOTOURfillette\u00a9L.Durant.jpg\",\"width\":1300,\"height\":867},{\"@type\":\"BreadcrumbList\",\"@id\":\"https:\\\/\\\/envol-vert.org\\\/es\\\/act\\\/la-temporada-de-lluvias-anuncia-el-regreso-de-los-madereros\\\/#breadcrumb\",\"itemListElement\":[{\"@type\":\"ListItem\",\"position\":1,\"name\":\"Accueil\",\"item\":\"https:\\\/\\\/envol-vert.org\\\/es\\\/\"},{\"@type\":\"ListItem\",\"position\":2,\"name\":\"La temporada de lluvias anuncia el regreso de los madereros\"}]},{\"@type\":\"WebSite\",\"@id\":\"https:\\\/\\\/envol-vert.org\\\/es\\\/#website\",\"url\":\"https:\\\/\\\/envol-vert.org\\\/es\\\/\",\"name\":\"Envol Vert\",\"description\":\"La for\u00eat nous rend service, rendons le lui.\",\"publisher\":{\"@id\":\"https:\\\/\\\/envol-vert.org\\\/es\\\/#organization\"},\"potentialAction\":[{\"@type\":\"SearchAction\",\"target\":{\"@type\":\"EntryPoint\",\"urlTemplate\":\"https:\\\/\\\/envol-vert.org\\\/es\\\/?s={search_term_string}\"},\"query-input\":{\"@type\":\"PropertyValueSpecification\",\"valueRequired\":true,\"valueName\":\"search_term_string\"}}],\"inLanguage\":\"es-ES\"},{\"@type\":\"Organization\",\"@id\":\"https:\\\/\\\/envol-vert.org\\\/es\\\/#organization\",\"name\":\"Envol Vert\",\"url\":\"https:\\\/\\\/envol-vert.org\\\/es\\\/\",\"logo\":{\"@type\":\"ImageObject\",\"inLanguage\":\"es-ES\",\"@id\":\"https:\\\/\\\/envol-vert.org\\\/es\\\/#\\\/schema\\\/logo\\\/image\\\/\",\"url\":\"https:\\\/\\\/envol-vert.org\\\/wp-content\\\/uploads\\\/2021\\\/03\\\/Logo-icone-site.png\",\"contentUrl\":\"https:\\\/\\\/envol-vert.org\\\/wp-content\\\/uploads\\\/2021\\\/03\\\/Logo-icone-site.png\",\"width\":512,\"height\":512,\"caption\":\"Envol Vert\"},\"image\":{\"@id\":\"https:\\\/\\\/envol-vert.org\\\/es\\\/#\\\/schema\\\/logo\\\/image\\\/\"},\"sameAs\":[\"https:\\\/\\\/www.facebook.com\\\/EnvolVertFrance\\\/\",\"https:\\\/\\\/x.com\\\/Envolvert\",\"https:\\\/\\\/www.instagram.com\\\/envol_vert_france\\\/\",\"https:\\\/\\\/www.linkedin.com\\\/company\\\/envolvert\\\/\",\"https:\\\/\\\/www.youtube.com\\\/c\\\/EnvolVert\"]}]}<\/script>\n<!-- \/ Yoast SEO plugin. -->","yoast_head_json":{"title":"La temporada de lluvias anuncia el regreso de los madereros - Envol Vert","robots":{"index":"index","follow":"follow","max-snippet":"max-snippet:-1","max-image-preview":"max-image-preview:large","max-video-preview":"max-video-preview:-1"},"canonical":"https:\/\/envol-vert.org\/es\/act\/la-temporada-de-lluvias-anuncia-el-regreso-de-los-madereros\/","og_locale":"es_ES","og_type":"article","og_title":"La temporada de lluvias anuncia el regreso de los madereros - Envol Vert","og_description":"El fin de a\u00f1o sigue siendo delicado para la concesi\u00f3n [...]","og_url":"https:\/\/envol-vert.org\/es\/act\/la-temporada-de-lluvias-anuncia-el-regreso-de-los-madereros\/","og_site_name":"Envol Vert","article_publisher":"https:\/\/www.facebook.com\/EnvolVertFrance\/","article_modified_time":"2020-11-20T23:45:09+00:00","og_image":[{"width":1300,"height":867,"url":"https:\/\/envol-vert.org\/wp-content\/uploads\/2019\/12\/POP-LOCALEECOTOURfillette\u00a9L.Durant.jpg","type":"image\/jpeg"}],"twitter_card":"summary_large_image","twitter_site":"@Envolvert","twitter_misc":{"Tiempo de lectura":"1 minute"},"schema":{"@context":"https:\/\/schema.org","@graph":[{"@type":"WebPage","@id":"https:\/\/envol-vert.org\/es\/act\/la-temporada-de-lluvias-anuncia-el-regreso-de-los-madereros\/","url":"https:\/\/envol-vert.org\/es\/act\/la-temporada-de-lluvias-anuncia-el-regreso-de-los-madereros\/","name":"La temporada de lluvias anuncia el regreso de los madereros - Envol Vert","isPartOf":{"@id":"https:\/\/envol-vert.org\/es\/#website"},"primaryImageOfPage":{"@id":"https:\/\/envol-vert.org\/es\/act\/la-temporada-de-lluvias-anuncia-el-regreso-de-los-madereros\/#primaryimage"},"image":{"@id":"https:\/\/envol-vert.org\/es\/act\/la-temporada-de-lluvias-anuncia-el-regreso-de-los-madereros\/#primaryimage"},"thumbnailUrl":"https:\/\/envol-vert.org\/wp-content\/uploads\/2019\/12\/POP-LOCALEECOTOURfillette\u00a9L.Durant.jpg","datePublished":"2019-12-20T23:44:36+00:00","dateModified":"2020-11-20T23:45:09+00:00","breadcrumb":{"@id":"https:\/\/envol-vert.org\/es\/act\/la-temporada-de-lluvias-anuncia-el-regreso-de-los-madereros\/#breadcrumb"},"inLanguage":"es-ES","potentialAction":[{"@type":"ReadAction","target":["https:\/\/envol-vert.org\/es\/act\/la-temporada-de-lluvias-anuncia-el-regreso-de-los-madereros\/"]}]},{"@type":"ImageObject","inLanguage":"es-ES","@id":"https:\/\/envol-vert.org\/es\/act\/la-temporada-de-lluvias-anuncia-el-regreso-de-los-madereros\/#primaryimage","url":"https:\/\/envol-vert.org\/wp-content\/uploads\/2019\/12\/POP-LOCALEECOTOURfillette\u00a9L.Durant.jpg","contentUrl":"https:\/\/envol-vert.org\/wp-content\/uploads\/2019\/12\/POP-LOCALEECOTOURfillette\u00a9L.Durant.jpg","width":1300,"height":867},{"@type":"BreadcrumbList","@id":"https:\/\/envol-vert.org\/es\/act\/la-temporada-de-lluvias-anuncia-el-regreso-de-los-madereros\/#breadcrumb","itemListElement":[{"@type":"ListItem","position":1,"name":"Accueil","item":"https:\/\/envol-vert.org\/es\/"},{"@type":"ListItem","position":2,"name":"La temporada de lluvias anuncia el regreso de los madereros"}]},{"@type":"WebSite","@id":"https:\/\/envol-vert.org\/es\/#website","url":"https:\/\/envol-vert.org\/es\/","name":"Envol Vert","description":"La for\u00eat nous rend service, rendons le lui.","publisher":{"@id":"https:\/\/envol-vert.org\/es\/#organization"},"potentialAction":[{"@type":"SearchAction","target":{"@type":"EntryPoint","urlTemplate":"https:\/\/envol-vert.org\/es\/?s={search_term_string}"},"query-input":{"@type":"PropertyValueSpecification","valueRequired":true,"valueName":"search_term_string"}}],"inLanguage":"es-ES"},{"@type":"Organization","@id":"https:\/\/envol-vert.org\/es\/#organization","name":"Envol Vert","url":"https:\/\/envol-vert.org\/es\/","logo":{"@type":"ImageObject","inLanguage":"es-ES","@id":"https:\/\/envol-vert.org\/es\/#\/schema\/logo\/image\/","url":"https:\/\/envol-vert.org\/wp-content\/uploads\/2021\/03\/Logo-icone-site.png","contentUrl":"https:\/\/envol-vert.org\/wp-content\/uploads\/2021\/03\/Logo-icone-site.png","width":512,"height":512,"caption":"Envol Vert"},"image":{"@id":"https:\/\/envol-vert.org\/es\/#\/schema\/logo\/image\/"},"sameAs":["https:\/\/www.facebook.com\/EnvolVertFrance\/","https:\/\/x.com\/Envolvert","https:\/\/www.instagram.com\/envol_vert_france\/","https:\/\/www.linkedin.com\/company\/envolvert\/","https:\/\/www.youtube.com\/c\/EnvolVert"]}]}},"_links":{"self":[{"href":"https:\/\/envol-vert.org\/es\/wp-json\/wp\/v2\/fil_d_actu\/32260","targetHints":{"allow":["GET"]}}],"collection":[{"href":"https:\/\/envol-vert.org\/es\/wp-json\/wp\/v2\/fil_d_actu"}],"about":[{"href":"https:\/\/envol-vert.org\/es\/wp-json\/wp\/v2\/types\/fil_d_actu"}],"version-history":[{"count":0,"href":"https:\/\/envol-vert.org\/es\/wp-json\/wp\/v2\/fil_d_actu\/32260\/revisions"}],"wp:featuredmedia":[{"embeddable":true,"href":"https:\/\/envol-vert.org\/es\/wp-json\/wp\/v2\/media\/26489"}],"wp:attachment":[{"href":"https:\/\/envol-vert.org\/es\/wp-json\/wp\/v2\/media?parent=32260"}],"wp:term":[{"taxonomy":"fils_d_actu_categ","embeddable":true,"href":"https:\/\/envol-vert.org\/es\/wp-json\/wp\/v2\/fils_d_actu_categ?post=32260"}],"curies":[{"name":"wp","href":"https:\/\/api.w.org\/{rel}","templated":true}]}}