{"id":32262,"date":"2019-08-21T00:48:00","date_gmt":"2019-08-20T23:48:00","guid":{"rendered":"https:\/\/bylandry.com\/envert-v2\/?post_type=fil_d_actu&#038;p=32262"},"modified":"2020-11-21T00:48:29","modified_gmt":"2020-11-20T23:48:29","slug":"un-ano-de-reunion-e-intercambio-para-la-definicion-de-proyectos-socioeconomicos-viables","status":"publish","type":"fil_d_actu","link":"https:\/\/envol-vert.org\/es\/act\/un-ano-de-reunion-e-intercambio-para-la-definicion-de-proyectos-socioeconomicos-viables\/","title":{"rendered":"Un a\u00f1o de reuni\u00f3n e intercambio para la definici\u00f3n de proyectos socioecon\u00f3micos viables"},"content":{"rendered":"<p>Durante el primer a\u00f1o de apoyo a la Concesi\u00f3n, Envol Vert se compromete a apoyar las actividades de vigilancia diaria, pero tambi\u00e9n a fomentar la estructuraci\u00f3n de proyectos a largo plazo con las comunidades circundantes. Estos proyectos permitir\u00e1n la integraci\u00f3n de las comunidades dentro del proyecto de conservaci\u00f3n, para hacerlas no solamente beneficiarias, sino tambi\u00e9n actores de la preservaci\u00f3n del bosque, tanto en la concesi\u00f3n como en los terrenos de la comunidad.<\/p>\n<p><a href=\"http:\/\/envol-vert.org\/wp-content\/uploads\/2019\/10\/0783_DSC07410-800x600.jpg\"><img decoding=\"async\" class=\"size-medium wp-image-25707 alignleft\" src=\"http:\/\/envol-vert.org\/wp-content\/uploads\/2019\/10\/0783_DSC07410-800x600-300x200.jpg\" alt=\"\" width=\"300\" height=\"200\" srcset=\"https:\/\/envol-vert.org\/wp-content\/uploads\/2019\/10\/0783_DSC07410-800x600-300x200.jpg 300w, https:\/\/envol-vert.org\/wp-content\/uploads\/2019\/10\/0783_DSC07410-800x600-768x512.jpg 768w, https:\/\/envol-vert.org\/wp-content\/uploads\/2019\/10\/0783_DSC07410-800x600.jpg 800w\" sizes=\"(max-width: 300px) 100vw, 300px\" \/><\/a>La definici\u00f3n de un proyecto socioecon\u00f3mico es el resultado de un proceso que involucra mucha\u00a0discusiones, as\u00ed como el an\u00e1lisis de las necesidades y expectativas de las comunidades. No se trata de formular proyectos para ellos, sino de buscar alternativas para satisfacer sus necesidades y garantizar la apropriacion y el \u00e9xito de los proyectos.<\/p>\n<p>Durante el a\u00f1o, se llevaron a cabo varias reuniones, incluido un evento especial que tuvo lugar este mes,\u00a0 durante la visita de la investigadora Sylvie Guillerme CNRS (Centre National de la Recherche Scientifique) Toulouse.\u00a0 Varios d\u00edas de reuniones y visitas permitieron confrontar las visiones de todos los participantes y refinar el informe que ser\u00e1 emitido por Envol Vert al fin del a\u00f1o.<\/p>\n<p>La <a href=\"http:\/\/envol-vert.org\/wp-content\/uploads\/2019\/10\/1321_DSC07946-800x600.jpg\"><img decoding=\"async\" class=\" wp-image-25708 alignright\" src=\"http:\/\/envol-vert.org\/wp-content\/uploads\/2019\/10\/1321_DSC07946-800x600-300x200.jpg\" alt=\"\" width=\"308\" height=\"205\" srcset=\"https:\/\/envol-vert.org\/wp-content\/uploads\/2019\/10\/1321_DSC07946-800x600-300x200.jpg 300w, https:\/\/envol-vert.org\/wp-content\/uploads\/2019\/10\/1321_DSC07946-800x600-768x512.jpg 768w, https:\/\/envol-vert.org\/wp-content\/uploads\/2019\/10\/1321_DSC07946-800x600.jpg 800w\" sizes=\"(max-width: 308px) 100vw, 308px\" \/><\/a>Dra. Sylvie Guillerme est\u00e1 especializada en el an\u00e1lisis de las relaciones entre las personas y el bosque, argumento indiscutible en la construcci\u00f3n o\/y evaluaci\u00f3n de nuestros proyectos futuros. Esperamos que esta asociaci\u00f3n se materialice para permitir un estudio m\u00e1s completo en los pr\u00f3ximos a\u00f1os. Les estaremos informandoles sobre la evoluci\u00f3n de este enfoque de construcci\u00f3n, se enviar\u00e1 un primer informe a las comunidades a partir del mes de septiembre, estamos ansiosos de tener sus respuestas.<\/p>\n<h4><\/h4>\n","protected":false},"excerpt":{"rendered":"<p>Durante el primer a\u00f1o de apoyo a la Concesi\u00f3n, Envol  [&#8230;]<\/p>\n","protected":false},"featured_media":0,"template":"","fils_d_actu_categ":[1656,1390],"class_list":["post-32262","fil_d_actu","type-fil_d_actu","status-publish","hentry","fils_d_actu_categ-actualidades-generales","fils_d_actu_categ-yanayacu-maquia-peru"],"_links":{"self":[{"href":"https:\/\/envol-vert.org\/es\/wp-json\/wp\/v2\/fil_d_actu\/32262","targetHints":{"allow":["GET"]}}],"collection":[{"href":"https:\/\/envol-vert.org\/es\/wp-json\/wp\/v2\/fil_d_actu"}],"about":[{"href":"https:\/\/envol-vert.org\/es\/wp-json\/wp\/v2\/types\/fil_d_actu"}],"version-history":[{"count":0,"href":"https:\/\/envol-vert.org\/es\/wp-json\/wp\/v2\/fil_d_actu\/32262\/revisions"}],"wp:attachment":[{"href":"https:\/\/envol-vert.org\/es\/wp-json\/wp\/v2\/media?parent=32262"}],"wp:term":[{"taxonomy":"fils_d_actu_categ","embeddable":true,"href":"https:\/\/envol-vert.org\/es\/wp-json\/wp\/v2\/fils_d_actu_categ?post=32262"}],"curies":[{"name":"wp","href":"https:\/\/api.w.org\/{rel}","templated":true}]}}