{"id":32264,"date":"2019-04-21T00:50:47","date_gmt":"2019-04-20T23:50:47","guid":{"rendered":"https:\/\/bylandry.com\/envert-v2\/?post_type=fil_d_actu&#038;p=32264"},"modified":"2020-11-21T00:51:12","modified_gmt":"2020-11-20T23:51:12","slug":"lucha-contra-los-madereros-con-la-lluvia-se-intensifican-las-intervenciones","status":"publish","type":"fil_d_actu","link":"https:\/\/envol-vert.org\/es\/act\/lucha-contra-los-madereros-con-la-lluvia-se-intensifican-las-intervenciones\/","title":{"rendered":"Lucha contra los madereros\u00a0: con la lluvia se intensifican las intervenciones"},"content":{"rendered":"<p>Despu\u00e9s de la temporada de lluvias, que se intensifica entre enero y marzo, ha llegado el momento de las cuentas. Aunque las degradaciones en el \u00e1rea son menores, las acciones de los guardaparques est\u00e1n aumentando.<\/p>\n<p>De hecho, al subir el agua, los cazadores furtivos que deambulan por la concesi\u00f3n encuentran nuevas entradas y eligen ignorar la se\u00f1alizaci\u00f3n de la zona de protecci\u00f3n para ingresar. No hace falta decir que despu\u00e9s de 13 a\u00f1os de conservaci\u00f3n, esta \u00e1rea no est\u00e1 a fuera de la mira de los taladores ilegales atra\u00eddos por un bosque con mayor presencia de \u00e1rboles maderables. A medida que pasa el tiempo, las \u00e1reas con \u00e1rboles comerciales que rodean la concesi\u00f3n se est\u00e1n agotando, lo que exacerba la presi\u00f3n sobre los bosques de la Concesi\u00f3n Yanayacu Maquia y sus riquezas.<a href=\"http:\/\/envol-vert.org\/wp-content\/uploads\/2019\/10\/IMG_8934.jpg\"><img decoding=\"async\" class=\" wp-image-25713 alignright\" src=\"http:\/\/envol-vert.org\/wp-content\/uploads\/2019\/10\/IMG_8934-300x200.jpg\" alt=\"\" width=\"356\" height=\"237\" srcset=\"https:\/\/envol-vert.org\/wp-content\/uploads\/2019\/10\/IMG_8934-300x200.jpg 300w, https:\/\/envol-vert.org\/wp-content\/uploads\/2019\/10\/IMG_8934-768x511.jpg 768w, https:\/\/envol-vert.org\/wp-content\/uploads\/2019\/10\/IMG_8934-1024x682.jpg 1024w, https:\/\/envol-vert.org\/wp-content\/uploads\/2019\/10\/IMG_8934.jpg 1600w\" sizes=\"(max-width: 356px) 100vw, 356px\" \/><\/a><\/p>\n<p>Este a\u00f1o lamentamos la p\u00e9rdida de una docena de \u00e1rboles majestuosos durante una incursi\u00f3n, particularmente agresiva por la participaci\u00f3n de quince individuos. Se necesit\u00f3 mucho coraje de parte de los guardaparques y el apoyo de los comuneros para perseguir a este grupo antes de que el da\u00f1o aumente.<\/p>\n<p>Para el equipo interno, el trabajo no se detiene all\u00ed. De hecho, la concesi\u00f3n tiene el deber de informar a las autoridades locales y regionales, quienes nos han hecho el honor del viaje para ver los cr\u00edmenes cometidos, ayud\u00e1ndonos a detener dicha actividad. Adicionalmente, se debe decir que para la pr\u00f3xima incursi\u00f3n estaremos mejor preparados\u00a0 para seguir defendiendo los bosques.<\/p>\n<h4><\/h4>\n","protected":false},"excerpt":{"rendered":"<p>Despu\u00e9s de la temporada de lluvias, que se intensifica entre  [&#8230;]<\/p>\n","protected":false},"featured_media":0,"template":"","fils_d_actu_categ":[1656,1390],"class_list":["post-32264","fil_d_actu","type-fil_d_actu","status-publish","hentry","fils_d_actu_categ-actualidades-generales","fils_d_actu_categ-yanayacu-maquia-peru"],"_links":{"self":[{"href":"https:\/\/envol-vert.org\/es\/wp-json\/wp\/v2\/fil_d_actu\/32264","targetHints":{"allow":["GET"]}}],"collection":[{"href":"https:\/\/envol-vert.org\/es\/wp-json\/wp\/v2\/fil_d_actu"}],"about":[{"href":"https:\/\/envol-vert.org\/es\/wp-json\/wp\/v2\/types\/fil_d_actu"}],"version-history":[{"count":0,"href":"https:\/\/envol-vert.org\/es\/wp-json\/wp\/v2\/fil_d_actu\/32264\/revisions"}],"wp:attachment":[{"href":"https:\/\/envol-vert.org\/es\/wp-json\/wp\/v2\/media?parent=32264"}],"wp:term":[{"taxonomy":"fils_d_actu_categ","embeddable":true,"href":"https:\/\/envol-vert.org\/es\/wp-json\/wp\/v2\/fils_d_actu_categ?post=32264"}],"curies":[{"name":"wp","href":"https:\/\/api.w.org\/{rel}","templated":true}]}}