{"id":32269,"date":"2020-10-21T17:37:20","date_gmt":"2020-10-21T16:37:20","guid":{"rendered":"https:\/\/bylandry.com\/envert-v2\/?post_type=fil_d_actu&#038;p=32269"},"modified":"2021-03-13T20:05:12","modified_gmt":"2021-03-13T19:05:12","slug":"identificacion-de-las-parcelas-silvopastoriles-y-agroforestales-en-tolu-viejo-sucre","status":"publish","type":"fil_d_actu","link":"https:\/\/envol-vert.org\/es\/act\/identificacion-de-las-parcelas-silvopastoriles-y-agroforestales-en-tolu-viejo-sucre\/","title":{"rendered":"Identificaci\u00f3n de las parcelas silvopastoriles y agroforestales en Tol\u00fa Viejo, Sucre"},"content":{"rendered":"<div class=\"fusion-fullwidth fullwidth-box fusion-builder-row-1 nonhundred-percent-fullwidth non-hundred-percent-height-scrolling\" style=\"--awb-border-radius-top-left:0px;--awb-border-radius-top-right:0px;--awb-border-radius-bottom-right:0px;--awb-border-radius-bottom-left:0px;--awb-flex-wrap:wrap;\" ><div class=\"fusion-builder-row fusion-row\"><div class=\"fusion-layout-column fusion_builder_column fusion-builder-column-0 fusion_builder_column_1_1 1_1 fusion-one-full fusion-column-first fusion-column-last\" style=\"--awb-bg-size:cover;--awb-margin-bottom:0px;\"><div class=\"fusion-column-wrapper fusion-flex-column-wrapper-legacy\"><div class=\"fusion-text fusion-text-1\"><p style=\"text-align: justify;\">\u00a1En octubre se identificaron las parcelas en Tol\u00fa Viejo! El voluntario Diego realiz\u00f3\u00a0 el acompa\u00f1amiento al levantamiento de puntos de control mediante GPS para ubicar las parcelas silvopastoriles y agroforestales. Esta identificaci\u00f3n permitir\u00e1 tener dimensionado el tipo de parcela que van a implementar los beneficiarios. La mayor\u00eda de ellos opto por un modelo silvopastoril dado que muchos tienen ganado y as\u00ed podr\u00e1n garantizar su estabilidad econ\u00f3mica y una buena sinergia con el medio ambiente.<\/p>\n<p style=\"text-align: justify;\">Durante los recorridos, se pudieron identificar las \u00e1reas de conservaci\u00f3n, arroyos y zonas boscosas para que los beneficiarios conozcan esas zonas de vital importancia para los recursos h\u00eddricos de las parcelas. La identificaci\u00f3n de estas zonas de conservaci\u00f3n permite que los beneficiarios se empoderen de su protecci\u00f3n y est\u00e9n sembrando especies end\u00e9micas para crear un corredor ecol\u00f3gico.<\/p>\n<\/div><div class=\"fusion-clearfix\"><\/div><\/div><\/div><\/div><\/div>\n","protected":false},"excerpt":{"rendered":"","protected":false},"featured_media":36777,"template":"","fils_d_actu_categ":[1653],"class_list":["post-32269","fil_d_actu","type-fil_d_actu","status-publish","has-post-thumbnail","hentry","fils_d_actu_categ-programa-de-preservacion-de-los-bosques-secos"],"_links":{"self":[{"href":"https:\/\/envol-vert.org\/es\/wp-json\/wp\/v2\/fil_d_actu\/32269","targetHints":{"allow":["GET"]}}],"collection":[{"href":"https:\/\/envol-vert.org\/es\/wp-json\/wp\/v2\/fil_d_actu"}],"about":[{"href":"https:\/\/envol-vert.org\/es\/wp-json\/wp\/v2\/types\/fil_d_actu"}],"version-history":[{"count":0,"href":"https:\/\/envol-vert.org\/es\/wp-json\/wp\/v2\/fil_d_actu\/32269\/revisions"}],"wp:featuredmedia":[{"embeddable":true,"href":"https:\/\/envol-vert.org\/es\/wp-json\/wp\/v2\/media\/36777"}],"wp:attachment":[{"href":"https:\/\/envol-vert.org\/es\/wp-json\/wp\/v2\/media?parent=32269"}],"wp:term":[{"taxonomy":"fils_d_actu_categ","embeddable":true,"href":"https:\/\/envol-vert.org\/es\/wp-json\/wp\/v2\/fils_d_actu_categ?post=32269"}],"curies":[{"name":"wp","href":"https:\/\/api.w.org\/{rel}","templated":true}]}}