{"id":32280,"date":"2019-05-21T18:34:58","date_gmt":"2019-05-21T17:34:58","guid":{"rendered":"https:\/\/bylandry.com\/envert-v2\/?post_type=fil_d_actu&#038;p=32280"},"modified":"2020-11-21T18:35:47","modified_gmt":"2020-11-21T17:35:47","slug":"vamos-a-sembrar-en-ovejas","status":"publish","type":"fil_d_actu","link":"https:\/\/envol-vert.org\/es\/act\/vamos-a-sembrar-en-ovejas\/","title":{"rendered":"\u00a1Vamos a sembrar en Ovejas!"},"content":{"rendered":"\r\n<p>Despu\u00e9s de varios meses de verano, la lluvia llega a las comunidades campesinas de Ovejas, uno de los municipios del departamento de Sucre en Colombia. \u00bfPara qu\u00e9 la lluvia? La lluvia es una de las bases fundamentales para los cultivos y la siembra de los \u00e1rboles que estos campesinos han venido cuidando durante m\u00e1s de tres meses y que les permite decir: <em>&#8211; \u00a1Vamos a sembrar!<\/em> <a href=\"http:\/\/envol-vert.org\/wp-content\/uploads\/2018\/12\/Prog-FORET-SECHE_OvejasAtelier-Ovejas1_mayo19\u00a9H.Meza_.jpeg\"><img decoding=\"async\" class=\"size-medium wp-image-24537 alignleft\" src=\"http:\/\/envol-vert.org\/wp-content\/uploads\/2018\/12\/Prog-FORET-SECHE_OvejasAtelier-Ovejas1_mayo19\u00a9H.Meza_-300x169.jpeg\" alt=\"\" width=\"300\" height=\"169\" srcset=\"https:\/\/envol-vert.org\/wp-content\/uploads\/2018\/12\/Prog-FORET-SECHE_OvejasAtelier-Ovejas1_mayo19\u00a9H.Meza_-300x169.jpeg 300w, https:\/\/envol-vert.org\/wp-content\/uploads\/2018\/12\/Prog-FORET-SECHE_OvejasAtelier-Ovejas1_mayo19\u00a9H.Meza_-768x432.jpeg 768w, https:\/\/envol-vert.org\/wp-content\/uploads\/2018\/12\/Prog-FORET-SECHE_OvejasAtelier-Ovejas1_mayo19\u00a9H.Meza_-1024x576.jpeg 1024w, https:\/\/envol-vert.org\/wp-content\/uploads\/2018\/12\/Prog-FORET-SECHE_OvejasAtelier-Ovejas1_mayo19\u00a9H.Meza_.jpeg 1280w\" sizes=\"(max-width: 300px) 100vw, 300px\" \/><\/a> Adem\u00e1s, los minerales aportados por la lluvia enriquecen y dan durabilidad a estos \u00e1rboles como en el sector de La Coquera, donde se inici\u00f3 la siembra de m\u00e1s de cuarenta \u00e1rboles de Banco, los cuales ayudan a la conservaci\u00f3n de los espacios donde viven estos beneficiarios, y a la recuperaci\u00f3n del Bosque Seco Tropical. El coordinador del vivero Narfilo Gettar comenta: <em>-Ver estos \u00e1rboles crecer es ver que mis hijos y cualquier persona que venga a visitarnos, pueda en un futuro descansar en su sombra, darnos frescura, entonces vamos a sembrar.<\/em> <a href=\"http:\/\/envol-vert.org\/wp-content\/uploads\/2018\/12\/Prog-FORET-SECHE_OvejasAtelier-Ovejas1_mayo19\u00a9H.Meza2_.jpeg\"><img decoding=\"async\" class=\"size-medium wp-image-24539 alignright\" src=\"http:\/\/envol-vert.org\/wp-content\/uploads\/2018\/12\/Prog-FORET-SECHE_OvejasAtelier-Ovejas1_mayo19\u00a9H.Meza2_-169x300.jpeg\" alt=\"\" width=\"169\" height=\"300\" srcset=\"https:\/\/envol-vert.org\/wp-content\/uploads\/2018\/12\/Prog-FORET-SECHE_OvejasAtelier-Ovejas1_mayo19\u00a9H.Meza2_-169x300.jpeg 169w, https:\/\/envol-vert.org\/wp-content\/uploads\/2018\/12\/Prog-FORET-SECHE_OvejasAtelier-Ovejas1_mayo19\u00a9H.Meza2_-576x1024.jpeg 576w, https:\/\/envol-vert.org\/wp-content\/uploads\/2018\/12\/Prog-FORET-SECHE_OvejasAtelier-Ovejas1_mayo19\u00a9H.Meza2_.jpeg 720w\" sizes=\"(max-width: 169px) 100vw, 169px\" \/><\/a> Vamos a sembrar es la palabra que gu\u00eda a estos campesinos para la lucha contra la deforestaci\u00f3n y la recuperaci\u00f3n de la biodiversidad que se ha generado a causa de las malas pr\u00e1cticas en el campo, especialmente de \u00e1rboles en vida de extinci\u00f3n como el banco \u00a0o\u00a0cedro blanco\u00a0(Gyrocarpus americanus) es un \u00e1rbol de la familia Hernandiaceae que tiene una distribuci\u00f3n pantropical (tambi\u00e9n se le llama quitlacoctli) y est\u00e1 presente en pa\u00edses del sur de Am\u00e9rica Latina como Colombia y Venezuela. La siembra de estos \u00e1rboles gracias a las lluvias nos va a permitir recuperar los suelos y seguir luchando contra la deforestaci\u00f3n y la recuperaci\u00f3n de la biodiversidad en esta zona. \u00a0<\/p>\r\n","protected":false},"excerpt":{"rendered":"<p>Despu\u00e9s de varios meses de verano, la lluvia llega a  [&#8230;]<\/p>\n","protected":false},"featured_media":32287,"template":"","fils_d_actu_categ":[1653],"class_list":["post-32280","fil_d_actu","type-fil_d_actu","status-publish","has-post-thumbnail","hentry","fils_d_actu_categ-programa-de-preservacion-de-los-bosques-secos"],"_links":{"self":[{"href":"https:\/\/envol-vert.org\/es\/wp-json\/wp\/v2\/fil_d_actu\/32280","targetHints":{"allow":["GET"]}}],"collection":[{"href":"https:\/\/envol-vert.org\/es\/wp-json\/wp\/v2\/fil_d_actu"}],"about":[{"href":"https:\/\/envol-vert.org\/es\/wp-json\/wp\/v2\/types\/fil_d_actu"}],"version-history":[{"count":0,"href":"https:\/\/envol-vert.org\/es\/wp-json\/wp\/v2\/fil_d_actu\/32280\/revisions"}],"wp:featuredmedia":[{"embeddable":true,"href":"https:\/\/envol-vert.org\/es\/wp-json\/wp\/v2\/media\/32287"}],"wp:attachment":[{"href":"https:\/\/envol-vert.org\/es\/wp-json\/wp\/v2\/media?parent=32280"}],"wp:term":[{"taxonomy":"fils_d_actu_categ","embeddable":true,"href":"https:\/\/envol-vert.org\/es\/wp-json\/wp\/v2\/fils_d_actu_categ?post=32280"}],"curies":[{"name":"wp","href":"https:\/\/api.w.org\/{rel}","templated":true}]}}