{"id":32300,"date":"2018-12-21T19:15:59","date_gmt":"2018-12-21T18:15:59","guid":{"rendered":"https:\/\/bylandry.com\/envert-v2\/?post_type=fil_d_actu&#038;p=32300"},"modified":"2020-11-21T19:16:33","modified_gmt":"2020-11-21T18:16:33","slug":"2018-en-la-victoria-perija","status":"publish","type":"fil_d_actu","link":"https:\/\/envol-vert.org\/es\/act\/2018-en-la-victoria-perija\/","title":{"rendered":"2018 en La Victoria, Perij\u00e0"},"content":{"rendered":"<p><span style=\"text-decoration: underline;\"><strong>Diciembre 2018<\/strong><\/span><\/p>\n<h3>Vivero de Alto de Las Flores y visita de campesinos inter-proyectos<\/h3>\n<p>Antes lluvioso, bajo el efecto de \u00ab El Ni\u00f1o \u00bb y del cambio clim\u00e1tico, hoy en d\u00eda el mes de Diciembre es un mes de sequ\u00eda en la regi\u00f3n Caribe de Colombia. De sequ\u00eda y de viento violento ! Si la Serran\u00eda del Perij\u00e1 rebosa de agua, entre otros coercionas, la brisa que sopla potentamente ha tratado mal el vivero de La Victoria San Isidro que por lo tanto se equip\u00f3 de contravientos laterales para proteger los arboles creciendos.<\/p>\n<p><a href=\"http:\/\/envol-vert.org\/wp-content\/uploads\/2018\/12\/foret_seche_perija_construccion_vivero_las_flores.jpg\" data-slb-internal=\"0\" data-slb-asset=\"1652630672\" data-slb-active=\"1\"><img decoding=\"async\" class=\"aligncenter wp-image-18350\" src=\"http:\/\/envol-vert.org\/wp-content\/uploads\/2018\/12\/foret_seche_perija_construccion_vivero_las_flores.jpg\" sizes=\"(max-width: 500px) 100vw, 500px\" srcset=\"http:\/\/envol-vert.org\/wp-content\/uploads\/2018\/12\/foret_seche_perija_construccion_vivero_las_flores.jpg 800w, http:\/\/envol-vert.org\/wp-content\/uploads\/2018\/12\/foret_seche_perija_construccion_vivero_las_flores-300x225.jpg 300w, http:\/\/envol-vert.org\/wp-content\/uploads\/2018\/12\/foret_seche_perija_construccion_vivero_las_flores-768x576.jpg 768w\" alt=\"foret_seche_perija_construccion_vivero_las_flores\" width=\"500\" height=\"375\" \/><\/a><\/p>\n<p>Piedra angular de un proyecto de reforestaci\u00f3n, lugar de reinforce del v\u00ednculo social, los viveros comunitarios son por Envol Vert herramientas estrat\u00e9gicas alrededor de los cuales se articulan sus proyectos y se anima la din\u00e1mica de grupo de las poblaciones locales. Adem\u00e1s, elecci\u00f3n metodol\u00f3gico, la ONG trabaja por una puesta en autonim\u00eda y una toma de responsabilidad r\u00e1pida de los actores, factores claves de la sostenibilidad de un proyecto de desarollo.<\/p>\n<p><strong><a href=\"http:\/\/envol-vert.org\/wp-content\/uploads\/2018\/12\/foret_seche_ninos_vivero_las_flores.jpg\" data-slb-internal=\"0\" data-slb-asset=\"729882782\" data-slb-active=\"1\"><img decoding=\"async\" class=\"alignleft size-medium wp-image-18351\" src=\"http:\/\/envol-vert.org\/wp-content\/uploads\/2018\/12\/foret_seche_ninos_vivero_las_flores-225x300.jpg\" sizes=\"(max-width: 225px) 100vw, 225px\" srcset=\"http:\/\/envol-vert.org\/wp-content\/uploads\/2018\/12\/foret_seche_ninos_vivero_las_flores-225x300.jpg 225w, http:\/\/envol-vert.org\/wp-content\/uploads\/2018\/12\/foret_seche_ninos_vivero_las_flores.jpg 600w\" alt=\"bosques comestibles\" width=\"225\" height=\"300\" \/><\/a>Mientras la primera quincena de Diciembre unos veinte miembros de la vereda de Alto de Las Flores se movilizaron para construir su \u00ab Vivero Comunitario \u00bb<\/strong>. Son entre 4 y 5 mil arboles de 10 a 15 especies diferentes que juntos van intentar de hacer crecer antes de sembrarlos en sus cultivos de caf\u00e9 y en sus parcelas en agroforesteria que van a crear.<\/p>\n<p><strong>Asimismo, algunas d\u00edas antes de la Navidad, unos treinta beneficiarios del proyecto \u00ab Bosques comestibles \u00bb de La Victoria San Isidro, de Alto de Las Flores y de Argentina fueron a descubrir el proyecto \u00ab Nuez Maya y ganader\u00eda sostenible \u00bb, proyecto hist\u00f3rico de Envol Vert en Colombia<\/strong>. Adem\u00e1s de la aventura humana para esos dos grupos de campesinos con caracter\u00edsticas socioecon\u00f3micas muy diferentas (due\u00f1os vs aparceros ; nativos vs desplazados ; cafeteros vs horticultores), se trataba de permitir una transmisi\u00f3n de experiencia entre miembros de un proyecto maduro y de un naciente. Las parcellas en agroforester\u00eda, la producci\u00f3n de insumos org\u00e1nicos y las alternativas econ\u00f3micas ense\u00f1adas parecen haber suscitados el interes de los visitantes.<\/p>\n<p>\u00ab Gracia a Dios ! \u00bb seg\u00fan sus propios t\u00e9rminos, durante ese viaje, numerosos de ellos pudieron ver y ba\u00f1arse en el mar por primera vez de su existencia\u2026<\/p>\n<p>&nbsp;<\/p>\n<p><span style=\"text-decoration: underline;\"><strong>Noviembre 2018<\/strong><\/span><\/p>\n<h3 align=\"JUSTIFY\">Oh ritmo del caf\u00e9\u00a0!<\/h3>\n<p align=\"JUSTIFY\"><strong><i> T\u00edpica, Borb\u00f3n, Maragogipe, Tabi, Caturra<\/i>, <i>Castillo\u2026<\/i>todo variedades cultivadas acqu\u00ed, todas de la especie Ar\u00e1bica, la \u00fanica presente en Colombia.<\/strong><\/p>\n<p align=\"JUSTIFY\">En las laderas de la Serran\u00eda del Perij\u00e1 se ubican las fincas de los campesinos y sus cultivos de caf\u00e9, mayor recurso econ\u00f3mico de los habitantes de La Victoria San Isidro y de las veredas dispersadas en esas monta\u00f1as. En este mes de Noviembre, la hora de la cosecha timbra y toda la gente pone mano a la obra\u00a0! 4&#215;4 bajan diariamente de la Sierra saturados de bultos de Ar\u00e1bica y de temporeros. Las calles del pueblo se cubren y descubren de granos al ritmo de los ataques de fiebre solar.<\/p>\n<div id=\"attachment_18230\" style=\"width: 310px\" class=\"wp-caption alignleft\"><a href=\"http:\/\/envol-vert.org\/wp-content\/uploads\/2018\/12\/FORET-SECHE-Perija-Sechage-du-cafe-finca-Las-Delicias.jpg\"><img decoding=\"async\" aria-describedby=\"caption-attachment-18230\" class=\"size-medium wp-image-18230\" src=\"http:\/\/envol-vert.org\/wp-content\/uploads\/2018\/12\/FORET-SECHE-Perija-Sechage-du-cafe-finca-Las-Delicias-300x225.jpg\" alt=\"\u00a9N.Contin\" width=\"300\" height=\"225\" srcset=\"https:\/\/envol-vert.org\/wp-content\/uploads\/2018\/12\/FORET-SECHE-Perija-Sechage-du-cafe-finca-Las-Delicias-300x225.jpg 300w, https:\/\/envol-vert.org\/wp-content\/uploads\/2018\/12\/FORET-SECHE-Perija-Sechage-du-cafe-finca-Las-Delicias-768x576.jpg 768w, https:\/\/envol-vert.org\/wp-content\/uploads\/2018\/12\/FORET-SECHE-Perija-Sechage-du-cafe-finca-Las-Delicias-1024x768.jpg 1024w, https:\/\/envol-vert.org\/wp-content\/uploads\/2018\/12\/FORET-SECHE-Perija-Sechage-du-cafe-finca-Las-Delicias.jpg 2268w\" sizes=\"(max-width: 300px) 100vw, 300px\" \/><\/a><p id=\"caption-attachment-18230\" class=\"wp-caption-text\">\u00a9N.Contin<\/p><\/div>\n<p align=\"JUSTIFY\">El cafeicultivo y los pocos cultivos hort\u00edcolas se hacen por la mayoria en las cuencas hidrogr\u00e1ficas desforestadas. A corto plazo la surexposici\u00f3n al sol de las plantas y de los suelos perjudica la productividad\u00a0; a largo plazo genera un fen\u00f3meno de desertificaci\u00f3n. En las veredas de Alto de Las Flores y de Argentina, los grupos de campesinos se estructuran en torno a este proyecto de reforestaci\u00f3n. Espacio a la inteligencia colectiva. Fue decidido que los viveros construidos resguardaran especies nativos que permiten el desarrollo del cultivo de \u00ab\u00a0caf\u00e9 de sombra\u00a0\u00bb en agroforesteria, y adem\u00e1s especies \u00ab\u00a0comestibles\u00a0\u00bb. El consumo y la transformaci\u00f3n de los productos de esos arboles que densificaran el cubierto forestal de la zona tiene como triple metas de permitir a las comunidades locales de aumentar su nivel de soberan\u00eda alimentaria, diversificar su alimentaci\u00f3n, y a medio plazo desarrollar alternativas econ\u00f3micas. El cambio de tendencia en cuanto a la deforestaci\u00f3n antr\u00f3pica necesita el aumento del valor de uso de los arboles y la optimizaci\u00f3n de los servicios ecosistemicos de los bosques.<\/p>\n<div id=\"attachment_18228\" style=\"width: 310px\" class=\"wp-caption alignright\"><a href=\"http:\/\/envol-vert.org\/wp-content\/uploads\/2018\/12\/FORET-SECHE-Perija-Projection-Documentaire-La-Victoria.jpg\"><img decoding=\"async\" aria-describedby=\"caption-attachment-18228\" class=\"size-medium wp-image-18228\" src=\"http:\/\/envol-vert.org\/wp-content\/uploads\/2018\/12\/FORET-SECHE-Perija-Projection-Documentaire-La-Victoria-300x225.jpg\" alt=\"\u00a9N.Contin\" width=\"300\" height=\"225\" srcset=\"https:\/\/envol-vert.org\/wp-content\/uploads\/2018\/12\/FORET-SECHE-Perija-Projection-Documentaire-La-Victoria-300x225.jpg 300w, https:\/\/envol-vert.org\/wp-content\/uploads\/2018\/12\/FORET-SECHE-Perija-Projection-Documentaire-La-Victoria-768x576.jpg 768w, https:\/\/envol-vert.org\/wp-content\/uploads\/2018\/12\/FORET-SECHE-Perija-Projection-Documentaire-La-Victoria.jpg 800w\" sizes=\"(max-width: 300px) 100vw, 300px\" \/><\/a><p id=\"caption-attachment-18228\" class=\"wp-caption-text\">\u00a9N.Contin<\/p><\/div>\n<p align=\"JUSTIFY\">Por otra parte, en una perspectiva de concientizaci\u00f3n ambiental, gracia a la colaboraci\u00f3n de un grupo de estudiantes de la Instituci\u00f3n Educativo Agropecuaria de La Victoria, el documental \u00ab\u00a0Colombia, mag\u00eda salvaje\u00a0\u00bb fue difudido en la plaza del pueblo frente mas de 200 personas para que ellos, que viajan poco, pueden apreciar la est\u00e9tica y la riqueza de la biodiversidad colombiana.<\/p>\n<p align=\"JUSTIFY\">En este teatro caribe\u00f1o de la Perij\u00e1, Acto siguiente, los viveros\u00a0!<\/p>\n<p><span style=\"text-decoration: underline;\"><strong>Octubre 2018<\/strong><\/span><\/p>\n<h3>Primera capacitaci\u00f3n \u201cmanejo de vivero\u201d<\/h3>\n<p><strong>El 13 de Octubre del 2018, el t\u00e9cnico en sistemas agroforestales, Jonathan Gordillo, dio una capacitaci\u00f3n sobre creaci\u00f3n y manejo de viveros dirigido a unos treinta campesinos y miembros de la comunidad de La Victoria de San Isidro. Estamos al pie de la Serran\u00eda del Perij\u00e0 en el coraz\u00f3n de un vivero donde van a nacer y crecer entre 10 y 15 mil \u00e1rboles, manejado por ASOMAVIC, una asociaci\u00f3n de mujeres de la comunidad.<\/strong><\/p>\n<p><strong>El objetivo<\/strong>? Reforestar zonas de bosque tropical estropeado por decenas de pr\u00e1cticas agr\u00edcolas tradicionales. En los terrenos quemados se crearan bosques \u00ab comestibles \u00bb.<\/p>\n<p><a href=\"http:\/\/envol-vert.org\/wp-content\/uploads\/2018\/12\/Perija-capacitacion_vivero_asomavic.jpg\"><img decoding=\"async\" class=\"aligncenter wp-image-18144\" src=\"http:\/\/envol-vert.org\/wp-content\/uploads\/2018\/12\/Perija-capacitacion_vivero_asomavic.jpg\" alt=\"Perija-capacitacion_vivero_asomavic\" width=\"500\" height=\"375\" srcset=\"https:\/\/envol-vert.org\/wp-content\/uploads\/2018\/12\/Perija-capacitacion_vivero_asomavic-300x225.jpg 300w, https:\/\/envol-vert.org\/wp-content\/uploads\/2018\/12\/Perija-capacitacion_vivero_asomavic-768x576.jpg 768w, https:\/\/envol-vert.org\/wp-content\/uploads\/2018\/12\/Perija-capacitacion_vivero_asomavic.jpg 800w\" sizes=\"(max-width: 500px) 100vw, 500px\" \/><\/a><\/p>\n<p>En esta regi\u00f3n donde el numero de campesinos aumenta mucho desde el final del conflicto armado, y donde el cultivo del caf\u00e9 es una de las mayores fuente de ingresos, el desarrollo de sistemas agroforestales, sus ventajas en el medio ambiente y las perspectivas econ\u00f3micas que ofrecen, parecen seducir a todos los actores.<\/p>\n<p>En el coraz\u00f3n de la Serran\u00eda del Perij\u00e1, las escuelas de las veredas Alto de las Flores y Argentina, con aproximadamente cincuenta alumnos cada una, han sido integrado al proyecto. Se crearan dos viveros. Uno se hospedar\u00e1 en el seno de la escuela Alto de Las Flores y otro en Argentina, los cuales ser\u00e1n cuidados por los campesinos y ni\u00f1os de la comunidad.<\/p>\n<p><strong>La lucha contra la p\u00e9rdida de biodiversidad, la soberan\u00eda alimentaria y el desarrollo econ\u00f3mico de las poblaciones locales<\/strong>: en sinergia con ASOTEPROS, las ambiciones compartidas por los miembros de la ONG cobran vida en este escenario andino donde se unen Colombia y Venezuela.<\/p>\n","protected":false},"excerpt":{"rendered":"<p>Diciembre 2018 Vivero de Alto de Las Flores y visita  [&#8230;]<\/p>\n","protected":false},"featured_media":32309,"template":"","fils_d_actu_categ":[1653],"class_list":["post-32300","fil_d_actu","type-fil_d_actu","status-publish","has-post-thumbnail","hentry","fils_d_actu_categ-programa-de-preservacion-de-los-bosques-secos"],"_links":{"self":[{"href":"https:\/\/envol-vert.org\/es\/wp-json\/wp\/v2\/fil_d_actu\/32300","targetHints":{"allow":["GET"]}}],"collection":[{"href":"https:\/\/envol-vert.org\/es\/wp-json\/wp\/v2\/fil_d_actu"}],"about":[{"href":"https:\/\/envol-vert.org\/es\/wp-json\/wp\/v2\/types\/fil_d_actu"}],"version-history":[{"count":0,"href":"https:\/\/envol-vert.org\/es\/wp-json\/wp\/v2\/fil_d_actu\/32300\/revisions"}],"wp:featuredmedia":[{"embeddable":true,"href":"https:\/\/envol-vert.org\/es\/wp-json\/wp\/v2\/media\/32309"}],"wp:attachment":[{"href":"https:\/\/envol-vert.org\/es\/wp-json\/wp\/v2\/media?parent=32300"}],"wp:term":[{"taxonomy":"fils_d_actu_categ","embeddable":true,"href":"https:\/\/envol-vert.org\/es\/wp-json\/wp\/v2\/fils_d_actu_categ?post=32300"}],"curies":[{"name":"wp","href":"https:\/\/api.w.org\/{rel}","templated":true}]}}