{"id":32338,"date":"2020-11-21T22:18:50","date_gmt":"2020-11-21T21:18:50","guid":{"rendered":"https:\/\/bylandry.com\/envert-v2\/?post_type=fil_d_actu&#038;p=32338"},"modified":"2020-11-21T22:20:49","modified_gmt":"2020-11-21T21:20:49","slug":"seguimiento-de-plantaciones-en-pichanaki-asesoramiento-tecnico-y-sostenibilidad-del-proyecto","status":"publish","type":"fil_d_actu","link":"https:\/\/envol-vert.org\/es\/act\/seguimiento-de-plantaciones-en-pichanaki-asesoramiento-tecnico-y-sostenibilidad-del-proyecto\/","title":{"rendered":"Seguimiento de plantaciones en Pichanaki: asesoramiento t\u00e9cnico y sostenibilidad del proyecto"},"content":{"rendered":"<p><a href=\"http:\/\/envol-vert.org\/wp-content\/uploads\/2020\/10\/AGROCAFESuivi-arbres-Francisco-Paucarbambilla_AGOSTO@N.SANCHEZ-2.jpeg\"><img decoding=\"async\" class=\"size-medium wp-image-29215 alignleft\" src=\"http:\/\/envol-vert.org\/wp-content\/uploads\/2020\/10\/AGROCAFESuivi-arbres-Francisco-Paucarbambilla_AGOSTO@N.SANCHEZ-2-225x300.jpeg\" alt=\"\" width=\"225\" height=\"300\" \/><\/a>Durante tres meses, No\u00e9 S\u00e1nchez realizo monitoreo de las plantaciones del proyecto en Pichanaki. M\u00e1s de cien cafetaleros que plantaron \u00e1rboles en 2019 recibieron su visita. La metodolog\u00eda establecida toma en cuenta un inventario de las plantaciones a trav\u00e9s del dise\u00f1o de las parcelas (comparaci\u00f3n del objetivo inicial con la realidad), el monitoreo de enfermedades y otras plagas (se brinda asesor\u00eda t\u00e9cnica personalizada) y un inventario de los \u00e1rboles plantados (tasa de mortalidad, se miden la altura y el di\u00e1metro de los \u00e1rboles).<\/p>\n<p>Durante el mes de noviembre se presentara un balance de los resultados a las cooperativas aliadas pero tambi\u00e9n a los grupos agr\u00edcolas. El objetivo ser\u00e1 presentar los resultados en cuanto a las buenas y malas pr\u00e1cticas observadas. La atenci\u00f3n se centrar\u00e1 en el manejo de plagas, por ejemplo, \u00ab\u00bfC\u00f3mo evitar su ataque?\u00bb. Compartir el trabajo realizado y capacitar a los equipos de la cooperativa a un manejo forestal sostenible son etapas esenciales para la continuidad del proyecto. Tambi\u00e9n propondremos una organizaci\u00f3n para el reemplazo de los \u00e1rboles que no han sobrevivido. Envol Vert se compromete a apoyar al productor para la supervivencia de los \u00e1rboles distribuidos.<\/p>\n<p>En de Tingo Mar\u00eda, el mismo trabajo ser\u00e1 iniciado por Jos\u00e9 Santos en las pr\u00f3ximas semanas. El objetivo ser\u00e1 monitorear todos los \u00e1rboles sembrados en 2019 y al mismo tiempo apoyar las plantaciones en 2020.<\/p>\n<p><a href=\"http:\/\/envol-vert.org\/wp-content\/uploads\/2020\/10\/AGROCAFEdiagnostic-seguimiento-parcela_AGOSTO2020@N.SANCHEZ-2.jpeg\"><img decoding=\"async\" class=\"size-medium wp-image-29217 aligncenter\" src=\"http:\/\/envol-vert.org\/wp-content\/uploads\/2020\/10\/AGROCAFEdiagnostic-seguimiento-parcela_AGOSTO2020@N.SANCHEZ-2-300x225.jpeg\" alt=\"\" width=\"300\" height=\"225\" \/><\/a><\/p>\n<p>&nbsp;<\/p>\n","protected":false},"excerpt":{"rendered":"<p>Durante tres meses, No\u00e9 S\u00e1nchez realizo monitoreo de las plantaciones  [&#8230;]<\/p>\n","protected":false},"featured_media":0,"template":"","fils_d_actu_categ":[1428],"class_list":["post-32338","fil_d_actu","type-fil_d_actu","status-publish","hentry","fils_d_actu_categ-programa-cafe-cacao-agroforestales"],"_links":{"self":[{"href":"https:\/\/envol-vert.org\/es\/wp-json\/wp\/v2\/fil_d_actu\/32338","targetHints":{"allow":["GET"]}}],"collection":[{"href":"https:\/\/envol-vert.org\/es\/wp-json\/wp\/v2\/fil_d_actu"}],"about":[{"href":"https:\/\/envol-vert.org\/es\/wp-json\/wp\/v2\/types\/fil_d_actu"}],"version-history":[{"count":0,"href":"https:\/\/envol-vert.org\/es\/wp-json\/wp\/v2\/fil_d_actu\/32338\/revisions"}],"wp:attachment":[{"href":"https:\/\/envol-vert.org\/es\/wp-json\/wp\/v2\/media?parent=32338"}],"wp:term":[{"taxonomy":"fils_d_actu_categ","embeddable":true,"href":"https:\/\/envol-vert.org\/es\/wp-json\/wp\/v2\/fils_d_actu_categ?post=32338"}],"curies":[{"name":"wp","href":"https:\/\/api.w.org\/{rel}","templated":true}]}}