{"id":32342,"date":"2020-09-21T22:56:47","date_gmt":"2020-09-21T21:56:47","guid":{"rendered":"https:\/\/bylandry.com\/envert-v2\/?post_type=fil_d_actu&#038;p=32342"},"modified":"2021-03-22T20:47:44","modified_gmt":"2021-03-22T19:47:44","slug":"pichanaki-una-primera-evaluacion-hacia-la-conservacion-de-especies-amenazadas","status":"publish","type":"fil_d_actu","link":"https:\/\/envol-vert.org\/es\/act\/pichanaki-una-primera-evaluacion-hacia-la-conservacion-de-especies-amenazadas\/","title":{"rendered":"Pichanaki : Una primera evaluaci\u00f3n hacia la conservaci\u00f3n de especies amenazadas"},"content":{"rendered":"<div class=\"fusion-fullwidth fullwidth-box fusion-builder-row-1 nonhundred-percent-fullwidth non-hundred-percent-height-scrolling\" style=\"--awb-border-radius-top-left:0px;--awb-border-radius-top-right:0px;--awb-border-radius-bottom-right:0px;--awb-border-radius-bottom-left:0px;--awb-flex-wrap:wrap;\" ><div class=\"fusion-builder-row fusion-row\"><div class=\"fusion-layout-column fusion_builder_column fusion-builder-column-0 fusion_builder_column_1_1 1_1 fusion-one-full fusion-column-first fusion-column-last\" style=\"--awb-bg-size:cover;--awb-margin-bottom:0px;\"><div class=\"fusion-column-wrapper fusion-flex-column-wrapper-legacy\"><div class=\"fusion-text fusion-text-1\"><p>Luego de varios meses de visitas y encuestas realizadas con agricultores y actores locales, el inventario y la estrategia de conservaci\u00f3n de 5 especies forestales amenazadas est\u00e1 termin\u00e1ndose. En Pichanaki, ya lleg\u00f3 la hora de la primera evaluaci\u00f3n y permiti\u00f3 empezar la sensibilizaci\u00f3n sensibilizar a los aliados.<\/p>\n<p>Se organiz\u00f3 una reuni\u00f3n para presentar la metodolog\u00eda y los primeros resultados con la participaci\u00f3n de cuatro cooperativas aliadas y del representante del Servicio Nacional Forestal y de Fauna Silvestre (SERFOR) de Pichanaki. Como principal intermediario de los productores de caf\u00e9, las cooperativas est\u00e1n a la vanguardia para apoyar a la conservaci\u00f3n de los bosques, cuya principal causa de degradaci\u00f3n sigue siendo la instalaci\u00f3n de nuevas parcelas agr\u00edcolas. Por tanto, el apoyo de los t\u00e9cnicos para la sensibilizaci\u00f3n de los agricultores ser\u00e1 fundamental para garantizar la supervivencia de las 5 especies forestales y, en general, la conservaci\u00f3n de las \u00faltimas \u00e1reas forestales.<\/p>\n<p>Durante esta presentaci\u00f3n se discutieron muchos temas: conocimiento cient\u00edfico, criterios de identificaci\u00f3n, distribuci\u00f3n espacial, estrategia de conservaci\u00f3n y alternativas econ\u00f3micas. Tambi\u00e9n se destac\u00f3 la intenci\u00f3n de un trabajo concertado a nivel regional. Esto permitir\u00eda en particular fortalecer la alianza entre las cooperativas y SERFOR a trav\u00e9s del programa desarrollado por Envol Vert.<\/p>\n<p>Hoy, el trabajo de diagn\u00f3stico contin\u00faa, pero esta vez en el sitio del proyecto Cacao Agroforestal en Tingo Mar\u00eda.<\/p>\n<\/div><div class=\"fusion-clearfix\"><\/div><\/div><\/div><\/div><\/div>\n","protected":false},"excerpt":{"rendered":"","protected":false},"featured_media":37639,"template":"","fils_d_actu_categ":[1656,1428],"class_list":["post-32342","fil_d_actu","type-fil_d_actu","status-publish","has-post-thumbnail","hentry","fils_d_actu_categ-actualidades-generales","fils_d_actu_categ-programa-cafe-cacao-agroforestales"],"_links":{"self":[{"href":"https:\/\/envol-vert.org\/es\/wp-json\/wp\/v2\/fil_d_actu\/32342","targetHints":{"allow":["GET"]}}],"collection":[{"href":"https:\/\/envol-vert.org\/es\/wp-json\/wp\/v2\/fil_d_actu"}],"about":[{"href":"https:\/\/envol-vert.org\/es\/wp-json\/wp\/v2\/types\/fil_d_actu"}],"version-history":[{"count":0,"href":"https:\/\/envol-vert.org\/es\/wp-json\/wp\/v2\/fil_d_actu\/32342\/revisions"}],"wp:featuredmedia":[{"embeddable":true,"href":"https:\/\/envol-vert.org\/es\/wp-json\/wp\/v2\/media\/37639"}],"wp:attachment":[{"href":"https:\/\/envol-vert.org\/es\/wp-json\/wp\/v2\/media?parent=32342"}],"wp:term":[{"taxonomy":"fils_d_actu_categ","embeddable":true,"href":"https:\/\/envol-vert.org\/es\/wp-json\/wp\/v2\/fils_d_actu_categ?post=32342"}],"curies":[{"name":"wp","href":"https:\/\/api.w.org\/{rel}","templated":true}]}}