{"id":32344,"date":"2020-06-21T23:02:49","date_gmt":"2020-06-21T22:02:49","guid":{"rendered":"https:\/\/bylandry.com\/envert-v2\/?post_type=fil_d_actu&#038;p=32344"},"modified":"2021-03-22T20:49:41","modified_gmt":"2021-03-22T19:49:41","slug":"perunidad-gana-dos-premios-para-el-proyecto-de-pichanaki","status":"publish","type":"fil_d_actu","link":"https:\/\/envol-vert.org\/es\/act\/perunidad-gana-dos-premios-para-el-proyecto-de-pichanaki\/","title":{"rendered":"Perunidad gana dos premios para el proyecto de Pichanaki"},"content":{"rendered":"<div class=\"fusion-fullwidth fullwidth-box fusion-builder-row-1 nonhundred-percent-fullwidth non-hundred-percent-height-scrolling\" style=\"--awb-border-radius-top-left:0px;--awb-border-radius-top-right:0px;--awb-border-radius-bottom-right:0px;--awb-border-radius-bottom-left:0px;--awb-flex-wrap:wrap;\" ><div class=\"fusion-builder-row fusion-row\"><div class=\"fusion-layout-column fusion_builder_column fusion-builder-column-0 fusion_builder_column_1_1 1_1 fusion-one-full fusion-column-first fusion-column-last\" style=\"--awb-bg-size:cover;--awb-margin-bottom:0px;\"><div class=\"fusion-column-wrapper fusion-flex-column-wrapper-legacy\"><div class=\"fusion-text fusion-text-1\"><p>Como todos los a\u00f1os desde 2017, la asociaci\u00f3n Perunidad es socia del proyecto de Agroforesteria y caf\u00e9 en Pichanaki. El equipo de Envol Vert ha estado en contacto desde finales de 2019 con los cuatro estudiantes reci\u00e9n integrados en la escuela de ingenier\u00eda Centrale-Sup\u00e9lec: Mathilde, Luc, Thomas y Carlos. Los cuatro han decidido apoyar este proyecto durante 1 a\u00f1o, desde la investigaci\u00f3n b\u00e1sica hasta la operativa.<\/p>\n<p>Como en los a\u00f1os anteriores, durante los primeros meses los estudiantes se enfocaron en encontrar fondos para apoyar el proyecto y planificar sus actividades de campo para el mes de julio. Aunque lamentablemente su llegada se vio comprometida por la crisis de salud global, los fondos adicionales obtenidos por su trabajo ayudar\u00e1n el proyecto de manera efectiva. Este apoyo es a\u00fan m\u00e1s necesario durante esta crisis que parece paralizar a todos los sectores.<\/p>\n<p>Entre todos los excelentes resultados, nos gustar\u00eda felicitarlos en particular por haber ganado con \u00e9xito el Premio Ambiental, as\u00ed que el Premio del P\u00fablico de la Fundaci\u00f3n Deloitte. Gracias a este apoyo, se llen\u00f3 el espacio de germinaci\u00f3n y los viveros pronto podr\u00e1n recibir nuevos plantones. Tambi\u00e9n se brindar\u00e1 apoyo especial al club ambiental <em>Kametza Pronatu<\/em> del colegio Manuel Gonzales Prada para la reactivaci\u00f3n de sus actividades.<\/p>\n<p>Adem\u00e1s, el trabajo de Perunidad con Envol Vert no se suspende aqu\u00ed este a\u00f1o. Mathilde, Luc, Thomas y Carlos tendr\u00e1n la oportunidad de brindar su apoyo en el terreno al proyecto \u00aben la pradera de mis \u00e1rboles\u00bb en el Tarn durante la 6 semanas inicialmente planeadas para su estad\u00eda en Pichanaki.<\/p>\n<p>Podr\u00e1 encontrar m\u00e1s informaci\u00f3n sobre la asociaci\u00f3n Perunidad y los proyectos apoyados a trav\u00e9s de su p\u00e1gina web <a href=\"https:\/\/perunidad.cs-campus.fr\/\" target=\"_blank\" rel=\"noopener\">https:\/\/perunidad.cs-campus.fr\/<\/a> y a trav\u00e9s de su p\u00e1gina de Facebook <a href=\"https:\/\/www.facebook.com\/Perunidad\" target=\"_blank\" rel=\"noopener\">https:\/\/www.facebook.com\/Perunidad<\/a><\/p>\n<\/div><div class=\"fusion-clearfix\"><\/div><\/div><\/div><\/div><\/div>\n","protected":false},"excerpt":{"rendered":"","protected":false},"featured_media":37649,"template":"","fils_d_actu_categ":[1656,1428],"class_list":["post-32344","fil_d_actu","type-fil_d_actu","status-publish","has-post-thumbnail","hentry","fils_d_actu_categ-actualidades-generales","fils_d_actu_categ-programa-cafe-cacao-agroforestales"],"_links":{"self":[{"href":"https:\/\/envol-vert.org\/es\/wp-json\/wp\/v2\/fil_d_actu\/32344","targetHints":{"allow":["GET"]}}],"collection":[{"href":"https:\/\/envol-vert.org\/es\/wp-json\/wp\/v2\/fil_d_actu"}],"about":[{"href":"https:\/\/envol-vert.org\/es\/wp-json\/wp\/v2\/types\/fil_d_actu"}],"version-history":[{"count":0,"href":"https:\/\/envol-vert.org\/es\/wp-json\/wp\/v2\/fil_d_actu\/32344\/revisions"}],"wp:featuredmedia":[{"embeddable":true,"href":"https:\/\/envol-vert.org\/es\/wp-json\/wp\/v2\/media\/37649"}],"wp:attachment":[{"href":"https:\/\/envol-vert.org\/es\/wp-json\/wp\/v2\/media?parent=32344"}],"wp:term":[{"taxonomy":"fils_d_actu_categ","embeddable":true,"href":"https:\/\/envol-vert.org\/es\/wp-json\/wp\/v2\/fils_d_actu_categ?post=32344"}],"curies":[{"name":"wp","href":"https:\/\/api.w.org\/{rel}","templated":true}]}}