{"id":32347,"date":"2020-04-21T23:10:18","date_gmt":"2020-04-21T22:10:18","guid":{"rendered":"https:\/\/bylandry.com\/envert-v2\/?post_type=fil_d_actu&#038;p=32347"},"modified":"2020-11-21T23:10:39","modified_gmt":"2020-11-21T22:10:39","slug":"enfoque-en-el-nogal-negro-endemica-de-la-region-de-chanchamayo","status":"publish","type":"fil_d_actu","link":"https:\/\/envol-vert.org\/es\/act\/enfoque-en-el-nogal-negro-endemica-de-la-region-de-chanchamayo\/","title":{"rendered":"Enfoque en el Nogal Negro, end\u00e9mica de la regi\u00f3n de Chanchamayo"},"content":{"rendered":"<p><a href=\"http:\/\/envol-vert.org\/wp-content\/uploads\/2020\/05\/AGROCAFEr\u00e9colteNogal-Negro-Jos\u00e9-Salas_Waypancuni_MARS2020@S.BASHI_.jpg\"><img decoding=\"async\" class=\"size-medium wp-image-27805 alignleft\" src=\"http:\/\/envol-vert.org\/wp-content\/uploads\/2020\/05\/AGROCAFEr\u00e9colteNogal-Negro-Jos\u00e9-Salas_Waypancuni_MARS2020@S.BASHI_-225x300.jpg\" alt=\"\" width=\"225\" height=\"300\" \/><\/a> El diagnostico alrededor de cinco especies de arboles en peligro de extinci\u00f3n se acaba en Pichanaki. Ha sido ha sido una oportunidad para saber mas del Nogal Negro ; durante las \u00faltimas salidas al campo, una especie en particular llam\u00f3 nuestra atenci\u00f3n, el nogal andino (Juglans Neotropica). En pleno per\u00edodo de fructificaci\u00f3n en la provincia de Chanchamayo desde mediados de febrero, esta nuez se ha observado muchas veces en las parcelas de los agricultores. Aunque no es adecuado para el cultivo agroforestal del caf\u00e9 debido al tama\u00f1o de sus frutos y los taninos presentes en sus hojas, muchos productores a\u00fan tienen varios individuos, especialmente por su madera de gran resistencia y f\u00e1cil de trabajar. Sin embargo, el Nogal Negro tiene otros usos compatibles con su conservaci\u00f3n: frutas comestibles por el hombre con un valor nutricional interesante, virtudes medicinales, uso tradicional en tintes naturales, uso en pesca artesanal, servicios ecosist\u00e9micos (tambi\u00e9n es una fuente de comida para roedores locales)&#8230; tantas posibilidades para mejorar este \u00e1rbol y protegerlo en Per\u00fa.<\/p>\n","protected":false},"excerpt":{"rendered":"<p>El diagnostico alrededor de cinco especies de arboles en peligro  [&#8230;]<\/p>\n","protected":false},"featured_media":0,"template":"","fils_d_actu_categ":[1428],"class_list":["post-32347","fil_d_actu","type-fil_d_actu","status-publish","hentry","fils_d_actu_categ-programa-cafe-cacao-agroforestales"],"_links":{"self":[{"href":"https:\/\/envol-vert.org\/es\/wp-json\/wp\/v2\/fil_d_actu\/32347","targetHints":{"allow":["GET"]}}],"collection":[{"href":"https:\/\/envol-vert.org\/es\/wp-json\/wp\/v2\/fil_d_actu"}],"about":[{"href":"https:\/\/envol-vert.org\/es\/wp-json\/wp\/v2\/types\/fil_d_actu"}],"version-history":[{"count":0,"href":"https:\/\/envol-vert.org\/es\/wp-json\/wp\/v2\/fil_d_actu\/32347\/revisions"}],"wp:attachment":[{"href":"https:\/\/envol-vert.org\/es\/wp-json\/wp\/v2\/media?parent=32347"}],"wp:term":[{"taxonomy":"fils_d_actu_categ","embeddable":true,"href":"https:\/\/envol-vert.org\/es\/wp-json\/wp\/v2\/fils_d_actu_categ?post=32347"}],"curies":[{"name":"wp","href":"https:\/\/api.w.org\/{rel}","templated":true}]}}