{"id":32350,"date":"2020-02-21T23:27:55","date_gmt":"2020-02-21T22:27:55","guid":{"rendered":"https:\/\/bylandry.com\/envert-v2\/?post_type=fil_d_actu&#038;p=32350"},"modified":"2020-11-21T23:28:13","modified_gmt":"2020-11-21T22:28:13","slug":"el-apoyo-para-la-comercializacion-sigue-en-pichanaki","status":"publish","type":"fil_d_actu","link":"https:\/\/envol-vert.org\/es\/act\/el-apoyo-para-la-comercializacion-sigue-en-pichanaki\/","title":{"rendered":"El apoyo para la comercializaci\u00f3n sigue en Pichanaki"},"content":{"rendered":"<p>En febrero los tres grupos de productores de las parcelas demostrativas (Buena Vista, Pampa Az\u00e1ngaro et Waypancuni) fueron apoyados cada semana sobre el tema de las alternativas econ\u00f3micas y de la comercializaci\u00f3n.<\/p>\n<p><strong>Descubrir las posibilidades: primera etapa hacia \u00a0la comercializaci\u00f3n.<\/strong><\/p>\n<p>El primer taller sobre la comercializaci\u00f3n de este mes trato de la descubierta y del an\u00e1lisis de productos locales. Con juegos y ejercicios los productores degustaron productos procesados procediendo de los recursos de la selva central. Por ejemplo probaron mermelada de rocoto, jarabe de Yacon o infusi\u00f3n de cascara de caf\u00e9. La an\u00e1lisis de estos productos, de sus sabores, de sus presentaciones, permiti\u00f3 proyectarse en los retos de la comercializaci\u00f3n.<\/p>\n<p><strong><a href=\"http:\/\/envol-vert.org\/wp-content\/uploads\/2020\/04\/AGROateliercommercialisation-Buena-Vista-FEV2020@Q.COQUILLAUD.jpg\"><img decoding=\"async\" class=\"size-medium wp-image-27485 alignleft\" src=\"http:\/\/envol-vert.org\/wp-content\/uploads\/2020\/04\/AGROateliercommercialisation-Buena-Vista-FEV2020@Q.COQUILLAUD-300x224.jpg\" alt=\"\" width=\"300\" height=\"224\" \/><\/a>Hablar el mismo lenguaje como base del trabajo del grupo.<\/strong><\/p>\n<p>La segunda sesi\u00f3n del apoyo permiti\u00f3\u00a0 abordar la teor\u00eda y la metodolog\u00eda de la comercializaci\u00f3n con un trabajo sobre los conceptos claves. Con actividades en subgrupos, los productores definieron juntos los conceptos claves y las grandes preguntas que deben hacerse antes de comercializar un producto. \u201c\u00bfTodos est\u00e1n de acuerdo con la metodolog\u00eda? \u00a1En<a href=\"http:\/\/envol-vert.org\/wp-content\/uploads\/2020\/04\/AGROateliercommercialisation-Pampa-Azangaro-FEV2020@Q.COQUILLAUD.jpg\"><img decoding=\"async\" class=\"size-medium wp-image-27486 alignright\" src=\"http:\/\/envol-vert.org\/wp-content\/uploads\/2020\/04\/AGROateliercommercialisation-Pampa-Azangaro-FEV2020@Q.COQUILLAUD-224x300.jpg\" alt=\"\" width=\"224\" height=\"300\" \/><\/a>tonces vamos!\u201d<\/p>\n<p>&nbsp;<\/p>\n<p><strong>Establecer su oferta: puede ser dif\u00edcil cuando tenemos muchas cosas en la chacra<\/strong><\/p>\n<p>En el tercero taller de comercializaci\u00f3n de febrero, el objetivo era de establecer colectivamente cual productos (o servicios) el grupo puede ofrecer al mercado. Para ayudar a tomar las buenas decisiones Envol Vert dirigi\u00f3 ejercicios para seleccionar los productos con m\u00e1s ventajas para el grupo seg\u00fan la producci\u00f3n (cantidad, cualidad, conservaci\u00f3n, manejo de la producci\u00f3n, etc.). \u201c\u00a1Descarto los r\u00e1banos por el momento, estoy m\u00e1s seguro con mis lechugas!\u201d<\/p>\n<p><strong>Definir su zona de comercializaci\u00f3n: \u00bfD\u00f3nde vender?<\/strong><\/p>\n<p>\u201c\u00bfBueno, ahora que sabemos que vender, adonde venderemos?\u201d Para responder a esta pregunta los productores fueron apoyados con herramientas para tomar decisiones: conocer las ventajas y las desventajas de cada zona de comercializaci\u00f3n cerca de los centros poblados y elegir la estrategia la m\u00e1s adecuada para el grupo. \u00a1Para algunos ser\u00e1 \u00a0Pichanaki para los dem\u00e1s los pueblos m\u00e1s cerca de ellos!<\/p>\n<p>El apoyo sobre la comercializaci\u00f3n seguir\u00e1 en marzo: hacer el estudio de mercado de terreno, establecer los costos de producci\u00f3n, construir la comunicaci\u00f3n de los productos (publicidad) y por fin hacer una prueba de mercado durante la Feria Verde organizada par Envol Vert y los productores el 29 de marzo.<\/p>\n<p><a href=\"http:\/\/envol-vert.org\/wp-content\/uploads\/2020\/04\/AGROateliercommercialisation-Waypancuni-FEV2020@Q.COQUILLAUD.jpg\"><img decoding=\"async\" class=\"size-medium wp-image-27484 aligncenter\" src=\"http:\/\/envol-vert.org\/wp-content\/uploads\/2020\/04\/AGROateliercommercialisation-Waypancuni-FEV2020@Q.COQUILLAUD-300x224.jpg\" alt=\"\" width=\"300\" height=\"224\" \/><\/a><\/p>\n","protected":false},"excerpt":{"rendered":"<p>En febrero los tres grupos de productores de las parcelas  [&#8230;]<\/p>\n","protected":false},"featured_media":0,"template":"","fils_d_actu_categ":[1428],"class_list":["post-32350","fil_d_actu","type-fil_d_actu","status-publish","hentry","fils_d_actu_categ-programa-cafe-cacao-agroforestales"],"_links":{"self":[{"href":"https:\/\/envol-vert.org\/es\/wp-json\/wp\/v2\/fil_d_actu\/32350","targetHints":{"allow":["GET"]}}],"collection":[{"href":"https:\/\/envol-vert.org\/es\/wp-json\/wp\/v2\/fil_d_actu"}],"about":[{"href":"https:\/\/envol-vert.org\/es\/wp-json\/wp\/v2\/types\/fil_d_actu"}],"version-history":[{"count":0,"href":"https:\/\/envol-vert.org\/es\/wp-json\/wp\/v2\/fil_d_actu\/32350\/revisions"}],"wp:attachment":[{"href":"https:\/\/envol-vert.org\/es\/wp-json\/wp\/v2\/media?parent=32350"}],"wp:term":[{"taxonomy":"fils_d_actu_categ","embeddable":true,"href":"https:\/\/envol-vert.org\/es\/wp-json\/wp\/v2\/fils_d_actu_categ?post=32350"}],"curies":[{"name":"wp","href":"https:\/\/api.w.org\/{rel}","templated":true}]}}