{"id":32352,"date":"2019-10-21T23:42:20","date_gmt":"2019-10-21T22:42:20","guid":{"rendered":"https:\/\/bylandry.com\/envert-v2\/?post_type=fil_d_actu&#038;p=32352"},"modified":"2020-11-21T23:45:48","modified_gmt":"2020-11-21T22:45:48","slug":"pichanaki-pasantia-en-torno-al-cafe-y-sus-alternativas-economicas","status":"publish","type":"fil_d_actu","link":"https:\/\/envol-vert.org\/es\/act\/pichanaki-pasantia-en-torno-al-cafe-y-sus-alternativas-economicas\/","title":{"rendered":"Pichanaki : Pasant\u00eda en torno al caf\u00e9 y sus alternativas econ\u00f3micas"},"content":{"rendered":"<h3><\/h3>\n<p>El mi\u00e9rcoles 30 de octubre, 17 productores de caf\u00e9 de Buena Vista y Pampa Azangaro (proyecto caf\u00e9 y reforestaci\u00f3n de Pichanaki, Per\u00fa) participaron en una pasant\u00eda en torno al caf\u00e9 y sus diversas alternativas econ\u00f3micas. Esta pasant\u00eda, muy inspiradora y rica en lecciones t\u00e9cnicas para los <a href=\"http:\/\/envol-vert.org\/wp-content\/uploads\/2019\/03\/AGROFOPasantia-HighlandCoffee-PhotoGroupe1_OCTOBRE2019@L.LIZE_.jpeg\"><img decoding=\"async\" class=\"size-medium wp-image-25917 alignright\" src=\"http:\/\/envol-vert.org\/wp-content\/uploads\/2019\/03\/AGROFOPasantia-HighlandCoffee-PhotoGroupe1_OCTOBRE2019@L.LIZE_-225x300.jpeg\" alt=\"\" width=\"225\" height=\"300\" srcset=\"https:\/\/envol-vert.org\/wp-content\/uploads\/2019\/03\/AGROFOPasantia-HighlandCoffee-PhotoGroupe1_OCTOBRE2019@L.LIZE_-225x300.jpeg 225w, https:\/\/envol-vert.org\/wp-content\/uploads\/2019\/03\/AGROFOPasantia-HighlandCoffee-PhotoGroupe1_OCTOBRE2019@L.LIZE_-768x1024.jpeg 768w, https:\/\/envol-vert.org\/wp-content\/uploads\/2019\/03\/AGROFOPasantia-HighlandCoffee-PhotoGroupe1_OCTOBRE2019@L.LIZE_.jpeg 960w\" sizes=\"(max-width: 225px) 100vw, 225px\" \/><\/a>productores, fue tambi\u00e9n una oportunidad para un momento de convivencia entre los dos grupos acompa\u00f1ados por Envol Vert como parte de las parcelas demostrativas.<\/p>\n<p>Jos\u00e9 Jorg\u00e9 Durand, el gerente de Highland Coffee, nos mostr\u00f3 por primera vez su finca modela \u00abRainforest\u00bb en San Luis de Shuaro, en el Parque Nacional del Valle de Palomar. Cultiva unas sesenta hect\u00e1reas de caf\u00e9 org\u00e1nico en agroforester\u00eda. Sus parcelas est\u00e1n diversificadas gracias a \u00e1rboles frutales (aguacate, mango, caimito, etc.), \u00e1rboles maderables, cacao y productos nativos de la Amazon\u00eda peruana, a los que considera la futura fuente de alimento del pa\u00eds: la moringa, un \u00e1rbol cuyas hojas contienen 17 veces m\u00e1s calcio que la leche y 25 veces m\u00e1s hierro que las espinacas, y termitas. Con un delicioso sabor picante, cerca de la pimienta, aporta de dos a tres veces m\u00e1s prote\u00ednas que el pollo por la misma cantidad consumida.<\/p>\n<p><a href=\"http:\/\/envol-vert.org\/wp-content\/uploads\/2019\/03\/AGROFOPasantiaHighlandCoffee_VisitePlanta-OCTOBRE2019@L.LIZE_.jpeg\"><img decoding=\"async\" class=\"size-medium wp-image-25918 alignleft\" src=\"http:\/\/envol-vert.org\/wp-content\/uploads\/2019\/03\/AGROFOPasantiaHighlandCoffee_VisitePlanta-OCTOBRE2019@L.LIZE_-300x225.jpeg\" alt=\"\" width=\"300\" height=\"225\" srcset=\"https:\/\/envol-vert.org\/wp-content\/uploads\/2019\/03\/AGROFOPasantiaHighlandCoffee_VisitePlanta-OCTOBRE2019@L.LIZE_-300x225.jpeg 300w, https:\/\/envol-vert.org\/wp-content\/uploads\/2019\/03\/AGROFOPasantiaHighlandCoffee_VisitePlanta-OCTOBRE2019@L.LIZE_-768x576.jpeg 768w, https:\/\/envol-vert.org\/wp-content\/uploads\/2019\/03\/AGROFOPasantiaHighlandCoffee_VisitePlanta-OCTOBRE2019@L.LIZE_-1024x768.jpeg 1024w, https:\/\/envol-vert.org\/wp-content\/uploads\/2019\/03\/AGROFOPasantiaHighlandCoffee_VisitePlanta-OCTOBRE2019@L.LIZE_.jpeg 1280w\" sizes=\"(max-width: 300px) 100vw, 300px\" \/><\/a>A lo largo de la visita, los productores pudieron hacer muchas preguntas sobre temas tan variados como fertilizantes org\u00e1nicos y m\u00e9todos de producci\u00f3n de abono org\u00e1nico o instalaciones para mejorar la calidad de su caf\u00e9, y buscar asesoramiento para asegurar el \u00e9xito de una actividad de agroturismo o diversificar su chacra.<\/p>\n<p>Jos\u00e9 Jorg\u00e9 nos llev\u00f3 a un recorrido por la planta procesadora de caf\u00e9 de Highland Coffee en La Merced: caf\u00e9, cacao, frutas y productos t\u00edpicos de la selva amaz\u00f3nica, comprados a grupos de productores y cooperativas de la regi\u00f3n, son transformados en deliciosos frutos secos o confiscados recubiertos de chocolate, jugos y mermeladas con niveles de az\u00facar controlados para la salud de los consumidores, t\u00e9s de hierbas y complementos alimenticios que perpet\u00faan el conocimiento tradicional de los Ashaninka.<a href=\"http:\/\/envol-vert.org\/wp-content\/uploads\/2019\/03\/AGROFOPasantiaHighlandCoffee_OCTOBRE2019.jpeg\"><img decoding=\"async\" class=\"size-medium wp-image-25916 alignright\" src=\"http:\/\/envol-vert.org\/wp-content\/uploads\/2019\/03\/AGROFOPasantiaHighlandCoffee_OCTOBRE2019-225x300.jpeg\" alt=\"\" width=\"225\" height=\"300\" srcset=\"https:\/\/envol-vert.org\/wp-content\/uploads\/2019\/03\/AGROFOPasantiaHighlandCoffee_OCTOBRE2019-225x300.jpeg 225w, https:\/\/envol-vert.org\/wp-content\/uploads\/2019\/03\/AGROFOPasantiaHighlandCoffee_OCTOBRE2019-768x1024.jpeg 768w, https:\/\/envol-vert.org\/wp-content\/uploads\/2019\/03\/AGROFOPasantiaHighlandCoffee_OCTOBRE2019.jpeg 960w\" sizes=\"(max-width: 225px) 100vw, 225px\" \/><\/a><\/p>\n<p>El gerente de Highland Coffee anim\u00f3 fuertemente a los productores a organizarse, ayudarse mutuamente y promover sus productos en el mercado local, para poder vender a un precio justo y participar en el desarrollo del pa\u00eds. Tambi\u00e9n invit\u00f3 a los m\u00e1s interesados a regresar por dos d\u00edas para aprender a manejar una actividad de agroturismo alternativo en su finca modelo, y a participar en un curso de capacitaci\u00f3n sobre el cultivo org\u00e1nico de pi\u00f1a. Finalmente, expres\u00f3 el deseo de que alg\u00fan d\u00eda los agricultores estuvieran entre los proveedores de Highland Coffee. \u00a1A buen entendedor!<\/p>\n<p>&nbsp;<\/p>\n","protected":false},"excerpt":{"rendered":"<p>El mi\u00e9rcoles 30 de octubre, 17 productores de caf\u00e9 de  [&#8230;]<\/p>\n","protected":false},"featured_media":0,"template":"","fils_d_actu_categ":[1656,1428],"class_list":["post-32352","fil_d_actu","type-fil_d_actu","status-publish","hentry","fils_d_actu_categ-actualidades-generales","fils_d_actu_categ-programa-cafe-cacao-agroforestales"],"_links":{"self":[{"href":"https:\/\/envol-vert.org\/es\/wp-json\/wp\/v2\/fil_d_actu\/32352","targetHints":{"allow":["GET"]}}],"collection":[{"href":"https:\/\/envol-vert.org\/es\/wp-json\/wp\/v2\/fil_d_actu"}],"about":[{"href":"https:\/\/envol-vert.org\/es\/wp-json\/wp\/v2\/types\/fil_d_actu"}],"version-history":[{"count":0,"href":"https:\/\/envol-vert.org\/es\/wp-json\/wp\/v2\/fil_d_actu\/32352\/revisions"}],"wp:attachment":[{"href":"https:\/\/envol-vert.org\/es\/wp-json\/wp\/v2\/media?parent=32352"}],"wp:term":[{"taxonomy":"fils_d_actu_categ","embeddable":true,"href":"https:\/\/envol-vert.org\/es\/wp-json\/wp\/v2\/fils_d_actu_categ?post=32352"}],"curies":[{"name":"wp","href":"https:\/\/api.w.org\/{rel}","templated":true}]}}