{"id":32362,"date":"2020-06-22T13:56:27","date_gmt":"2020-06-22T12:56:27","guid":{"rendered":"https:\/\/bylandry.com\/envert-v2\/?post_type=fil_d_actu&#038;p=32362"},"modified":"2021-03-22T21:01:17","modified_gmt":"2021-03-22T20:01:17","slug":"una-reactivacion-gradual-de-las-actividades","status":"publish","type":"fil_d_actu","link":"https:\/\/envol-vert.org\/es\/act\/una-reactivacion-gradual-de-las-actividades\/","title":{"rendered":"Una reactivaci\u00f3n gradual de las actividades"},"content":{"rendered":"<div class=\"fusion-fullwidth fullwidth-box fusion-builder-row-1 nonhundred-percent-fullwidth non-hundred-percent-height-scrolling\" style=\"--awb-border-radius-top-left:0px;--awb-border-radius-top-right:0px;--awb-border-radius-bottom-right:0px;--awb-border-radius-bottom-left:0px;--awb-flex-wrap:wrap;\" ><div class=\"fusion-builder-row fusion-row\"><div class=\"fusion-layout-column fusion_builder_column fusion-builder-column-0 fusion_builder_column_1_1 1_1 fusion-one-full fusion-column-first fusion-column-last\" style=\"--awb-bg-size:cover;--awb-margin-bottom:0px;\"><div class=\"fusion-column-wrapper fusion-flex-column-wrapper-legacy\"><div class=\"fusion-text fusion-text-1\"><p>Aunque el aislamiento social contin\u00faa en Per\u00fa hasta finales de julio, los equipos se est\u00e1n organizando para un regreso gradual al campo. Trabajo de precisi\u00f3n para este proyecto que abarca un gran territorio de acci\u00f3n.<\/p>\n<p>En el mundo rural peruano no es raro tener que tratar con comunidades autogestionadas. Cada una tiene l\u00edderes que gobiernan las normas vigentes en los pueblos. La cuarentena no excedi\u00f3 su legitimidad y cada centro poblado adopt\u00f3 las regulaciones que les parec\u00edan m\u00e1s adecuadas. Con el objetivo de prepararse para el deconfinamiento, los equipos locales de Envol Ver tuvieron que adaptarse a esta situaci\u00f3n extraordinaria y adoptar un comportamiento y una rutina de trabajo coherente con cada localidad. Un desaf\u00edo cuando intervenimos en m\u00e1s de 8 localidades diferentes.<\/p>\n<p>Paralelamente, pudimos obtener un derecho de movilidad regional gracias al apoyo de la cooperativa aliada del proyecto. A pesar de todo, observamos que este per\u00edodo complicado nos permiti\u00f3 fortalecer a\u00fan m\u00e1s los lazos e intercambios con nuestros aliados de campo.<\/p>\n<p>Una vez que se garantizaron las autorizaciones, los equipos comenzaron una fase de organizaci\u00f3n de los grupos de agricultores. Subgrupos se han dise\u00f1ado para facilitar la realizaci\u00f3n del trabajo y la distribuci\u00f3n de tareas (llenar las bolsas con tierra, trasplantar los \u00e1rboles j\u00f3venes, distribuir los que est\u00e1n listos para la instalaci\u00f3n, etc.) y as\u00ed minimizar los riesgos.<\/p>\n<p>Hoy, los equipos han retomado la gesti\u00f3n de las actividades de campo a diario con la conformidad de un estricto protocolo de higiene. Sin embargo, a\u00fan tendremos que esperar la reactivaci\u00f3n de ciertas actividades, como las capacitaciones, que generalmente se lleva a cabo de manera colectiva.<\/p>\n<\/div><div class=\"fusion-clearfix\"><\/div><\/div><\/div><\/div><\/div>\n","protected":false},"excerpt":{"rendered":"","protected":false},"featured_media":37659,"template":"","fils_d_actu_categ":[1656,1428],"class_list":["post-32362","fil_d_actu","type-fil_d_actu","status-publish","has-post-thumbnail","hentry","fils_d_actu_categ-actualidades-generales","fils_d_actu_categ-programa-cafe-cacao-agroforestales"],"_links":{"self":[{"href":"https:\/\/envol-vert.org\/es\/wp-json\/wp\/v2\/fil_d_actu\/32362","targetHints":{"allow":["GET"]}}],"collection":[{"href":"https:\/\/envol-vert.org\/es\/wp-json\/wp\/v2\/fil_d_actu"}],"about":[{"href":"https:\/\/envol-vert.org\/es\/wp-json\/wp\/v2\/types\/fil_d_actu"}],"version-history":[{"count":0,"href":"https:\/\/envol-vert.org\/es\/wp-json\/wp\/v2\/fil_d_actu\/32362\/revisions"}],"wp:featuredmedia":[{"embeddable":true,"href":"https:\/\/envol-vert.org\/es\/wp-json\/wp\/v2\/media\/37659"}],"wp:attachment":[{"href":"https:\/\/envol-vert.org\/es\/wp-json\/wp\/v2\/media?parent=32362"}],"wp:term":[{"taxonomy":"fils_d_actu_categ","embeddable":true,"href":"https:\/\/envol-vert.org\/es\/wp-json\/wp\/v2\/fils_d_actu_categ?post=32362"}],"curies":[{"name":"wp","href":"https:\/\/api.w.org\/{rel}","templated":true}]}}