{"id":32366,"date":"2020-02-22T14:28:37","date_gmt":"2020-02-22T13:28:37","guid":{"rendered":"https:\/\/bylandry.com\/envert-v2\/?post_type=fil_d_actu&#038;p=32366"},"modified":"2020-11-22T14:31:37","modified_gmt":"2020-11-22T13:31:37","slug":"tingo-maria-el-final-de-un-ciclo-de-capacitacion-sobre-la-vida-del-suelo","status":"publish","type":"fil_d_actu","link":"https:\/\/envol-vert.org\/es\/act\/tingo-maria-el-final-de-un-ciclo-de-capacitacion-sobre-la-vida-del-suelo\/","title":{"rendered":"Tingo Maria : El final de un ciclo de capacitaci\u00f3n sobre la vida del suelo"},"content":{"rendered":"<p><a href=\"http:\/\/envol-vert.org\/wp-content\/uploads\/2020\/04\/AGROCACAOVie-du-sol-\u00e0-Corvina_FEV2020@L.DUVAL_.jpg\"><img decoding=\"async\" class=\"size-medium wp-image-27489 alignleft\" src=\"http:\/\/envol-vert.org\/wp-content\/uploads\/2020\/04\/AGROCACAOVie-du-sol-\u00e0-Corvina_FEV2020@L.DUVAL_-300x169.jpg\" alt=\"\" width=\"300\" height=\"169\" \/><\/a>En Tingo Mar\u00eda, se vuelve a sentar las bases. Los productores construyen con nosotros la definici\u00f3n del suelo. Es tierra. Es vida. Es donde crecen las plantas. \u00a1Recibimos muchas respuestas, y cada cual m\u00e1s justas! El suelo es el medio natural donde crecen las plantas, est\u00e1 compuesto de minerales, de aire, de agua y de materia org\u00e1nica que se reparten en varios estratos. Cada uno de estos componentes tiene su funci\u00f3n. El aire permite llevar ox\u00edgeno al suelo y todos los gases que necesitan el suelo y las plantas, tambi\u00e9n permite el paso de las ra\u00edces, de las plantas y de los seres vivos. El agua permite aportar los nutrientes necesarios al crecimiento de las plantas. Los minerales aseguran la fertilidad de la tierra. La \u00faltima, aunque no menos importante, es la materia org\u00e1nica. Permite estabilizar la estructura del suelo, fertilizar la tierra, aumentar la capacidad de retenci\u00f3n del agua y del suelo. El conjunto de esta actividad conserva el equilibrio de los nutrientes en el suelo.<\/p>\n<p><a href=\"http:\/\/envol-vert.org\/wp-content\/uploads\/2020\/04\/AGROCACAOVie-du-sol-\u00e0-Monterrico_FEV2020@L.DUVAL_.jpeg\"><img decoding=\"async\" class=\"size-medium wp-image-27487 alignright\" src=\"http:\/\/envol-vert.org\/wp-content\/uploads\/2020\/04\/AGROCACAOVie-du-sol-\u00e0-Monterrico_FEV2020@L.DUVAL_-300x169.jpeg\" alt=\"\" width=\"300\" height=\"169\" \/><\/a>Siendo las actividades pr\u00e1cticas la piedra angular de una buena capacitaci\u00f3n para los agricultores del proyecto, todos estos conocimientos fueron compartidos y conversados con ellos observando el suelo alrededor de los viveros y de los espacios de capacitaci\u00f3n. En San Miguel de Tulumayo el suelo era bien compactado mientras que en Venenillo la materia org\u00e1nica permit\u00eda conservar un alto grado de humedad. \u00a1Aquellas observaciones e intercambios con los productores nos permitieron aprender mucho m\u00e1s sobre el suelo de cada uno de los centros poblados! Los productores, ya estaban sensibilizados al impacto del uso de productos qu\u00edmicos, sin embargo, este ciclo de capacitaci\u00f3n les permiti\u00f3 entender mejor por qu\u00e9 era peligroso para el suelo y sobre todo para qui\u00e9n (los microorganismos y \u00a1su propia salud!).<\/p>\n<p>Esta capacitaci\u00f3n permito al equipo de Tingo Mar\u00eda sensibilizar a los grupos a t\u00e9cnicas de conservaci\u00f3n de los suelos (plantar una cobertura de suelo, conservar su hojarasca, etc.) y al papel de los \u00e1rboles (cada hoja que cae ofrece un nutriente complementario a la tierra) \u00a1para darles una visi\u00f3n global de las especies nativas de \u00e1rboles que les pueden servir y que podr\u00e1n plantar en sus parcelas! Esta capacitaci\u00f3n se inscribe en un programa m\u00e1s amplio, por ejemplo trataremos de las tem\u00e1ticas de los sistemas agroforestales y de los monocultivos el mes que viene, pero tambi\u00e9n de diversificaci\u00f3n y conservaci\u00f3n en el mes de abril.<\/p>\n<p><a href=\"http:\/\/envol-vert.org\/wp-content\/uploads\/2020\/04\/AGROCACAOVie-du-sol-\u00e0-Venenillo_FEV2020@L.DUVAL_.jpg\"><img decoding=\"async\" class=\"size-medium wp-image-27488 aligncenter\" src=\"http:\/\/envol-vert.org\/wp-content\/uploads\/2020\/04\/AGROCACAOVie-du-sol-\u00e0-Venenillo_FEV2020@L.DUVAL_-300x225.jpg\" alt=\"\" width=\"300\" height=\"225\" \/><\/a><\/p>\n","protected":false},"excerpt":{"rendered":"<p>En Tingo Mar\u00eda, se vuelve a sentar las bases. Los  [&#8230;]<\/p>\n","protected":false},"featured_media":0,"template":"","fils_d_actu_categ":[1428],"class_list":["post-32366","fil_d_actu","type-fil_d_actu","status-publish","hentry","fils_d_actu_categ-programa-cafe-cacao-agroforestales"],"_links":{"self":[{"href":"https:\/\/envol-vert.org\/es\/wp-json\/wp\/v2\/fil_d_actu\/32366","targetHints":{"allow":["GET"]}}],"collection":[{"href":"https:\/\/envol-vert.org\/es\/wp-json\/wp\/v2\/fil_d_actu"}],"about":[{"href":"https:\/\/envol-vert.org\/es\/wp-json\/wp\/v2\/types\/fil_d_actu"}],"version-history":[{"count":0,"href":"https:\/\/envol-vert.org\/es\/wp-json\/wp\/v2\/fil_d_actu\/32366\/revisions"}],"wp:attachment":[{"href":"https:\/\/envol-vert.org\/es\/wp-json\/wp\/v2\/media?parent=32366"}],"wp:term":[{"taxonomy":"fils_d_actu_categ","embeddable":true,"href":"https:\/\/envol-vert.org\/es\/wp-json\/wp\/v2\/fils_d_actu_categ?post=32366"}],"curies":[{"name":"wp","href":"https:\/\/api.w.org\/{rel}","templated":true}]}}