{"id":32367,"date":"2020-01-22T14:44:29","date_gmt":"2020-01-22T13:44:29","guid":{"rendered":"https:\/\/bylandry.com\/envert-v2\/?post_type=fil_d_actu&#038;p=32367"},"modified":"2020-11-22T14:45:28","modified_gmt":"2020-11-22T13:45:28","slug":"epoca-de-lluvias-y-re-vegetalizacion-de-las-riberas","status":"publish","type":"fil_d_actu","link":"https:\/\/envol-vert.org\/es\/act\/epoca-de-lluvias-y-re-vegetalizacion-de-las-riberas\/","title":{"rendered":"\u00c9poca de lluvias y re-vegetalizaci\u00f3n de las riberas en Tingo Maria"},"content":{"rendered":"<p><strong>\u00a1Agua, agua y m\u00e1s agua!<\/strong><\/p>\n<p><a href=\"http:\/\/envol-vert.org\/wp-content\/uploads\/2020\/04\/AGROCACAOEboulement_JAN2020@L.DUVAL_.jpg\"><img decoding=\"async\" class=\"size-medium wp-image-27492 alignleft\" src=\"http:\/\/envol-vert.org\/wp-content\/uploads\/2020\/04\/AGROCACAOEboulement_JAN2020@L.DUVAL_-300x215.jpg\" alt=\"\" width=\"300\" height=\"215\" \/><\/a>La temporada de las lluvias es de doble filo en Tingo Mar\u00eda, conlleva fertilidad, regula la temperatura y purifica el aire, pero tambi\u00e9n engendra derrumbes, desbordamientos de los r\u00edos e inundaciones. Cada a\u00f1o es un problema para los agricultores que pueden perder sus cultivos y hasta sus terrenos en caso de erosi\u00f3n y derrumbe de la tierra. En octubre, el equipo de campo en Tingo Mar\u00eda hab\u00eda empezado a trabajar sobre la elaboraci\u00f3n de dise\u00f1os personalizados para las parcelas de los productores. En enero, al inicio de la temporada de lluvias, este trabajo adquiere su pleno sentido. Desde el inicio del mes, las fuertes precipitaciones desencadenaron varias problem\u00e1ticas. En Venenillo los cultivos fueron inundados, en Puente P\u00e9rez las aguas del r\u00edo se comieron pedazos de terreno, en Monterrico los plantones se quedan en el vivero porque no se pueden instalar en tierra rebosada de agua, y \u00a1podr\u00edamos sumar a\u00fan m\u00e1s ejemplos!<\/p>\n<p><strong>\u00bfQu\u00e9 soluciones para las inundaciones?<\/strong><\/p>\n<p>Al observar esta situaci\u00f3n, Envol Vert ha decidido utilizar los 500 plantones de Bucshilla que ten\u00eda en su germinador, un \u00e1rbol con sistema radicular fuerte y profundo. Al elaborar los dise\u00f1os personalizados de las parcelas, el equipo de campo decidi\u00f3 proponer linderos en las riberas del r\u00edo, donde haya cultivos, en parte compuestos de Bucshilla. La re-vegetalizaci\u00f3n de las riberas permitir\u00e1 el mejoramiento de la infiltraci\u00f3n de las aguas en los suelos y la disminuci\u00f3n de la velocidad de su propagaci\u00f3n. Este mes de enero se acaba sobre la constataci\u00f3n de los estragos, pero tambi\u00e9n sobre el nacimiento de ideas, a largo plazo, para mejorar la resistencia de los cultivos en \u00e9pocas de lluvia y disminuir las consecuencias de la deforestaci\u00f3n que acelera el proceso de derrumbe y erosi\u00f3n de los suelos.<\/p>\n<p><a href=\"http:\/\/envol-vert.org\/wp-content\/uploads\/2020\/04\/AGROCACAOBuschilla_JAN2020@L.DUVAL_.jpg\"><img decoding=\"async\" class=\"wp-image-27491 aligncenter\" src=\"http:\/\/envol-vert.org\/wp-content\/uploads\/2020\/04\/AGROCACAOBuschilla_JAN2020@L.DUVAL_-300x70.jpg\" alt=\"\" width=\"638\" height=\"149\" \/><\/a><\/p>\n<p>&nbsp;<\/p>\n","protected":false},"excerpt":{"rendered":"<p>\u00a1Agua, agua y m\u00e1s agua! La temporada de las lluvias  [&#8230;]<\/p>\n","protected":false},"featured_media":0,"template":"","fils_d_actu_categ":[1428],"class_list":["post-32367","fil_d_actu","type-fil_d_actu","status-publish","hentry","fils_d_actu_categ-programa-cafe-cacao-agroforestales"],"_links":{"self":[{"href":"https:\/\/envol-vert.org\/es\/wp-json\/wp\/v2\/fil_d_actu\/32367","targetHints":{"allow":["GET"]}}],"collection":[{"href":"https:\/\/envol-vert.org\/es\/wp-json\/wp\/v2\/fil_d_actu"}],"about":[{"href":"https:\/\/envol-vert.org\/es\/wp-json\/wp\/v2\/types\/fil_d_actu"}],"version-history":[{"count":0,"href":"https:\/\/envol-vert.org\/es\/wp-json\/wp\/v2\/fil_d_actu\/32367\/revisions"}],"wp:attachment":[{"href":"https:\/\/envol-vert.org\/es\/wp-json\/wp\/v2\/media?parent=32367"}],"wp:term":[{"taxonomy":"fils_d_actu_categ","embeddable":true,"href":"https:\/\/envol-vert.org\/es\/wp-json\/wp\/v2\/fils_d_actu_categ?post=32367"}],"curies":[{"name":"wp","href":"https:\/\/api.w.org\/{rel}","templated":true}]}}