{"id":32370,"date":"2019-12-22T14:55:44","date_gmt":"2019-12-22T13:55:44","guid":{"rendered":"https:\/\/bylandry.com\/envert-v2\/?post_type=fil_d_actu&#038;p=32370"},"modified":"2020-11-22T14:56:05","modified_gmt":"2020-11-22T13:56:05","slug":"en-tingo-maria-un-dia-de-pasantia-cerca-de-navidad","status":"publish","type":"fil_d_actu","link":"https:\/\/envol-vert.org\/es\/act\/en-tingo-maria-un-dia-de-pasantia-cerca-de-navidad\/","title":{"rendered":"En Tingo Mar\u00eda, un d\u00eda de pasant\u00eda cerca de Navidad"},"content":{"rendered":"<p>El 10 de diciembre, Envol Vert reuni\u00f3 miembros de la cooperativa de cacao Alto Huallaga de Tingo Mar\u00eda para un d\u00eda de capacitaci\u00f3n y talleres sobre temas de protecci\u00f3n forestal y los beneficios de los \u00e1rboles para la agricultura. Este d\u00eda especial tambi\u00e9n fue la ocasi\u00f3n de momentos de compartir y de convivencia a medida que se acercaba la Navidad.<\/p>\n<p><strong>Un d\u00eda rico en intercambios y aprendizaje<\/strong><\/p>\n<p>El programa del d\u00eda permiti\u00f3 a los productores beneficiarios conocer, intercambiar y profundizar sus conocimientos sobre los temas y m\u00e9todos de sostenibilidad del cultivo. A cada agricultor se le asign\u00f3 primero un n\u00famero pegado en la espalda. Este primer paso ten\u00eda que ver con grupos de actividades para el d\u00eda y tambi\u00e9n para facilitar las presentaciones.<a href=\"http:\/\/envol-vert.org\/wp-content\/uploads\/2019\/03\/AGROCACAOphoto-de-groupe-pasantia_DEC2019@E.GERMAIN-e1579300114834.jpg\"><img decoding=\"async\" class=\" wp-image-26453 alignright\" src=\"http:\/\/envol-vert.org\/wp-content\/uploads\/2019\/03\/AGROCACAOphoto-de-groupe-pasantia_DEC2019@E.GERMAIN-e1579300114834-300x155.jpg\" alt=\"\" width=\"418\" height=\"216\" \/><\/a><\/p>\n<p>Para comenzar las actividades, se distribuyeron dos grandes fotograf\u00edas a cada grupo. El objetivo era describir cada una de estas im\u00e1genes entre los grupos peque\u00f1os, luego presentarlas a todos los participantes y discutirlas en com\u00fan. Estas fotos, que ilustran cuestiones agron\u00f3micas o ambientales, ten\u00edan la intenci\u00f3n de crear conciencia sobre temas como el monocultivo en la Amazon\u00eda, la contaminacion de los r\u00edos por los desechos pl\u00e1sticos o incluso la ayuda mutua entre los agricultores.<\/p>\n<p><strong>Una parcela de muestra del dise\u00f1o de sistemas agroforestales<\/strong><\/p>\n<p>El segundo punto culminante de la ma\u00f1ana se dedic\u00f3 a un recorrido por la trama de Don Edwin en forma de una b\u00fasqueda del tesoro. Muy interesados, los agricultores siguieron con atenci\u00f3n las explicaciones de Louis, el voluntario a cargo del proyecto Tingo Mar\u00eda y de Jos\u00e9, t\u00e9cnico agr\u00f3nomo de Envol Vert en la regi\u00f3n. Un profesor de la Universidad Nacional Agraria de la Selva (UNAS) tambi\u00e9n estuvo presente para participar en la capacitaci\u00f3n de los agricultores. De hecho, desde 2019, se ha firmado un acuerdo de asociaci\u00f3n y muchos maestros participan en el proyecto. Esta asociaci\u00f3n fortalece los enfoques de investigaci\u00f3n relacionados con la restauraci\u00f3n del suelo y el dise\u00f1o de sistemas agroforestales.<\/p>\n<p style=\"text-align: center;\"><em><strong>\u00ab\u00a1Si no hay \u00e1rboles, no hay vida! \u00ab<\/strong><\/em><\/p>\n<p>Los beneficiarios no dudaron para formular preguntas y tomar notas. Como Daisy, quien lleg\u00f3 a aprender nuevos m\u00e9todos y generar nuevas fuentes de ingresos a trav\u00e9s de la agrosilvicultura. \u00abEstoy buscando profundizar mi conocimiento de la agroforester\u00eda para mejorar la calidad de mi tierra y reducir mis costos de producci\u00f3n\u00bb. Con su esposo, ella cultiva bananas, aguacate y cacao en 3 hect\u00e1reas. Para ella, plantar \u00e1rboles es esencial para proporcionar sombra en su tierra: \u00abEs importante invertir como agricultor porque la deforestaci\u00f3n es una amenaza para el futuro y el futuro de nuestros hijos. \u00a1Si no hay \u00e1rboles, no hay vida! \u00ab<a href=\"http:\/\/envol-vert.org\/wp-content\/uploads\/2019\/03\/AGROCACAOreflexion-collective-pasantia_DEC2019@E.GERMAIN.jpg\"><img decoding=\"async\" class=\" wp-image-26455 alignleft\" src=\"http:\/\/envol-vert.org\/wp-content\/uploads\/2019\/03\/AGROCACAOreflexion-collective-pasantia_DEC2019@E.GERMAIN-300x200.jpg\" alt=\"\" width=\"356\" height=\"237\" \/><\/a><\/p>\n<p>Para apoyar a la asociaci\u00f3n, los t\u00e9cnicos miembros de la cooperativa lideraron una primera actividad alrededor del \u00e1rea de compost Don Edwin. Detallaron as\u00ed las etapas en la producci\u00f3n de este fertilizante natural, sus beneficios para la mejora del suelo y la calidad del cultivo. Una segunda actividad tuvo como objetivo crear conciencia sobre la no utilizaci\u00f3n de pesticidas. Para cerrar el d\u00eda, M\u00e9lanie, coordinadora de los proyectos Envol Vert de Tingo Mar\u00eda y Pichanaki, entreg\u00f3 obsequios a los distintos equipos. Se distribuyeron camisetas, machetes y bolsos reutilizables a los agricultores que se fueron, con grandes sonrisas en sus rostros, impacientes por lanzar nuevos proyectos en 2020!<\/p>\n","protected":false},"excerpt":{"rendered":"<p>El 10 de diciembre, Envol Vert reuni\u00f3 miembros de la  [&#8230;]<\/p>\n","protected":false},"featured_media":0,"template":"","fils_d_actu_categ":[1428],"class_list":["post-32370","fil_d_actu","type-fil_d_actu","status-publish","hentry","fils_d_actu_categ-programa-cafe-cacao-agroforestales"],"_links":{"self":[{"href":"https:\/\/envol-vert.org\/es\/wp-json\/wp\/v2\/fil_d_actu\/32370","targetHints":{"allow":["GET"]}}],"collection":[{"href":"https:\/\/envol-vert.org\/es\/wp-json\/wp\/v2\/fil_d_actu"}],"about":[{"href":"https:\/\/envol-vert.org\/es\/wp-json\/wp\/v2\/types\/fil_d_actu"}],"version-history":[{"count":0,"href":"https:\/\/envol-vert.org\/es\/wp-json\/wp\/v2\/fil_d_actu\/32370\/revisions"}],"wp:attachment":[{"href":"https:\/\/envol-vert.org\/es\/wp-json\/wp\/v2\/media?parent=32370"}],"wp:term":[{"taxonomy":"fils_d_actu_categ","embeddable":true,"href":"https:\/\/envol-vert.org\/es\/wp-json\/wp\/v2\/fils_d_actu_categ?post=32370"}],"curies":[{"name":"wp","href":"https:\/\/api.w.org\/{rel}","templated":true}]}}