{"id":32371,"date":"2019-08-22T15:01:22","date_gmt":"2019-08-22T14:01:22","guid":{"rendered":"https:\/\/bylandry.com\/envert-v2\/?post_type=fil_d_actu&#038;p=32371"},"modified":"2020-11-22T15:01:44","modified_gmt":"2020-11-22T14:01:44","slug":"vida-del-suelo-y-compost-base-solida-por-plantacion-sana-tingo-maria","status":"publish","type":"fil_d_actu","link":"https:\/\/envol-vert.org\/es\/act\/vida-del-suelo-y-compost-base-solida-por-plantacion-sana-tingo-maria\/","title":{"rendered":"Vida del suelo y compost : base solida por plantaci\u00f3n sana &#8211; Tingo Maria"},"content":{"rendered":"<p>En el marco de cualquier cultivo el aporte de materia org\u00e1nica es una meta mayor para la producci\u00f3n y la protecci\u00f3n de la vida del suelo. El cacao en sistemas agroforestales no hace excepci\u00f3n a la regla. Aunque los arboles permiten de disminuir estas necesidades de aportes nutritivos, est\u00e1 todav\u00eda indispensable para que un productor tiene una cosecha fruct\u00edfera. Una elecci\u00f3n que es econ\u00f3mica para los productores de Tingo Mar\u00eda que afirman gastar hasta 2200 soles per hect\u00e1rea, el equivalente de casi 600 euros. Una suma astron\u00f3mica que puede ser f\u00e1cilmente remplazado con la creaci\u00f3n de su propia compostera a partir de desechos vegetales que se encuentran, por la gran parte, en la chacra.<\/p>\n<p>La capacitaci\u00f3n sobre la construcci\u00f3n de compostera parec\u00eda indispensable. El equipo pod\u00eda contar con el apoyo de Jorge \u00c1lvarez, profesor de ingenier\u00eda forestal en la UNAS (Universidad Nacional Agraria de la Selva). Fue una medida de ver de nuevo con los beneficiarios la importancia de la vida del suelo y el buen manejo de los suelos para protegerla. Estos temas permitieron de iniciar otras como las problemas que los productores encuentran en su trabajo, o tambi\u00e9n el rol del peque\u00f1o productor en la destrucci\u00f3n de los suelos y en el cambio clim\u00e1tico.<\/p>\n<p><img decoding=\"async\" src=\"http:\/\/envol-vert.org\/wp-content\/uploads\/2019\/09\/AGROCACAOcapacitacioncompostera2MONTERRICO_AOUT2019%C2%A9L.DEFONTAINIEU.jpeg\" \/><\/p>\n","protected":false},"excerpt":{"rendered":"<p>En el marco de cualquier cultivo el aporte de materia  [&#8230;]<\/p>\n","protected":false},"featured_media":0,"template":"","fils_d_actu_categ":[1428],"class_list":["post-32371","fil_d_actu","type-fil_d_actu","status-publish","hentry","fils_d_actu_categ-programa-cafe-cacao-agroforestales"],"_links":{"self":[{"href":"https:\/\/envol-vert.org\/es\/wp-json\/wp\/v2\/fil_d_actu\/32371","targetHints":{"allow":["GET"]}}],"collection":[{"href":"https:\/\/envol-vert.org\/es\/wp-json\/wp\/v2\/fil_d_actu"}],"about":[{"href":"https:\/\/envol-vert.org\/es\/wp-json\/wp\/v2\/types\/fil_d_actu"}],"version-history":[{"count":0,"href":"https:\/\/envol-vert.org\/es\/wp-json\/wp\/v2\/fil_d_actu\/32371\/revisions"}],"wp:attachment":[{"href":"https:\/\/envol-vert.org\/es\/wp-json\/wp\/v2\/media?parent=32371"}],"wp:term":[{"taxonomy":"fils_d_actu_categ","embeddable":true,"href":"https:\/\/envol-vert.org\/es\/wp-json\/wp\/v2\/fils_d_actu_categ?post=32371"}],"curies":[{"name":"wp","href":"https:\/\/api.w.org\/{rel}","templated":true}]}}