{"id":32372,"date":"2019-06-22T15:04:21","date_gmt":"2019-06-22T14:04:21","guid":{"rendered":"https:\/\/bylandry.com\/envert-v2\/?post_type=fil_d_actu&#038;p=32372"},"modified":"2020-11-22T15:04:51","modified_gmt":"2020-11-22T14:04:51","slug":"intercambio-productivo-intercooperativo-en-torno-al-cacao-agroforestal","status":"publish","type":"fil_d_actu","link":"https:\/\/envol-vert.org\/es\/act\/intercambio-productivo-intercooperativo-en-torno-al-cacao-agroforestal\/","title":{"rendered":"Intercambio productivo intercooperativo en torno al cacao agroforestal"},"content":{"rendered":"<p><a href=\"http:\/\/envol-vert.org\/wp-content\/uploads\/2019\/03\/unnamed.jpg\"><img decoding=\"async\" class=\"alignright wp-image-23759\" src=\"http:\/\/envol-vert.org\/wp-content\/uploads\/2019\/03\/unnamed-225x300.jpg\" alt=\"\" width=\"192\" height=\"256\" srcset=\"https:\/\/envol-vert.org\/wp-content\/uploads\/2019\/03\/unnamed-225x300.jpg 225w, https:\/\/envol-vert.org\/wp-content\/uploads\/2019\/03\/unnamed-768x1024.jpg 768w, https:\/\/envol-vert.org\/wp-content\/uploads\/2019\/03\/unnamed.jpg 2560w\" sizes=\"(max-width: 192px) 100vw, 192px\" \/><\/a><\/p>\n<p><span style=\"font-weight: 400;\">El mes de junio finaliz\u00f3 con un intercambio entre profesionales del sector. CAICAH y los equipos de Envol Vert pudieron aprovechar la visita voluntaria de los ingenieros de la cooperativa Choba Choba para discutir la producci\u00f3n de cacao agroforestal. El objetivo final de este intercambio : imaginar juntos los sistemas agroforestales de ma\u00f1ana y reunir las lecciones aprendidas de nuestros respectivos campos.<\/span><\/p>\n<p><span style=\"font-weight: 400;\">Entre las visitas de parcelas de campo y un taller de intercambio sobre asociaciones de cultivos, toda la experiencia permiti\u00f3 destacar la complejidad de los sistemas agroforestales, as\u00ed como sus aplicaciones.<\/span><\/p>\n<p>&nbsp;<\/p>\n<p><span style=\"font-weight: 400;\">Los resultados permitieron elaborar una lista com\u00fan de plantaciones y usos adecuados, al tiempo que <a href=\"http:\/\/envol-vert.org\/wp-content\/uploads\/2019\/03\/unnamed-3.jpg\"><img decoding=\"async\" class=\"alignright wp-image-23762\" src=\"http:\/\/envol-vert.org\/wp-content\/uploads\/2019\/03\/unnamed-3-225x300.jpg\" alt=\"\" width=\"195\" height=\"260\" srcset=\"https:\/\/envol-vert.org\/wp-content\/uploads\/2019\/03\/unnamed-3-225x300.jpg 225w, https:\/\/envol-vert.org\/wp-content\/uploads\/2019\/03\/unnamed-3-768x1024.jpg 768w, https:\/\/envol-vert.org\/wp-content\/uploads\/2019\/03\/unnamed-3.jpg 2560w\" sizes=\"(max-width: 195px) 100vw, 195px\" \/><\/a>establecieron criterios de selecci\u00f3n como el contexto geoespacial, la proyecci\u00f3n socioecon\u00f3mica, la capacidad de acci\u00f3n y mantenimiento &#8230; \u00a1 Una verdadera estrategia de acci\u00f3n personalizada para cada productor!<\/span><\/p>\n<p><span style=\"font-weight: 400;\">Dirigido por los equipos locales de Envol Vert, este ambicioso proyecto continuar\u00e1 en los pr\u00f3ximos meses y tratar\u00e1 de establecer contactos con un m\u00e1ximo de actores para promover la calidad de los resultados y su influencia.<\/span><\/p>\n<p>&nbsp;<\/p>\n","protected":false},"excerpt":{"rendered":"<p>El mes de junio finaliz\u00f3 con un intercambio entre profesionales  [&#8230;]<\/p>\n","protected":false},"featured_media":0,"template":"","fils_d_actu_categ":[1428],"class_list":["post-32372","fil_d_actu","type-fil_d_actu","status-publish","hentry","fils_d_actu_categ-programa-cafe-cacao-agroforestales"],"_links":{"self":[{"href":"https:\/\/envol-vert.org\/es\/wp-json\/wp\/v2\/fil_d_actu\/32372","targetHints":{"allow":["GET"]}}],"collection":[{"href":"https:\/\/envol-vert.org\/es\/wp-json\/wp\/v2\/fil_d_actu"}],"about":[{"href":"https:\/\/envol-vert.org\/es\/wp-json\/wp\/v2\/types\/fil_d_actu"}],"version-history":[{"count":0,"href":"https:\/\/envol-vert.org\/es\/wp-json\/wp\/v2\/fil_d_actu\/32372\/revisions"}],"wp:attachment":[{"href":"https:\/\/envol-vert.org\/es\/wp-json\/wp\/v2\/media?parent=32372"}],"wp:term":[{"taxonomy":"fils_d_actu_categ","embeddable":true,"href":"https:\/\/envol-vert.org\/es\/wp-json\/wp\/v2\/fils_d_actu_categ?post=32372"}],"curies":[{"name":"wp","href":"https:\/\/api.w.org\/{rel}","templated":true}]}}