{"id":32374,"date":"2019-11-22T15:24:01","date_gmt":"2019-11-22T14:24:01","guid":{"rendered":"https:\/\/bylandry.com\/envert-v2\/?post_type=fil_d_actu&#038;p=32374"},"modified":"2020-11-22T15:24:31","modified_gmt":"2020-11-22T14:24:31","slug":"el-bosque-celebrado-en-pichanaki-durante-la-semana-forestal","status":"publish","type":"fil_d_actu","link":"https:\/\/envol-vert.org\/es\/act\/el-bosque-celebrado-en-pichanaki-durante-la-semana-forestal\/","title":{"rendered":"El bosque celebrado en Pichanaki durante la Semana Forestal"},"content":{"rendered":"<p><img decoding=\"async\" class=\"wp-image-29700 alignleft\" src=\"http:\/\/envol-vert.org\/wp-content\/uploads\/2020\/09\/AGROCAFESemanaforestalPlantacionSanJuan1_Noviembre2019\u00a9A.Lecuru.jpeg\" alt=\"\" width=\"212\" height=\"283\" srcset=\"https:\/\/envol-vert.org\/wp-content\/uploads\/2020\/09\/AGROCAFESemanaforestalPlantacionSanJuan1_Noviembre2019\u00a9A.Lecuru-188x250.jpeg 188w, https:\/\/envol-vert.org\/wp-content\/uploads\/2020\/09\/AGROCAFESemanaforestalPlantacionSanJuan1_Noviembre2019\u00a9A.Lecuru-200x267.jpeg 200w, https:\/\/envol-vert.org\/wp-content\/uploads\/2020\/09\/AGROCAFESemanaforestalPlantacionSanJuan1_Noviembre2019\u00a9A.Lecuru-400x533.jpeg 400w, https:\/\/envol-vert.org\/wp-content\/uploads\/2020\/09\/AGROCAFESemanaforestalPlantacionSanJuan1_Noviembre2019\u00a9A.Lecuru-600x800.jpeg 600w, https:\/\/envol-vert.org\/wp-content\/uploads\/2020\/09\/AGROCAFESemanaforestalPlantacionSanJuan1_Noviembre2019\u00a9A.Lecuru-768x1024.jpeg 768w, https:\/\/envol-vert.org\/wp-content\/uploads\/2020\/09\/AGROCAFESemanaforestalPlantacionSanJuan1_Noviembre2019\u00a9A.Lecuru-800x1067.jpeg 800w, https:\/\/envol-vert.org\/wp-content\/uploads\/2020\/09\/AGROCAFESemanaforestalPlantacionSanJuan1_Noviembre2019\u00a9A.Lecuru.jpeg 960w\" sizes=\"(max-width: 212px) 100vw, 212px\" \/><\/p>\n<p>Del 4 al 8 de noviembre fue la Semana Forestal en Pichanaki. Una buena manera para que Envol-vert se involucre en la vida local y transmita los valores de la protecci\u00f3n del medio ambiente. Envol Vert particip\u00f3 en la recolecci\u00f3n de residuos alrededor del r\u00edo Pichanaki, donde, lamentablemente, muchos de ellos son arrojados por los habitantes. Durante esta semana, tambi\u00e9n se organiz\u00f3 una marcha por la protecci\u00f3n del bosque, que reuni\u00f3 a varias instituciones, escuelas y Envol vert.<\/p>\n<p>El evento m\u00e1s importante de la semana forestal de esta semana fue la plantaci\u00f3n de 300 \u00e1rboles donados por Envol Vert a la escuela San Juan Centro Autiki (una comunidad ubicada a una hora en coche de Pichanaki). Estos \u00e1rboles hab\u00edan sido ganados durante el desaf\u00edo deportivo organizado por Perunidad en agosto. 150 estudiantes y sus maestros plantaron sus \u00e1rboles despu\u00e9s de una ceremonia de ofrenda quechua a la Pachamama (la \u00abMadre Tierra\u00bb de los grupos \u00e9tnicos andinos) para invocar la protecci\u00f3n de estos \u00e1rboles. Todo un s\u00edmbolo de la lucha de las generaciones futuras contra la deforestaci\u00f3n.<\/p>\n","protected":false},"excerpt":{"rendered":"<p>Del 4 al 8 de noviembre fue la Semana Forestal  [&#8230;]<\/p>\n","protected":false},"featured_media":0,"template":"","fils_d_actu_categ":[1428],"class_list":["post-32374","fil_d_actu","type-fil_d_actu","status-publish","hentry","fils_d_actu_categ-programa-cafe-cacao-agroforestales"],"_links":{"self":[{"href":"https:\/\/envol-vert.org\/es\/wp-json\/wp\/v2\/fil_d_actu\/32374","targetHints":{"allow":["GET"]}}],"collection":[{"href":"https:\/\/envol-vert.org\/es\/wp-json\/wp\/v2\/fil_d_actu"}],"about":[{"href":"https:\/\/envol-vert.org\/es\/wp-json\/wp\/v2\/types\/fil_d_actu"}],"version-history":[{"count":0,"href":"https:\/\/envol-vert.org\/es\/wp-json\/wp\/v2\/fil_d_actu\/32374\/revisions"}],"wp:attachment":[{"href":"https:\/\/envol-vert.org\/es\/wp-json\/wp\/v2\/media?parent=32374"}],"wp:term":[{"taxonomy":"fils_d_actu_categ","embeddable":true,"href":"https:\/\/envol-vert.org\/es\/wp-json\/wp\/v2\/fils_d_actu_categ?post=32374"}],"curies":[{"name":"wp","href":"https:\/\/api.w.org\/{rel}","templated":true}]}}