{"id":32379,"date":"2019-09-02T15:37:17","date_gmt":"2019-09-02T14:37:17","guid":{"rendered":"https:\/\/bylandry.com\/envert-v2\/?post_type=fil_d_actu&#038;p=32379"},"modified":"2020-12-19T16:17:12","modified_gmt":"2020-12-19T15:17:12","slug":"tercer-festival-del-guaimaro-en-los-limites","status":"publish","type":"fil_d_actu","link":"https:\/\/envol-vert.org\/es\/act\/tercer-festival-del-guaimaro-en-los-limites\/","title":{"rendered":"Tercer Festival del Gu\u00e1imaro en Los Limites"},"content":{"rendered":"\r\n\r\n\r\n<p><em>El 21 de julio, la ASOCALIM y la comunidad de Los Limites organizaron la tercera edici\u00f3n del Festival del Gu\u00e1imaro, evento cultural y ambiental que celebra este \u00e1rbol nativo del bosque seco tropical.<\/em><\/p>\r\n\r\n\r\n\r\n<div class=\"wp-block-image\">\r\n<figure class=\"alignleft\"><a href=\"http:\/\/envol-vert.org\/wp-content\/uploads\/2018\/10\/Titi-Festival-Guaimaro.jpg\"><img decoding=\"async\" width=\"300\" height=\"225\" class=\"wp-image-24454\" src=\"http:\/\/envol-vert.org\/wp-content\/uploads\/2018\/10\/Titi-Festival-Guaimaro-300x225.jpg\" alt=\"\" srcset=\"https:\/\/envol-vert.org\/wp-content\/uploads\/2018\/10\/Titi-Festival-Guaimaro-300x225.jpg 300w, https:\/\/envol-vert.org\/wp-content\/uploads\/2018\/10\/Titi-Festival-Guaimaro-768x576.jpg 768w, https:\/\/envol-vert.org\/wp-content\/uploads\/2018\/10\/Titi-Festival-Guaimaro-1024x768.jpg 1024w, https:\/\/envol-vert.org\/wp-content\/uploads\/2018\/10\/Titi-Festival-Guaimaro.jpg 2560w\" sizes=\"(max-width: 300px) 100vw, 300px\" \/><\/a><\/figure>\r\n<\/div>\r\n\r\n\r\n\r\n<p>Desde hace tres a\u00f1os, la comunidad de Los Limites y la Asociaci\u00f3n de Campesinos de Los Limites (ASOCALIM) celebra el \u00e1rbol de Gu\u00e1imaro a trav\u00e9s de un festival que permite a los participantes descubrir este proyecto de conservaci\u00f3n. Durante el festival, muchas actividades culturales y ambientales son organizadas como un foro ambiental, una comparsa dedicada al Gu\u00e1imaro, stands dedicados a los productos org\u00e1nicos y un recorrido agroturistico para descubrir las parcelas construidas sobre un sistema agroforestal.<\/p>\r\n\r\n\r\n\r\n<div class=\"wp-block-image\">\r\n<figure class=\"alignright\"><a href=\"http:\/\/envol-vert.org\/wp-content\/uploads\/2018\/12\/Titi-Festival-Guaimaro2-e1567172112526.jpg\"><img decoding=\"async\" width=\"225\" height=\"300\" class=\"wp-image-24445\" src=\"http:\/\/envol-vert.org\/wp-content\/uploads\/2018\/12\/Titi-Festival-Guaimaro2-e1567172112526-225x300.jpg\" alt=\"\" srcset=\"https:\/\/envol-vert.org\/wp-content\/uploads\/2018\/12\/Titi-Festival-Guaimaro2-e1567172112526-225x300.jpg 225w, https:\/\/envol-vert.org\/wp-content\/uploads\/2018\/12\/Titi-Festival-Guaimaro2-e1567172112526.jpg 480w\" sizes=\"(max-width: 225px) 100vw, 225px\" \/><\/a><\/figure>\r\n<\/div>\r\n\r\n\r\n\r\n<p>El Gu\u00e1imaro representa el s\u00edmbolo de la ASOCALIM, sobre el cual se fund\u00f3 la \u00a0asociaci\u00f3n y el proyecto. Este \u00e1rbol nativo del bosque seco tropical hospeda el mono Titi Cabeciblanco, una especie amenazada hoy en d\u00eda por la deforestaci\u00f3n.<\/p>\r\n\r\n\r\n\r\n<p>Este a\u00f1o, una de las actividades fue el foro ambiental organizado sobre el tema del agroturismo, donde varias organizaciones como el SENA o la Universidad Aut\u00f3noma pudieron compartir sus experiencias y puntos de vista sobre el agroturismo, uno de los aspectos del proyecto Titi que permite a los visitantes de vivir una experiencia \u00fanica con los campesinos.<\/p>\r\n\r\n\r\n\r\n<p>Sembr\u00e1ndolo en las parcelas, los campesinos permiten la reforestaci\u00f3n del lugar proporcionando tambi\u00e9n la tierra en nutrientes. Adem\u00e1s, la nuez del \u00e1rbol puede ser consumida y transformada en dulce de gu\u00e1imaro, tortas, polvo etc\u2026 Rico en prote\u00edna, hierro, potasio y magnesio, el polvo de gu\u00e1imaro representa una alternativa econ\u00f3mica sostenible para la comunidad de Los Limites y se volvi\u00f3 en el s\u00edmbolo de la reforestaci\u00f3n y del desarrollo sostenible. Este festival es una manera de celebrar este \u00e1rbol incre\u00edble mientras sacando este proyecto agroforestal a la luz.<\/p>\r\n\r\n\r\n\r\n\r\n","protected":false},"excerpt":{"rendered":"<p>El 21 de julio, la ASOCALIM y la comunidad de  [&#8230;]<\/p>\n","protected":false},"featured_media":32380,"template":"","fils_d_actu_categ":[1656,1653],"class_list":["post-32379","fil_d_actu","type-fil_d_actu","status-publish","has-post-thumbnail","hentry","fils_d_actu_categ-actualidades-generales","fils_d_actu_categ-programa-de-preservacion-de-los-bosques-secos"],"_links":{"self":[{"href":"https:\/\/envol-vert.org\/es\/wp-json\/wp\/v2\/fil_d_actu\/32379","targetHints":{"allow":["GET"]}}],"collection":[{"href":"https:\/\/envol-vert.org\/es\/wp-json\/wp\/v2\/fil_d_actu"}],"about":[{"href":"https:\/\/envol-vert.org\/es\/wp-json\/wp\/v2\/types\/fil_d_actu"}],"version-history":[{"count":0,"href":"https:\/\/envol-vert.org\/es\/wp-json\/wp\/v2\/fil_d_actu\/32379\/revisions"}],"wp:featuredmedia":[{"embeddable":true,"href":"https:\/\/envol-vert.org\/es\/wp-json\/wp\/v2\/media\/32380"}],"wp:attachment":[{"href":"https:\/\/envol-vert.org\/es\/wp-json\/wp\/v2\/media?parent=32379"}],"wp:term":[{"taxonomy":"fils_d_actu_categ","embeddable":true,"href":"https:\/\/envol-vert.org\/es\/wp-json\/wp\/v2\/fils_d_actu_categ?post=32379"}],"curies":[{"name":"wp","href":"https:\/\/api.w.org\/{rel}","templated":true}]}}