{"id":32489,"date":"2017-10-22T17:38:53","date_gmt":"2017-10-22T16:38:53","guid":{"rendered":"https:\/\/bylandry.com\/envert-v2\/?post_type=fil_d_actu&#038;p=32489"},"modified":"2020-11-22T17:40:23","modified_gmt":"2020-11-22T16:40:23","slug":"actualidades-2017-del-programa-diversificacion","status":"publish","type":"fil_d_actu","link":"https:\/\/envol-vert.org\/es\/act\/actualidades-2017-del-programa-diversificacion\/","title":{"rendered":"Actualidades 2017 del Programa : diversificaci\u00f3n"},"content":{"rendered":"<p><strong>Deciembre 2017<\/strong><\/p>\n<h3>Taller sobre biopesticidas, chocolatada et premios \u00e0 Ungaroni<\/h3>\n<p><a href=\"http:\/\/envol-vert.org\/wp-content\/uploads\/2018\/01\/ungaronipremios_decembre2017_msarda.jpg\"><img decoding=\"async\" class=\"alignleft size-medium wp-image-16230\" src=\"http:\/\/envol-vert.org\/wp-content\/uploads\/2018\/01\/ungaronipremios_decembre2017_msarda-300x200.jpg\" alt=\"ungaronipremios_decembre2017_msarda\" width=\"300\" height=\"200\" srcset=\"https:\/\/envol-vert.org\/wp-content\/uploads\/2018\/01\/ungaronipremios_decembre2017_msarda-300x200.jpg 300w, https:\/\/envol-vert.org\/wp-content\/uploads\/2018\/01\/ungaronipremios_decembre2017_msarda-768x512.jpg 768w, https:\/\/envol-vert.org\/wp-content\/uploads\/2018\/01\/ungaronipremios_decembre2017_msarda.jpg 800w\" sizes=\"(max-width: 300px) 100vw, 300px\" \/><\/a>Este jueves 21 de diciembre de 2017, fuimos la ONG Envol Vert, Julio, el ingeniero Jos\u00e9 Cornejo Herrera del Bosque Modelo y Karen del CEDEPAS a Ungaroni para ver los ni\u00f1os. Ese d\u00eda, Karen hizo un taller sobre<strong> la producci\u00f3n de biopesticidas con rocoto, ajo y ra\u00edz de cube<\/strong> (un arbolito que los ni\u00f1os ya conoc\u00edan muy bien). Karen paso r\u00e1pido a la fase pr\u00e1ctica, proponiendo hacer tres grupos: uno con Jos\u00e9 para la preparaci\u00f3n del rocoto, uno con Julio para la ra\u00edz de cube y uno conmigo para el ajo. Los ni\u00f1os fueron encargados de machacar cada elemento, y luego ponerlos en baldes distintos y llenar con agua. Eso hecho, los bioinsectidas pod\u00edan ser echados a las hortalizas del huerto para matar o alejar los insectos.<\/p>\n<p><a href=\"http:\/\/envol-vert.org\/wp-content\/uploads\/2018\/01\/ungaronipartido_dec2017_msarda.jpg\"><img decoding=\"async\" class=\"alignright size-medium wp-image-16229\" src=\"http:\/\/envol-vert.org\/wp-content\/uploads\/2018\/01\/ungaronipartido_dec2017_msarda-300x200.jpg\" alt=\"agroforesterie et caf\u00e9\" width=\"300\" height=\"200\" srcset=\"https:\/\/envol-vert.org\/wp-content\/uploads\/2018\/01\/ungaronipartido_dec2017_msarda-300x200.jpg 300w, https:\/\/envol-vert.org\/wp-content\/uploads\/2018\/01\/ungaronipartido_dec2017_msarda-768x512.jpg 768w, https:\/\/envol-vert.org\/wp-content\/uploads\/2018\/01\/ungaronipartido_dec2017_msarda.jpg 800w\" sizes=\"(max-width: 300px) 100vw, 300px\" \/><\/a><strong>Despu\u00e9s de la ense\u00f1anza, la diversi\u00f3n<\/strong>: junto con Julio, Jos\u00e9 y los ni\u00f1os, hicimos un partido de futbol endiablado con ni\u00f1os (\u00a1y Jos\u00e9!) muy animados! Luego un poco de descanso, los ni\u00f1os disfrutan del chocolate caliente preparado por Esmerly, una de las j\u00f3venes de Ungaroni, y del panettone. Por \u00faltimo, acabamos el d\u00eda con los premios para la participaci\u00f3n de cada uno en el huerto. Cinco ni\u00f1os fueron premiados de manera particular para haber sido mucho m\u00e1s involucrados en el inicio y el mantenimiento del huerto.<\/p>\n<p>&nbsp;<\/p>\n<p><strong>Noviembre 2017<\/strong><\/p>\n<h3><strong>Los beneficiarios de Envol Vert visitan chacras diversificadas bajo sistema agroforestal<\/strong><\/h3>\n<p><strong>El 18 de Noviembre del 2017, 23 beneficiarios del proyecto \u201cAgroforesteria con caf\u00e9\u201d hicieron una pasant\u00eda muy diversificadas bajo sistema agroforestal.<\/strong><\/p>\n<p>&nbsp;<\/p>\n<p><strong><a href=\"http:\/\/envol-vert.org\/wp-content\/uploads\/2017\/12\/visite_chez_victor_maceta_novembre2017.jpg\"><img decoding=\"async\" class=\"alignleft size-medium wp-image-16216\" src=\"http:\/\/envol-vert.org\/wp-content\/uploads\/2017\/12\/visite_chez_victor_maceta_novembre2017-300x200.jpg\" alt=\"visite_chez_victor_maceta_novembre2017\" width=\"300\" height=\"200\" srcset=\"https:\/\/envol-vert.org\/wp-content\/uploads\/2017\/12\/visite_chez_victor_maceta_novembre2017-300x200.jpg 300w, https:\/\/envol-vert.org\/wp-content\/uploads\/2017\/12\/visite_chez_victor_maceta_novembre2017-768x512.jpg 768w, https:\/\/envol-vert.org\/wp-content\/uploads\/2017\/12\/visite_chez_victor_maceta_novembre2017.jpg 800w\" sizes=\"(max-width: 300px) 100vw, 300px\" \/><\/a>En la chacra del Sr. V\u00edctor Macetas<\/strong>, los participantes pudieron observar un ejemplo de asociaci\u00f3n de caf\u00e9 con una alta diversidad de especies vegetales: Mango, papaya, pl\u00e1tano, c\u00edtricos y especies forestales. Desde hace 7 a\u00f1os, Don V\u00edctor reforesta su parcela, tanto para la producci\u00f3n de madera como para la recuperaci\u00f3n de su suelo degradado por el monocultivo de ma\u00edz. En siete a\u00f1os los primeros \u00e1rboles que ha sembrado han llegado a un buen tama\u00f1o, incentivando mucho a los visitantes para trabajar en su propia parcela. La diversidad de especies presentes en la chacra permite de obtener un suelo muy nutritivo, y as\u00ed mejorar la productividad del caf\u00e9. Don V\u00edctor ya no utiliza casi nada de fertilizante o pesticida, lo que baja su costo de producci\u00f3n y permite la recuperaci\u00f3n del medio ambiente a la vez. Los productores se dieron cuenta del aire fresco que corre en la chacra, en comparaci\u00f3n con el pueblo, por lo que los arboles limitan la evaporaci\u00f3n y la perdida de agua en el suelo. Adem\u00e1s, Don V\u00edctor tiene un peque\u00f1o pozo de piscicultura, que se autoalimenta con los frutales alrededor. Tambi\u00e9n tiene unas colmenas de producci\u00f3n de miel, pero estas dos \u00faltimas actividades est\u00e1n principalmente destinadas a su autoconsumo.<\/p>\n<p><a href=\"http:\/\/envol-vert.org\/wp-content\/uploads\/2017\/12\/pisciculture_chez_ivan_espinoza_novembre2017.jpg\"><img decoding=\"async\" class=\"alignright size-medium wp-image-16215\" src=\"http:\/\/envol-vert.org\/wp-content\/uploads\/2017\/12\/pisciculture_chez_ivan_espinoza_novembre2017-300x200.jpg\" alt=\"pisciculture_chez_ivan_espinoza_novembre2017\" width=\"300\" height=\"200\" srcset=\"https:\/\/envol-vert.org\/wp-content\/uploads\/2017\/12\/pisciculture_chez_ivan_espinoza_novembre2017-300x200.jpg 300w, https:\/\/envol-vert.org\/wp-content\/uploads\/2017\/12\/pisciculture_chez_ivan_espinoza_novembre2017-768x512.jpg 768w, https:\/\/envol-vert.org\/wp-content\/uploads\/2017\/12\/pisciculture_chez_ivan_espinoza_novembre2017.jpg 800w\" sizes=\"(max-width: 300px) 100vw, 300px\" \/><\/a>La visita sigui\u00f3 en el fondo de<strong> Ivan Espinoza<\/strong>, productor de caf\u00e9 a quien le encanta probar nuevas t\u00e9cnicas. Ha asociado su caf\u00e9 con especies forestales y frutales, tiene una piscicultura, y con sus vecinos, han instalado un vivero colectivo de c\u00edtricos. El mismo practica el injerto de frutales, y nos ha dado un peque\u00f1o curso sobre el ciclo lunar de la planta. Los participantes pudieron tambi\u00e9n visitar su espacio de germinaci\u00f3n y su vivero de c\u00edtricos y forestales.<\/p>\n<p>&nbsp;<\/p>\n<p>En conclusi\u00f3n de esta pasant\u00eda, los participantes han descubierto nuevas t\u00e9cnicas de producci\u00f3n y nuevas ideas para diversificar su chacra. Viendo los beneficios de un sistema agroforestal, los productores tomaron confianza en el proyecto de reforestaci\u00f3n de Envol Vert.<\/p>\n<p><a href=\"http:\/\/envol-vert.org\/wp-content\/uploads\/2017\/12\/pasantiabuenavista_novembre2017.jpg\"><img decoding=\"async\" class=\"aligncenter wp-image-16214\" src=\"http:\/\/envol-vert.org\/wp-content\/uploads\/2017\/12\/pasantiabuenavista_novembre2017.jpg\" alt=\"pasantiabuenavista_novembre2017\" width=\"500\" height=\"333\" srcset=\"https:\/\/envol-vert.org\/wp-content\/uploads\/2017\/12\/pasantiabuenavista_novembre2017-300x200.jpg 300w, https:\/\/envol-vert.org\/wp-content\/uploads\/2017\/12\/pasantiabuenavista_novembre2017-768x512.jpg 768w, https:\/\/envol-vert.org\/wp-content\/uploads\/2017\/12\/pasantiabuenavista_novembre2017.jpg 800w\" sizes=\"(max-width: 500px) 100vw, 500px\" \/><\/a><\/p>\n<p>&nbsp;<\/p>\n<p><strong>Octubre 2017<\/strong><\/p>\n<h3>Parcelas demostrativas<\/h3>\n<p><strong>La asociaci\u00f3n Kokopelli dio a la ONG Envol Vert varias semillas de verduras (calabazas, zanahorias, lechugas, tomates\u2026). Nos permiti\u00f3 crear dos biohuertos en Pampa Azangaro y Ungaroni.<\/strong><\/p>\n<p>&nbsp;<\/p>\n<h4><a href=\"http:\/\/envol-vert.org\/wp-content\/uploads\/2018\/01\/pampaazangaro_nov2017_Claine2.jpg\"><img decoding=\"async\" class=\"alignleft size-medium wp-image-16226\" src=\"http:\/\/envol-vert.org\/wp-content\/uploads\/2018\/01\/pampaazangaro_nov2017_Claine2-200x300.jpg\" alt=\"pampaazangaro_nov2017_Claine2\" width=\"200\" height=\"300\" srcset=\"https:\/\/envol-vert.org\/wp-content\/uploads\/2018\/01\/pampaazangaro_nov2017_Claine2-200x300.jpg 200w, https:\/\/envol-vert.org\/wp-content\/uploads\/2018\/01\/pampaazangaro_nov2017_Claine2.jpg 500w\" sizes=\"(max-width: 200px) 100vw, 200px\" \/><\/a>Pampa Azangaro<\/h4>\n<p>En Pampa Azangaro el <strong>biohuerto<\/strong> fue instalado en la parcela de Don Jesus Gamarra Pino. Junto a \u00e9l, participan las Se\u00f1oras Zefira, Edith y Marcelina y Don Edgar. Las cinco personas han entendido la importancia de este huerto ecol\u00f3gico, respetuoso del medioambiente, dando a lo mismo una producci\u00f3n importante. Por eso, todos son muy involucrados y vienen a vigilar la parcela regularmente. Con el fin de sembrar sus verduras, los productores han creado varias camas de cultivo. En cada cama, la tierra fue enriquecida abono org\u00e1nico (pulpa de caf\u00e9, caca de cuy\u2026).<\/p>\n<p><strong>Los productores ya han cosechado 33 lechugas cada uno, tomates de diferentes variedades (amarillas o rojas), culantro y albahaca<\/strong>. Pero todav\u00eda quedan varias especies de verduras creciendo tal como zanahorias, coles, frejoles, berenjenas, acelgas o melones.<\/p>\n<p>Para mejorar la est\u00e9tica de su huerto, los participantes han plantado tambi\u00e9n unas flores. Luego, para proteger las verduras de las enfermedades o de las plagas, los 5 participantes aplicaron por turno <strong>una soluci\u00f3n de rocoto<\/strong> (fermentado una noche). Esta soluci\u00f3n sirve de repulsivo fuerte contra los insectos. En este terreno escurre mucha agua, asique para evitar la pudrici\u00f3n de las verduras por exceso de agua, <strong>han excavado unos canalitos<\/strong>.<\/p>\n<p><strong>El objetivo de este huerto es aplicar reglas de permacultura<\/strong> y entonces hacer rotaciones de cultivos en el espacio y el tiempo, pero tambi\u00e9n hacer controles de enfermedades, plagas y malezas de manera biol\u00f3gica.<\/p>\n<p><a href=\"http:\/\/envol-vert.org\/wp-content\/uploads\/2018\/01\/pampaazangaro_nov2017_claine.jpg\"><img decoding=\"async\" class=\"aligncenter wp-image-16225\" src=\"http:\/\/envol-vert.org\/wp-content\/uploads\/2018\/01\/pampaazangaro_nov2017_claine.jpg\" alt=\"ungaroni agroforesterie et caf\u00e9\" width=\"500\" height=\"333\" srcset=\"https:\/\/envol-vert.org\/wp-content\/uploads\/2018\/01\/pampaazangaro_nov2017_claine-300x200.jpg 300w, https:\/\/envol-vert.org\/wp-content\/uploads\/2018\/01\/pampaazangaro_nov2017_claine-768x512.jpg 768w, https:\/\/envol-vert.org\/wp-content\/uploads\/2018\/01\/pampaazangaro_nov2017_claine.jpg 800w\" sizes=\"(max-width: 500px) 100vw, 500px\" \/><\/a><\/p>\n<p>En la parte alta del huerto, se encuentra un bosque comestible. En este, se plantaron una asociaci\u00f3n de frutales y verduras tal como ma\u00edz o frejoles.<\/p>\n<p>&nbsp;<\/p>\n<h4><a href=\"http:\/\/envol-vert.org\/wp-content\/uploads\/2017\/08\/ungaroni_nov2017_claine2.jpg\"><img decoding=\"async\" class=\"alignleft wp-image-16232 size-medium\" src=\"http:\/\/envol-vert.org\/wp-content\/uploads\/2017\/08\/ungaroni_nov2017_claine2-200x300.jpg\" alt=\"ungaroni agroforesterie et caf\u00e9\" width=\"200\" height=\"300\" srcset=\"https:\/\/envol-vert.org\/wp-content\/uploads\/2017\/08\/ungaroni_nov2017_claine2-200x300.jpg 200w, https:\/\/envol-vert.org\/wp-content\/uploads\/2017\/08\/ungaroni_nov2017_claine2.jpg 500w\" sizes=\"(max-width: 200px) 100vw, 200px\" \/><\/a>Ungaroni<\/h4>\n<p>En Ungaroni, el <strong>huerto<\/strong> se cre\u00f3 con la idea de <strong>mejorar y equilibrar la alimentaci\u00f3n de los ni\u00f1os<\/strong> en el comedor de la escuela.<\/p>\n<p>Al inicio, el dise\u00f1o del huerto se hizo con los ni\u00f1os en formas geom\u00e9tricas, pero fue cambiado para que el trabajo en el huerto sea mas f\u00e1cil. Durante unas faenas, los papas <strong>desmalezaron y crearon camas de cultivo<\/strong>. Luego, <strong>el ingeniero Jos\u00e9 Cornejo Herrera creo un sistema de riego<\/strong>. Ese sistema de bomba de presi\u00f3n permite alimentar una reserva de agua ubicada por encima del huerto, y as\u00ed regar las verduras.<\/p>\n<p>&nbsp;<\/p>\n<p>&nbsp;<\/p>\n<p>Despu\u00e9s los ni\u00f1os sembraron varias verduras tales como lechugas, tomates, nabos, rabanitos, melones, pepinos, zanahorias y calabazas, y ya pudieron cosechar unas lechugas, rabanitos, pepinos y una calabaza.<\/p>\n<p><a href=\"http:\/\/envol-vert.org\/wp-content\/uploads\/2018\/01\/ungaroni_nov2017_claine.jpg\"><img decoding=\"async\" class=\"aligncenter wp-image-16228\" src=\"http:\/\/envol-vert.org\/wp-content\/uploads\/2018\/01\/ungaroni_nov2017_claine.jpg\" alt=\"ungaroni agroforesterie et caf\u00e9\" width=\"500\" height=\"333\" srcset=\"https:\/\/envol-vert.org\/wp-content\/uploads\/2018\/01\/ungaroni_nov2017_claine-300x200.jpg 300w, https:\/\/envol-vert.org\/wp-content\/uploads\/2018\/01\/ungaroni_nov2017_claine-768x512.jpg 768w, https:\/\/envol-vert.org\/wp-content\/uploads\/2018\/01\/ungaroni_nov2017_claine.jpg 800w\" sizes=\"(max-width: 500px) 100vw, 500px\" \/><\/a><\/p>\n<p>&nbsp;<\/p>\n<p><strong>Agosto\u00a02017<\/strong><\/p>\n<h3>Para su primera Escuela de campo, el proyecto AGRO visita la finca integral Jack Fruit<\/h3>\n<p><a href=\"http:\/\/envol-vert.org\/wp-content\/uploads\/2017\/08\/AGROFOPasantiaJackfruit_juillet2017@MANTUNES.jpg\"><img decoding=\"async\" class=\"alignleft size-medium wp-image-15945\" src=\"http:\/\/envol-vert.org\/wp-content\/uploads\/2017\/08\/AGROFOPasantiaJackfruit_juillet2017@MANTUNES-300x200.jpg\" alt=\"Pasantia Jackfruit \u00a9 MANTUNES\" width=\"300\" height=\"200\" srcset=\"https:\/\/envol-vert.org\/wp-content\/uploads\/2017\/08\/AGROFOPasantiaJackfruit_juillet2017@MANTUNES-300x200.jpg 300w, https:\/\/envol-vert.org\/wp-content\/uploads\/2017\/08\/AGROFOPasantiaJackfruit_juillet2017@MANTUNES-768x512.jpg 768w, https:\/\/envol-vert.org\/wp-content\/uploads\/2017\/08\/AGROFOPasantiaJackfruit_juillet2017@MANTUNES-1024x683.jpg 1024w, https:\/\/envol-vert.org\/wp-content\/uploads\/2017\/08\/AGROFOPasantiaJackfruit_juillet2017@MANTUNES.jpg 3456w\" sizes=\"(max-width: 300px) 100vw, 300px\" \/><\/a>Saul Llantoy Jayo es un productor un poco original en la Selva central. Con 18 hect\u00e1reas cultivadas, tiene casi 200 especies diferentes, la mayor\u00eda frutales. Empez\u00f3 hace 10 a\u00f1os con cacao y poco a poco, ha diversificado su finca, gracias a semillas que ha tra\u00eddo de todas las regiones de Per\u00fa. En 2011 descubre el Jack Fruit, originario de Malaysia, que puede pesar hasta 40 kg y con el nombre de cual llam\u00f3 su finca. Su curiosidad le lleva a siempre <strong>experimentar nuevos cultivos, nuevas asociaciones<\/strong>, con la certitud de que la diversidad ayuda a proteger sus cultivos de las plagas.<\/p>\n<p><a href=\"http:\/\/envol-vert.org\/wp-content\/uploads\/2017\/08\/AGROFOPasantiaJackfruit2_juillet2017@MANTUNES.jpg\"><img decoding=\"async\" class=\"alignright size-medium wp-image-15944\" src=\"http:\/\/envol-vert.org\/wp-content\/uploads\/2017\/08\/AGROFOPasantiaJackfruit2_juillet2017@MANTUNES-300x200.jpg\" alt=\"Pasantia Jackfruit \u00a9 MANTUNES\" width=\"300\" height=\"200\" srcset=\"https:\/\/envol-vert.org\/wp-content\/uploads\/2017\/08\/AGROFOPasantiaJackfruit2_juillet2017@MANTUNES-300x200.jpg 300w, https:\/\/envol-vert.org\/wp-content\/uploads\/2017\/08\/AGROFOPasantiaJackfruit2_juillet2017@MANTUNES-768x512.jpg 768w, https:\/\/envol-vert.org\/wp-content\/uploads\/2017\/08\/AGROFOPasantiaJackfruit2_juillet2017@MANTUNES-1024x683.jpg 1024w, https:\/\/envol-vert.org\/wp-content\/uploads\/2017\/08\/AGROFOPasantiaJackfruit2_juillet2017@MANTUNES.jpg 3456w\" sizes=\"(max-width: 300px) 100vw, 300px\" \/><\/a>En 2017, Envol Vert, junto con las cooperativas CAMPC y Valle Ubiriki, y con la asociaci\u00f3n Bosque Modelo Pichanaki, he empezado la implementaci\u00f3n de <strong>parcelas demostrativas cuyo objectivo es la diversificaci\u00f3n de cultivos<\/strong>. La idea es de asociar especies forestales, frutales, medicinales y hortalizas en una misma parcela para luchar contra la inseguridad alimentaria.<\/p>\n<p><a href=\"http:\/\/envol-vert.org\/wp-content\/uploads\/2017\/08\/AGROFOPasantiaJackfruit3_juillet2017@MANTUNES.jpg\"><img decoding=\"async\" class=\"alignleft size-medium wp-image-15943\" src=\"http:\/\/envol-vert.org\/wp-content\/uploads\/2017\/08\/AGROFOPasantiaJackfruit3_juillet2017@MANTUNES-300x224.jpg\" alt=\"Pasantia Jackfruit \u00a9 MANTUNES\" width=\"300\" height=\"224\" srcset=\"https:\/\/envol-vert.org\/wp-content\/uploads\/2017\/08\/AGROFOPasantiaJackfruit3_juillet2017@MANTUNES-300x224.jpg 300w, https:\/\/envol-vert.org\/wp-content\/uploads\/2017\/08\/AGROFOPasantiaJackfruit3_juillet2017@MANTUNES-768x573.jpg 768w, https:\/\/envol-vert.org\/wp-content\/uploads\/2017\/08\/AGROFOPasantiaJackfruit3_juillet2017@MANTUNES-1024x764.jpg 1024w, https:\/\/envol-vert.org\/wp-content\/uploads\/2017\/08\/AGROFOPasantiaJackfruit3_juillet2017@MANTUNES.jpg 3090w\" sizes=\"(max-width: 300px) 100vw, 300px\" \/><\/a>Gracias a la visita de la finca Jack Fruit, los participantes pudieron entender el inter\u00e9s de tener una parcela diversificada. La papaya y el pl\u00e1tano se cosechan cada semana, el cacao cada quincena, y las otras frutas tienen su temporada propia, como las cerezas, los higos, la granada, la guan\u00e1bana, la uva o el mara\u00f1\u00f3n\u2026 Lo que no le da mucho tiempo para descansar. Eso es la gran diferencia con el caf\u00e9 \u2013 el principal cultivo de los participantes \u2013 por lo cual la carga de trabajo es desigual entre la cosecha (Mayo a Agosto) y el resto del a\u00f1o.<\/p>\n<p><a href=\"http:\/\/envol-vert.org\/wp-content\/uploads\/2017\/08\/AGROFOPasantiaJackfruit4_juillet2017@MANTUNES.jpg\"><img decoding=\"async\" class=\"aligncenter size-large wp-image-15942\" src=\"http:\/\/envol-vert.org\/wp-content\/uploads\/2017\/08\/AGROFOPasantiaJackfruit4_juillet2017@MANTUNES-1024x683.jpg\" alt=\"Pasantia Jackfruit \u00a9 MANTUNES\" width=\"648\" height=\"432\" srcset=\"https:\/\/envol-vert.org\/wp-content\/uploads\/2017\/08\/AGROFOPasantiaJackfruit4_juillet2017@MANTUNES-300x200.jpg 300w, https:\/\/envol-vert.org\/wp-content\/uploads\/2017\/08\/AGROFOPasantiaJackfruit4_juillet2017@MANTUNES-768x512.jpg 768w, https:\/\/envol-vert.org\/wp-content\/uploads\/2017\/08\/AGROFOPasantiaJackfruit4_juillet2017@MANTUNES-1024x683.jpg 1024w, https:\/\/envol-vert.org\/wp-content\/uploads\/2017\/08\/AGROFOPasantiaJackfruit4_juillet2017@MANTUNES.jpg 3456w\" sizes=\"(max-width: 648px) 100vw, 648px\" \/><\/a><\/p>\n<p>Los participantes salen de la pasant\u00eda con nuevas ideas para su propia chacra. La sacha inchi para unos, la uvilla, o uva de selva, para otros, se sembro la semilla de la diversificaci\u00f3n en las mentes.<\/p>\n<p><strong>Julio 2017<\/strong><\/p>\n<h3>PERUNIDAD se junta a la de Envol Vert, testimonio de sus primeros d\u00edas en Pichanaki<\/h3>\n<p><div id=\"attachment_15718\" style=\"width: 310px\" class=\"wp-caption alignleft\"><a href=\"http:\/\/envol-vert.org\/wp-content\/uploads\/2017\/02\/AGROFOfaenaCAMPC_juillet2017@M.ANTUNES.jpg\"><img decoding=\"async\" aria-describedby=\"caption-attachment-15718\" class=\"wp-image-15718 size-medium\" src=\"http:\/\/envol-vert.org\/wp-content\/uploads\/2017\/02\/AGROFOfaenaCAMPC_juillet2017@M.ANTUNES-300x200.jpg\" alt=\"[AGROFO]faenaCAMPC_juillet2017@M.ANTUNES\" width=\"300\" height=\"200\" srcset=\"https:\/\/envol-vert.org\/wp-content\/uploads\/2017\/02\/AGROFOfaenaCAMPC_juillet2017@M.ANTUNES-300x200.jpg 300w, https:\/\/envol-vert.org\/wp-content\/uploads\/2017\/02\/AGROFOfaenaCAMPC_juillet2017@M.ANTUNES-768x512.jpg 768w, https:\/\/envol-vert.org\/wp-content\/uploads\/2017\/02\/AGROFOfaenaCAMPC_juillet2017@M.ANTUNES-1024x683.jpg 1024w, https:\/\/envol-vert.org\/wp-content\/uploads\/2017\/02\/AGROFOfaenaCAMPC_juillet2017@M.ANTUNES.jpg 3456w\" sizes=\"(max-width: 300px) 100vw, 300px\" \/><\/a><p id=\"caption-attachment-15718\" class=\"wp-caption-text\">Construction d&#8217;une p\u00e9pini\u00e8re avec des membres de la coop\u00e9rative de femmes<\/p><\/div><em>Perunidad es una organizaci\u00f3n estudiantil de la escuela de ingenier\u00eda Centrale Paris, que manda cada a\u00f1o a estudiantes a Peru para apoyar durante 6 semanas proyectos de solidaridad. Este a\u00f1o, 4 estudiantes han llegado a Pichanaki para apoyar a los voluntarios de Envol Vert y su proyecto de reforestaci\u00f3n. <\/em><\/p>\n<p>Llegamos el domingo 2 de Julio para encontrarnos con Coline, Solenne y M\u00e9lanie, las 3 voluntarias de Envol Vert que trabajan en Pichanaki. A penas hab\u00edamos llegado que nos llevaron a probar una de las numerosas delicias que presenta la gastronom\u00eda peruana: la Yuca frita. Pasamos el d\u00eda descubriendo la ciudad hasta que el sue\u00f1o nos agarr\u00e9.<\/p>\n<p><div id=\"attachment_15717\" style=\"width: 310px\" class=\"wp-caption alignright\"><a href=\"http:\/\/envol-vert.org\/wp-content\/uploads\/2017\/02\/AGROFOr\u00e9novationgerminadero_juillet2017@M.ANTUNES.jpg\"><img decoding=\"async\" aria-describedby=\"caption-attachment-15717\" class=\"wp-image-15717 size-medium\" src=\"http:\/\/envol-vert.org\/wp-content\/uploads\/2017\/02\/AGROFOr\u00e9novationgerminadero_juillet2017@M.ANTUNES-300x200.jpg\" alt=\"[AGROFO]r\u00e9novationgerminadero_juillet2017@M.ANTUNES\" width=\"300\" height=\"200\" srcset=\"https:\/\/envol-vert.org\/wp-content\/uploads\/2017\/02\/AGROFOr\u00e9novationgerminadero_juillet2017@M.ANTUNES-300x200.jpg 300w, https:\/\/envol-vert.org\/wp-content\/uploads\/2017\/02\/AGROFOr\u00e9novationgerminadero_juillet2017@M.ANTUNES-768x512.jpg 768w, https:\/\/envol-vert.org\/wp-content\/uploads\/2017\/02\/AGROFOr\u00e9novationgerminadero_juillet2017@M.ANTUNES-1024x683.jpg 1024w, https:\/\/envol-vert.org\/wp-content\/uploads\/2017\/02\/AGROFOr\u00e9novationgerminadero_juillet2017@M.ANTUNES.jpg 3456w\" sizes=\"(max-width: 300px) 100vw, 300px\" \/><\/a><p id=\"caption-attachment-15717\" class=\"wp-caption-text\">R\u00e9novation du germinadero avec les volontaires de PERUNIDAD<\/p><\/div>Para nuestro primer d\u00eda de trabajo tenemos que<strong> renovar y aumentar el germinadero<\/strong>, donde nacen todos los futuros arboles sembrados por Envol Vert. Dos d\u00edas enteros fueron necesarios para esta tarea, pero fue la ocasi\u00f3n de profundizar nuestra relaci\u00f3n de equipo, as\u00ed como con las voluntarias de Envol Vert y Julio, el t\u00e9cnico peruano indispensable del proyecto.<\/p>\n<p><div id=\"attachment_15714\" style=\"width: 310px\" class=\"wp-caption alignleft\"><a href=\"http:\/\/envol-vert.org\/wp-content\/uploads\/2017\/02\/AGROFOConcoursdecafesCAMPC_juillet2017@AMESCALANTE.jpg\"><img decoding=\"async\" aria-describedby=\"caption-attachment-15714\" class=\"wp-image-15714 size-medium\" src=\"http:\/\/envol-vert.org\/wp-content\/uploads\/2017\/02\/AGROFOConcoursdecafesCAMPC_juillet2017@AMESCALANTE-300x225.jpg\" alt=\"[AGROFO]ConcoursdecafesCAMPC_juillet2017@AMESCALANTE\" width=\"300\" height=\"225\" srcset=\"https:\/\/envol-vert.org\/wp-content\/uploads\/2017\/02\/AGROFOConcoursdecafesCAMPC_juillet2017@AMESCALANTE-300x225.jpg 300w, https:\/\/envol-vert.org\/wp-content\/uploads\/2017\/02\/AGROFOConcoursdecafesCAMPC_juillet2017@AMESCALANTE-768x576.jpg 768w, https:\/\/envol-vert.org\/wp-content\/uploads\/2017\/02\/AGROFOConcoursdecafesCAMPC_juillet2017@AMESCALANTE-1024x768.jpg 1024w, https:\/\/envol-vert.org\/wp-content\/uploads\/2017\/02\/AGROFOConcoursdecafesCAMPC_juillet2017@AMESCALANTE.jpg 2560w\" sizes=\"(max-width: 300px) 100vw, 300px\" \/><\/a><p id=\"caption-attachment-15714\" class=\"wp-caption-text\">Concours de cafes especiales de CAMPC<\/p><\/div>Despu\u00e9s de esta chamba, tuvimos la ocasi\u00f3n de asistir al concurso de caf\u00e9s especiales organizado por la cooperativa de mujeres CAMPC. Nos permiti\u00f3 <strong>entender mejor las metas del proyecto y la cultura del caf\u00e9<\/strong>. Se concluy\u00f3 el d\u00eda con la cataci\u00f3n de varios caf\u00e9s especiales, lo que revel\u00f3 la gran calidad del caf\u00e9 de Ana Mar\u00eda, la presidenta de la cooperativa. Los d\u00edas siguientes, nos dedicamos a la <strong>construcci\u00f3n de un vivero y a la preparaci\u00f3n de las actividades de sensibilizaci\u00f3n<\/strong> que llevaremos a cabo en las semanas que vienen en varios colegios de Pichanaki.<\/p>\n<div id=\"attachment_15716\" style=\"width: 310px\" class=\"wp-caption alignright\"><a href=\"http:\/\/envol-vert.org\/wp-content\/uploads\/2017\/02\/AGROFOr\u00e9novationgerminadero2_juillet2017@M.ANTUNES.jpg\"><img decoding=\"async\" aria-describedby=\"caption-attachment-15716\" class=\"wp-image-15716 size-medium\" src=\"http:\/\/envol-vert.org\/wp-content\/uploads\/2017\/02\/AGROFOr\u00e9novationgerminadero2_juillet2017@M.ANTUNES-300x200.jpg\" alt=\"[AGROFO]r\u00e9novationgerminadero2_juillet2017@M.ANTUNES\" width=\"300\" height=\"200\" srcset=\"https:\/\/envol-vert.org\/wp-content\/uploads\/2017\/02\/AGROFOr\u00e9novationgerminadero2_juillet2017@M.ANTUNES-300x200.jpg 300w, https:\/\/envol-vert.org\/wp-content\/uploads\/2017\/02\/AGROFOr\u00e9novationgerminadero2_juillet2017@M.ANTUNES-768x512.jpg 768w, https:\/\/envol-vert.org\/wp-content\/uploads\/2017\/02\/AGROFOr\u00e9novationgerminadero2_juillet2017@M.ANTUNES-1024x683.jpg 1024w, https:\/\/envol-vert.org\/wp-content\/uploads\/2017\/02\/AGROFOr\u00e9novationgerminadero2_juillet2017@M.ANTUNES.jpg 3456w\" sizes=\"(max-width: 300px) 100vw, 300px\" \/><\/a><p id=\"caption-attachment-15716\" class=\"wp-caption-text\">R\u00e9novation du germinadero avec les volontaires de PERUNIDAD<\/p><\/div>\n<p>&nbsp;<\/p>\n<p>De esta semana retenemos un poco de cansancio por las actividades f\u00edsicas que llevamos a cabo, pero sobre todo una gran fascinaci\u00f3n por este primer encuentro con la cultura peruana y mucha motivaci\u00f3n para las semanas que vienen. Queremos trabajar con las voluntarias de Envol Vert para el excito del proyecto y para seguir descubriendo la cultura peruana.<\/p>\n<p>&nbsp;<\/p>\n<p><strong>Junio 2017<\/strong><\/p>\n<p><strong>Del 2 al 11 de junio, Envol Vert dio la bienvenida a los empleados de la compa\u00f1\u00eda Maisons du Monde en el coraz\u00f3n de la costa del Caribe. El objetivo de la asociaci\u00f3n era el de sensibilizar a los colaboradores de \u00e9sta empresa sobre la problem\u00e1tica de la deforestaci\u00f3n reuni\u00e9ndolos en torno a un proyecto agroforestal.<br \/>\n<\/strong><\/p>\n<p><a href=\"http:\/\/envol-vert.org\/wp-content\/uploads\/2017\/06\/maisondumonde.jpg\"><img decoding=\"async\" class=\"alignright size-medium wp-image-15601\" src=\"http:\/\/envol-vert.org\/wp-content\/uploads\/2017\/06\/maisondumonde-225x300.jpg\" alt=\"cong\u00e9 solidaire maison du monde\" width=\"225\" height=\"300\" srcset=\"https:\/\/envol-vert.org\/wp-content\/uploads\/2017\/06\/maisondumonde-225x300.jpg 225w, https:\/\/envol-vert.org\/wp-content\/uploads\/2017\/06\/maisondumonde-768x1024.jpg 768w, https:\/\/envol-vert.org\/wp-content\/uploads\/2017\/06\/maisondumonde.jpg 800w\" sizes=\"(max-width: 225px) 100vw, 225px\" \/><\/a>En esta zona particularmente afectada por la deforestaci\u00f3n de los bosques secos, \u00e9ste programa agroforestal re\u00fane a una treintena de habitantes afro-descendientes y sin tierra del peque\u00f1o pueblo de Los l\u00edmites. Su objetivo es restaurar el ecosistema forestal, preservar la biodiversidad y los recursos de agua, en particular mediante la plantaci\u00f3n de un \u00e1rbol emblem\u00e1tico: la nuez Maya. Adem\u00e1s de su aspecto ambiental, representa tambi\u00e9n un elemento social al permitir que los agricultores puedan cultivar durante m\u00e1s tiempo sus tierras; diversifiquen sus cultivos para mejorar la seguridad alimentaria y desarrollen alternativas econ\u00f3micas por el procesamiento de productos con el fin de aumentar sus ingresos.<\/p>\n<p>Los empleados de Maisons du Monde pudieron ir al encuentro de los equipos de Envol Vert y compartir la vida cotidiana con las familias involucradas en el proyecto. Esta oportunidad de vacaciones solidarias les ha permitido descubrir una nueva cultura, establecer lazos y descubrir el trabajo de Envol Vert en este proyecto financiado por la Fundaci\u00f3n Maisons du Monde. \u00ab<em>Pienso que nuestra presencia a\u00f1ade valor a su trabajo y fortalecer su confianza en la importancia de su trabajo gracias al intercambio que tuvimos con ellos y el inter\u00e9s que nos hizo venir<\/em>\u00ab, dice Sabine de la tienda de Marche-en-Famenne en B\u00e9lgica. \u00abE<em>ste viaje me ha hecho redescubrir el sentido del esp\u00edritu de solidaridad y del trabajo comunitario que a menudo hemos perdido en casa<\/em>\u00ab, dice Carolina de la sede en Nantes.<\/p>\n<p>La aventura no se detiene en Colombia, este viaje representa tambi\u00e9n para cada uno la oportunidad de reflexionar sobre la problem\u00e1tica del consumo y desarrollo sostenible y la pol\u00edtica de responsabilidad social y ambiental aplicadas cotidianamente por Maisons du Monde. Julie, de la tienda en Metz, testimoni\u00f3 que \u00ab<em>A trav\u00e9s de este viaje me di cuenta de que la reforestaci\u00f3n es indispensable y que cada semilla es preciosa y me di cuenta del potencial de los \u00e1rboles y la naturaleza para la vida cotidiana del hombre<\/em>\u00ab. \u00ab<em>Haber pasado estos 10 d\u00edas con el equipo de Envol Vert me ha mostrado la importancia del trabajo de las asociaciones con las comunidades locales y reafirm\u00f3 mi confianza en estos actores clave en la lucha contra el cambio clim\u00e1tico<\/em>\u00ab, concluye Nathalie de la tienda de Thonon-les-bains.<\/p>\n<p><strong>Mayo 2017<\/strong><\/p>\n<h3>El proyecto AGRO prueba un nuevo tratamiento biol\u00f3gico en su germinadero<\/h3>\n<div id=\"attachment_15490\" style=\"width: 310px\" class=\"wp-caption alignleft\"><a href=\"http:\/\/envol-vert.org\/wp-content\/uploads\/2017\/02\/P1020631.jpg\"><img decoding=\"async\" aria-describedby=\"caption-attachment-15490\" class=\"wp-image-15490 size-medium\" src=\"http:\/\/envol-vert.org\/wp-content\/uploads\/2017\/02\/P1020631-300x225.jpg\" width=\"300\" height=\"225\" srcset=\"https:\/\/envol-vert.org\/wp-content\/uploads\/2017\/02\/P1020631-300x225.jpg 300w, https:\/\/envol-vert.org\/wp-content\/uploads\/2017\/02\/P1020631-768x576.jpg 768w, https:\/\/envol-vert.org\/wp-content\/uploads\/2017\/02\/P1020631-1024x768.jpg 1024w, https:\/\/envol-vert.org\/wp-content\/uploads\/2017\/02\/P1020631.jpg 4608w\" sizes=\"(max-width: 300px) 100vw, 300px\" \/><\/a><p id=\"caption-attachment-15490\" class=\"wp-caption-text\">Germinaci\u00f3n de Alcanfores<\/p><\/div>\n<p>El germinadero es un poco como el coraz\u00f3n del proyecto AGRO. Es aqu\u00ed que todo empieza, con la <strong>instalaci\u00f3n de las semillas que los voluntarios recolectan<\/strong> en el campo. La germinaci\u00f3n varia de unas semanas a unos meses. Durante este periodo, la planta conoce las primeras etapas de su desarrollo. Es importante controlar diariamente la sombra, la humedad, el desarrollo de lar ra\u00edces, mientras la Coki (hormiga corta-hojas) o la chupadera (<em>Rhizoctonia solania<\/em>) pueden afectar las plantas.<\/p>\n<div id=\"attachment_15491\" style=\"width: 235px\" class=\"wp-caption alignright\"><a href=\"http:\/\/envol-vert.org\/wp-content\/uploads\/2017\/02\/P1020687.jpg\"><img decoding=\"async\" aria-describedby=\"caption-attachment-15491\" class=\"wp-image-15491 size-medium\" src=\"http:\/\/envol-vert.org\/wp-content\/uploads\/2017\/02\/P1020687-225x300.jpg\" alt=\"P1020687\" width=\"225\" height=\"300\" srcset=\"https:\/\/envol-vert.org\/wp-content\/uploads\/2017\/02\/P1020687-225x300.jpg 225w, https:\/\/envol-vert.org\/wp-content\/uploads\/2017\/02\/P1020687-768x1024.jpg 768w, https:\/\/envol-vert.org\/wp-content\/uploads\/2017\/02\/P1020687.jpg 3456w\" sizes=\"(max-width: 225px) 100vw, 225px\" \/><\/a><p id=\"caption-attachment-15491\" class=\"wp-caption-text\">Preparaci\u00f3n de Bacillus subtilis (30cl a 3 litros de agua)<\/p><\/div>\n<p>Con la ayuda del bi\u00f3logo Manuel Armas, de la universidad San Marcos, se probado un <strong>nuevo tratamiento org\u00e1nico que permite controlar las enfermedades<\/strong> principales que afectan a las plantas durante la germinaci\u00f3n. El <em>Bacillus Subtilis<\/em> y el <em>Trichoderma Harzianum<\/em> son dos micro-organismos con muchas propiedades beneficas. En primer lugar, entran en competici\u00f3n con otros hongos pat\u00f3genos para el espacio y el nitr\u00f3geno, lo que impide su desarrollo y permite <strong>controlar algunas enfermedades<\/strong>. Por otro lugar, estos hongos ben\u00e9ficos producen antibi\u00f3ticos, lo que activa unos genes de defensa de las plantas, que se vuelven naturalmente m\u00e1s resistentes. El <em>Trichoderma Harzianum<\/em> tambi\u00e9n es un <strong>estimulador de crecimiento<\/strong>. Eso podr\u00eda ayudar unas semillas en su desarrollo y permitirlas de llegar en los viveros. Por fin, algunos estudios han mostrado que estos hongos permiten mejorar la calidad del suelo en \u00e1reas degradadas, ya que <strong>aceleran la descomposici\u00f3n de unos pesticidas<\/strong>.<\/p>\n<div id=\"attachment_15492\" style=\"width: 310px\" class=\"wp-caption alignleft\"><a href=\"http:\/\/envol-vert.org\/wp-content\/uploads\/2017\/02\/P1020681.jpg\"><img decoding=\"async\" aria-describedby=\"caption-attachment-15492\" class=\"wp-image-15492 size-medium\" src=\"http:\/\/envol-vert.org\/wp-content\/uploads\/2017\/02\/P1020681-300x225.jpg\" width=\"300\" height=\"225\" srcset=\"https:\/\/envol-vert.org\/wp-content\/uploads\/2017\/02\/P1020681-300x225.jpg 300w, https:\/\/envol-vert.org\/wp-content\/uploads\/2017\/02\/P1020681-768x576.jpg 768w, https:\/\/envol-vert.org\/wp-content\/uploads\/2017\/02\/P1020681-1024x768.jpg 1024w, https:\/\/envol-vert.org\/wp-content\/uploads\/2017\/02\/P1020681.jpg 4608w\" sizes=\"(max-width: 300px) 100vw, 300px\" \/><\/a><p id=\"caption-attachment-15492\" class=\"wp-caption-text\">Aplicaci\u00f3n del tratamiento<\/p><\/div>\n<p>El <em>Bacillus Subtilis<\/em> y el <em>Trichoderma Harzianum<\/em> se mezclan con agua y se fumigan. Una semana despu\u00e9s, se puede instalar las semillas para que beneficien de la acci\u00f3n de los micro-organismos.<\/p>\n<p>Esta experiencia se ha llevado a cabo gracias a la alianza que Envol Vert ha desarrollado con la asociaci\u00f3n Bosque Modelo Pichanaki.<\/p>\n<p>&nbsp;<\/p>\n<p>&nbsp;<\/p>\n<p>&nbsp;<\/p>\n<p>&nbsp;<\/p>\n<p><strong>Abril 2017<\/strong><\/p>\n<h3>Al descubrimiento del Huayruro, la semilla \u201cde la suerte\u201d<\/h3>\n<p>Las primeras plantas del proyecto de agroforesteria han entradas en los viveros. Interesemosnos en detalle, a una especia t\u00edpica y fundamental para la regi\u00f3n de San Martin. Despu\u00e9s de 15 minutos en agua caliente y 1 d\u00eda en agua fr\u00eda, son unas <strong>300 semillas de Huayruro que fueron sembradas<\/strong>.<\/p>\n<p>El Huayruro se encuentra principalmente en la selva tropical Amaz\u00f3nica, que se extiende hacia la Am\u00e9rica Central y al sur de M\u00e9jico. Su nombre es diferente de un pa\u00eds al otro. As\u00ed que, la semilla de Huayruro, nombre usado en Per\u00fa, Bolivia y en Ecuador, se llama tambi\u00e9n jud\u00eda de la suerte, \u00ab\u00a0Cairuro\u00a0\u00bb (Colombia), \u00ab\u00a0Tintoria\u00a0\u00bb (Brasil)<\/p>\n<p><a href=\"http:\/\/envol-vert.org\/wp-content\/uploads\/2017\/02\/photo-arbre-e1496650664878.jpg\"><img decoding=\"async\" class=\"alignleft size-medium wp-image-15575\" src=\"http:\/\/envol-vert.org\/wp-content\/uploads\/2017\/02\/photo-arbre-e1496650664878-200x300.jpg\" alt=\"\" width=\"200\" height=\"300\" srcset=\"https:\/\/envol-vert.org\/wp-content\/uploads\/2017\/02\/photo-arbre-e1496650664878-200x300.jpg 200w, https:\/\/envol-vert.org\/wp-content\/uploads\/2017\/02\/photo-arbre-e1496650664878-683x1024.jpg 683w, https:\/\/envol-vert.org\/wp-content\/uploads\/2017\/02\/photo-arbre-e1496650664878-768x1152.jpg 768w, https:\/\/envol-vert.org\/wp-content\/uploads\/2017\/02\/photo-arbre-e1496650664878.jpg 2304w\" sizes=\"(max-width: 200px) 100vw, 200px\" \/><\/a>Este \u00e1rbol tiene tambi\u00e9n muchos provechos, tanto por la calidad y la dureza de su madera, que por su <strong>capacidad a fijar el nitr\u00f3geno atmosf\u00e9rico en el suelo<\/strong>.<\/p>\n<p>El Huayruro es un \u00e1rbol que siempre fue especial en Am\u00e9rica Latina. En efecto, en la \u00e9poca pre-Inca, sus semillas ya eran usadas para la <strong>fabricaci\u00f3n de ornamentos y de amuletos<\/strong>. Se dice que la semilla tiene la facultad de traer suerte. No es raro de regalar una pulsera a un reci\u00e9n nacido para protegerle de la mala suerte.<\/p>\n<p><a href=\"http:\/\/envol-vert.org\/wp-content\/uploads\/2017\/02\/photo-semence-Huayruro.jpg\"><img decoding=\"async\" class=\"alignright wp-image-15576 size-thumbnail\" src=\"http:\/\/envol-vert.org\/wp-content\/uploads\/2017\/02\/photo-semence-Huayruro-150x150.jpg\" width=\"150\" height=\"150\" srcset=\"https:\/\/envol-vert.org\/wp-content\/uploads\/2017\/02\/photo-semence-Huayruro-60x60.jpg 60w, https:\/\/envol-vert.org\/wp-content\/uploads\/2017\/02\/photo-semence-Huayruro-150x150.jpg 150w, https:\/\/envol-vert.org\/wp-content\/uploads\/2017\/02\/photo-semence-Huayruro.jpg 291w\" sizes=\"(max-width: 150px) 100vw, 150px\" \/><\/a>En Brasil, la semilla del Huayruro es considerada como un <strong>s\u00edmbolo de prosperidad<\/strong>. Es costumbre de dejar algunas semillas en su monedero para que quede lleno.<\/p>\n<p>Por todo eso, fue natural para nosotros de empezar las plantaciones con la semilla de la suerte. Ahora, hay que esperar 30 a 40 d\u00edas despu\u00e9s que las plantas empecen a crecer para repicarlas.<\/p>\n<h3>Unos beneficiarios del proyecto AGRO se forman al manejo de semillas<\/h3>\n<p><a href=\"http:\/\/envol-vert.org\/wp-content\/uploads\/2017\/04\/agroforesterie_avril17_2.jpg\"><img decoding=\"async\" class=\"alignleft size-medium wp-image-15375\" src=\"http:\/\/envol-vert.org\/wp-content\/uploads\/2017\/04\/agroforesterie_avril17_2-225x300.jpg\" alt=\"agroforesterie_avril17_2\" width=\"225\" height=\"300\" srcset=\"https:\/\/envol-vert.org\/wp-content\/uploads\/2017\/04\/agroforesterie_avril17_2-225x300.jpg 225w, https:\/\/envol-vert.org\/wp-content\/uploads\/2017\/04\/agroforesterie_avril17_2-768x1024.jpg 768w, https:\/\/envol-vert.org\/wp-content\/uploads\/2017\/04\/agroforesterie_avril17_2.jpg 1200w\" sizes=\"(max-width: 225px) 100vw, 225px\" \/><\/a>En Marzo, el proyecto AGRO entra en una nueva fase con el inicio del trabajo en convenio con la cooperativa Selva Alta en Rio Tambo. Selva Alta es una cooperativa familiar creada en 2005 e hist\u00f3ricamente presente en el distrito de Rio Tambo, provincia de Satipo, ubicado al l\u00edmite de la frontera agr\u00edcola.<strong> All\u00ed Envol Vert empez\u00f3 una nueva fase de su proyecto \u2018Agroforestar\u00eda y recuperaci\u00f3n de \u00e1reas degradadas\u2019 con el acompa\u00f1amiento de treinta productores en la cosecha, la germinaci\u00f3n de semillas, el repique en vivero y la instalaci\u00f3n en campo definitivo<\/strong>.<br \/>\nHasta ahora, la germinaci\u00f3n de las semillas estaba a cargo del equipo Envol Vert, mientras los beneficiarios del proyecto se encargan del seguimiento de los plantones a partir del repique en los viveros volantes. En Rio Tambo los beneficiarios han armado dos germinadores, aprendido a instalar semillas de Moena, Alcanfor y Nogal, y han cosechado semillas de Tornillo. \u2018<em>Es verdad que no valorizamos bastante los \u00e1rboles que tenemos la chacra<\/em>\u2019, reconoce Salomon, que tiene arboles semilleros de Moena en su terreno. Don Hilario mira las semillas instaladas en l\u00ednea y r\u00ede, \u2018<em>La \u00faltima vez que intent\u00e9 hacer germinar semillas de Moena, tap\u00e9 todo con harena\u2026 por eso todo se ha podrido<\/em>\u2019.<br \/>\nSeg\u00fan las estaciones, el proyecto va a seguir con varias especies, para que los beneficiarios se capaciten en el manejo de las diferentes semillas y conozcan todo el proceso de reforestaci\u00f3n.<\/p>\n<p><a href=\"http:\/\/envol-vert.org\/wp-content\/uploads\/2017\/04\/agroforesterie_avril17_3.jpg\"><img decoding=\"async\" class=\"aligncenter wp-image-15376\" src=\"http:\/\/envol-vert.org\/wp-content\/uploads\/2017\/04\/agroforesterie_avril17_3-1024x754.jpg\" alt=\"agroforesterie_avril17_3\" width=\"500\" height=\"368\" srcset=\"https:\/\/envol-vert.org\/wp-content\/uploads\/2017\/04\/agroforesterie_avril17_3-300x221.jpg 300w, https:\/\/envol-vert.org\/wp-content\/uploads\/2017\/04\/agroforesterie_avril17_3-768x566.jpg 768w, https:\/\/envol-vert.org\/wp-content\/uploads\/2017\/04\/agroforesterie_avril17_3-1024x754.jpg 1024w, https:\/\/envol-vert.org\/wp-content\/uploads\/2017\/04\/agroforesterie_avril17_3.jpg 1200w\" sizes=\"(max-width: 500px) 100vw, 500px\" \/><\/a><\/p>\n<p>&nbsp;<\/p>\n<p><strong>Marzo 2017<\/strong><\/p>\n<div id=\"attachment_15330\" style=\"width: 270px\" class=\"wp-caption alignright\"><a href=\"http:\/\/envol-vert.org\/wp-content\/uploads\/2017\/02\/P1020397.jpg\"><img decoding=\"async\" aria-describedby=\"caption-attachment-15330\" class=\"wp-image-15330 size-medium\" src=\"http:\/\/envol-vert.org\/wp-content\/uploads\/2017\/02\/P1020397-260x300.jpg\" width=\"260\" height=\"300\" srcset=\"https:\/\/envol-vert.org\/wp-content\/uploads\/2017\/02\/P1020397-260x300.jpg 260w, https:\/\/envol-vert.org\/wp-content\/uploads\/2017\/02\/P1020397-768x885.jpg 768w, https:\/\/envol-vert.org\/wp-content\/uploads\/2017\/02\/P1020397-889x1024.jpg 889w, https:\/\/envol-vert.org\/wp-content\/uploads\/2017\/02\/P1020397.jpg 3000w\" sizes=\"(max-width: 260px) 100vw, 260px\" \/><\/a><p id=\"caption-attachment-15330\" class=\"wp-caption-text\">Ana Maria Ramirez Escalante, presidenta de CAMPC<\/p><\/div>\n<p>7 de Marzo de 2017. Con un d\u00eda adelante, la cooperativa agraria de mujeres productivas de caf\u00e9 (CAMPC) celebraba el d\u00eda internacional de los derechos de las mujeres, por medio de un evento p\u00fablico en Pichanaki. Fue la ocasi\u00f3n de reunir a m\u00e1s de treinta personas, socias o no de la cooperativa, sobre el tema \u2018<em>Valorando el trabajo de la mujer en el campo productivo y en el empoderamiento familiar<\/em>\u2019. Un programa de charlas, proyecciones y animaciones permitieron el excito del evento. Empez\u00f3 el d\u00eda con la proyecci\u00f3n del documental Salir Adelante, realizado con el apoyo de Envol Vert. Cuenta las historias de cuatro mujeres fundadoras de la cooperativa, sus miedos y sus logros, y tambi\u00e9n sus sue\u00f1os para el futuro. Sigui\u00f3 una charla con la ingeniera agr\u00f3noma Yerill Giomar Torrez Ruiz en el tema de la equidad de g\u00e9nero en el campo productivo.<\/p>\n<div id=\"attachment_15331\" style=\"width: 226px\" class=\"wp-caption alignleft\"><a href=\"http:\/\/envol-vert.org\/wp-content\/uploads\/2017\/02\/Invitacion-CAMPC.jpg\"><img decoding=\"async\" aria-describedby=\"caption-attachment-15331\" class=\"wp-image-15331 size-medium\" src=\"http:\/\/envol-vert.org\/wp-content\/uploads\/2017\/02\/Invitacion-CAMPC-216x300.jpg\" width=\"216\" height=\"300\" srcset=\"https:\/\/envol-vert.org\/wp-content\/uploads\/2017\/02\/Invitacion-CAMPC-216x300.jpg 216w, https:\/\/envol-vert.org\/wp-content\/uploads\/2017\/02\/Invitacion-CAMPC-737x1024.jpg 737w, https:\/\/envol-vert.org\/wp-content\/uploads\/2017\/02\/Invitacion-CAMPC-768x1067.jpg 768w, https:\/\/envol-vert.org\/wp-content\/uploads\/2017\/02\/Invitacion-CAMPC.jpg 2536w\" sizes=\"(max-width: 216px) 100vw, 216px\" \/><\/a><p id=\"caption-attachment-15331\" class=\"wp-caption-text\">Invitaci\u00f3n realizada con el apoyo de Envol Vert<\/p><\/div>\n<p>Luego, la abogada Miriam Vivanco Vila y la psic\u00f3loga Judith Castellano de la Cruz animaron una charla sobre los derechos de las mujeres en el contexto de la violencia familiar. Dos mujeres, dos enfoques complementarios para enfrentar un mismo problema.<\/p>\n<p>Las dos profesionales tambi\u00e9n ofrecieron consultas privadas \u2018<em>Una iniciativa muy interesante, comenta Do\u00f1a Aurora, socia de la cooperativa, eso muestra a las mujeres que no est\u00e1n solas, que pueden sobrepasar sus problemas y ser orgullosas de lo que son, mujeres, madres y productoras.<\/em>\u2019<\/p>\n<p>&nbsp;<\/p>\n<p style=\"text-align: center;\"><strong>Descubrir el video : <a href=\"https:\/\/www.youtube.com\/watch?v=R_myy0g63zE&amp;t=55s\" target=\"_blank\" rel=\"noopener noreferrer\">CAMPC &#8211; Salir Adelante<\/a><\/strong><\/p>\n<div id=\"attachment_15332\" style=\"width: 658px\" class=\"wp-caption aligncenter\"><a href=\"http:\/\/envol-vert.org\/wp-content\/uploads\/2017\/02\/P1020401bis.jpg\"><img decoding=\"async\" aria-describedby=\"caption-attachment-15332\" class=\"wp-image-15332 size-large\" src=\"http:\/\/envol-vert.org\/wp-content\/uploads\/2017\/02\/P1020401bis-1024x580.jpg\" width=\"648\" height=\"367\" srcset=\"https:\/\/envol-vert.org\/wp-content\/uploads\/2017\/02\/P1020401bis-300x170.jpg 300w, https:\/\/envol-vert.org\/wp-content\/uploads\/2017\/02\/P1020401bis-768x435.jpg 768w, https:\/\/envol-vert.org\/wp-content\/uploads\/2017\/02\/P1020401bis-1024x580.jpg 1024w, https:\/\/envol-vert.org\/wp-content\/uploads\/2017\/02\/P1020401bis.jpg 3907w\" sizes=\"(max-width: 648px) 100vw, 648px\" \/><\/a><p id=\"caption-attachment-15332\" class=\"wp-caption-text\">Foto de grupo al final del evento<\/p><\/div>\n<p>El evento se termin\u00f3 con un concurso de platos t\u00edpicos, algunos juegos y la entrega de plantones de cedros colombianos. La presidente de la cooperativa, Ana Mar\u00eda Ram\u00edrez Escalante, satisfecha, mira a los \u00faltimos participantes salir del coliseo. \u2018<em>Este tipo de evento no exist\u00eda en Pichanaki, creo que hoy, algunas mujeres tomaron conciencia de sus derechos, pero tambi\u00e9n de su poder<\/em>\u2019. Tal vez pronto ingresaran a esta joven cooperativa prometedora y as\u00ed salir adelante.<\/p>\n<p><strong>Enero 2017<\/strong><\/p>\n<h3>Julio, memoria peruana del proyecto<\/h3>\n<p><a href=\"http:\/\/envol-vert.org\/wp-content\/uploads\/2017\/02\/agroforesterie_fev17.jpg\"><img decoding=\"async\" class=\"alignleft wp-image-15159 size-medium\" src=\"http:\/\/envol-vert.org\/wp-content\/uploads\/2017\/02\/agroforesterie_fev17-225x300.jpg\" alt=\"agroforesterie_fev17\" width=\"225\" height=\"300\" srcset=\"https:\/\/envol-vert.org\/wp-content\/uploads\/2017\/02\/agroforesterie_fev17-225x300.jpg 225w, https:\/\/envol-vert.org\/wp-content\/uploads\/2017\/02\/agroforesterie_fev17-768x1024.jpg 768w, https:\/\/envol-vert.org\/wp-content\/uploads\/2017\/02\/agroforesterie_fev17.jpg 800w\" sizes=\"(max-width: 225px) 100vw, 225px\" \/><\/a>Julio es un poco la memoria del proyecto Envol Vert en Pichanaki. Contratado en 2012 para asistir en los trabajos de reforestaci\u00f3n, <strong>ha visto el proyecto evolucionar y ha ense\u00f1ado su saber a los voluntarios<\/strong>. Nos comparte las razones de su compromiso con Envol Vert.<br \/>\n<strong>Ingeniero agr\u00f3nomo especializado en los cultivos de caf\u00e9<\/strong>, se familiariz\u00f3 con los sistemas agroforestales mientras trabajaba sobre la certificaci\u00f3n de las parcelas. \u201c<em>La conciencia de instalar un \u00e1rbol en una parcela era bien dif\u00edcil porque el productor estaba acostumbrado a adquirir el dinero r\u00e1pido<\/em>\u201d mientras la silvicultura necesita un inversi\u00f3n a largo plazo. Al ver los primeros resultados, los productores se dejan convencer y hoy en d\u00eda, \u201c<em>hay productores que se identifican con el proyecto, le toman cari\u00f1o. Han tomado conciencia de la degradaci\u00f3n de los suelos y de los servicios ofrecidos por el \u00e1rbol: sombra, reducci\u00f3n de la utilizaci\u00f3n de fertilizantes, conservaci\u00f3n del agua<\/em>\u201d.\u00a0 Julio espera que los beneficiarios vayan a sensibilizar a sus vecinos y as\u00ed seguir el trabajo de reforestaci\u00f3n.<br \/>\n<strong><a href=\"http:\/\/envol-vert.org\/wp-content\/uploads\/2017\/02\/agroforesterie_fev17_3.jpg\"><img decoding=\"async\" class=\"alignright wp-image-15161 size-medium\" src=\"http:\/\/envol-vert.org\/wp-content\/uploads\/2017\/02\/agroforesterie_fev17_3-300x225.jpg\" alt=\"agroforesterie_fev17_3\" width=\"300\" height=\"225\" srcset=\"https:\/\/envol-vert.org\/wp-content\/uploads\/2017\/02\/agroforesterie_fev17_3-300x225.jpg 300w, https:\/\/envol-vert.org\/wp-content\/uploads\/2017\/02\/agroforesterie_fev17_3-768x576.jpg 768w, https:\/\/envol-vert.org\/wp-content\/uploads\/2017\/02\/agroforesterie_fev17_3.jpg 800w\" sizes=\"(max-width: 300px) 100vw, 300px\" \/><\/a>Para \u00e9l, lo m\u00e1s importante en su trabajo es el intercambio<\/strong>. Intercambio con los productores a quienes les satisface el seguimiento del proyecto,\u00a0 \u201cse involucran a\u00fan m\u00e1s porque el proyecto no es un flor de un d\u00eda\u201d. Intercambio tambi\u00e9n con las diferentes organizaciones sobre las t\u00e9cnicas de reforestaci\u00f3n, \u201cYo no sab\u00eda por ejemplo los efectos negativos de algunas especies ex\u00f3ticas sobre la calidad del suelo\u201d. Intercambio por fin, con los voluntarios, venidos de bien lejos con nuevas experiencias para compartir. Uno de ellos no hablaba espa\u00f1ol cuando lleg\u00f3. El ingeniero le ayud\u00f3 a entender los \u00e1mbitos del trabajo de campo\u2026 y la necesidad de comprar botas para poder caminar por las parcelas en pendiente. reforestation de s\u2019\u00e9tendre.<br \/>\n<a href=\"http:\/\/envol-vert.org\/wp-content\/uploads\/2017\/02\/agroforesterie_fev17_2.jpg\"><img decoding=\"async\" class=\"aligncenter wp-image-15160 size-medium\" src=\"http:\/\/envol-vert.org\/wp-content\/uploads\/2017\/02\/agroforesterie_fev17_2-300x225.jpg\" alt=\"agroforesterie_fev17_2\" width=\"300\" height=\"225\" srcset=\"https:\/\/envol-vert.org\/wp-content\/uploads\/2017\/02\/agroforesterie_fev17_2-300x225.jpg 300w, https:\/\/envol-vert.org\/wp-content\/uploads\/2017\/02\/agroforesterie_fev17_2-768x576.jpg 768w, https:\/\/envol-vert.org\/wp-content\/uploads\/2017\/02\/agroforesterie_fev17_2.jpg 800w\" sizes=\"(max-width: 300px) 100vw, 300px\" \/><\/a><\/p>\n","protected":false},"excerpt":{"rendered":"<p>Deciembre 2017 Taller sobre biopesticidas, chocolatada et premios \u00e0 Ungaroni  [&#8230;]<\/p>\n","protected":false},"featured_media":32511,"template":"","fils_d_actu_categ":[1428],"class_list":["post-32489","fil_d_actu","type-fil_d_actu","status-publish","has-post-thumbnail","hentry","fils_d_actu_categ-programa-cafe-cacao-agroforestales"],"_links":{"self":[{"href":"https:\/\/envol-vert.org\/es\/wp-json\/wp\/v2\/fil_d_actu\/32489","targetHints":{"allow":["GET"]}}],"collection":[{"href":"https:\/\/envol-vert.org\/es\/wp-json\/wp\/v2\/fil_d_actu"}],"about":[{"href":"https:\/\/envol-vert.org\/es\/wp-json\/wp\/v2\/types\/fil_d_actu"}],"version-history":[{"count":0,"href":"https:\/\/envol-vert.org\/es\/wp-json\/wp\/v2\/fil_d_actu\/32489\/revisions"}],"wp:featuredmedia":[{"embeddable":true,"href":"https:\/\/envol-vert.org\/es\/wp-json\/wp\/v2\/media\/32511"}],"wp:attachment":[{"href":"https:\/\/envol-vert.org\/es\/wp-json\/wp\/v2\/media?parent=32489"}],"wp:term":[{"taxonomy":"fils_d_actu_categ","embeddable":true,"href":"https:\/\/envol-vert.org\/es\/wp-json\/wp\/v2\/fils_d_actu_categ?post=32489"}],"curies":[{"name":"wp","href":"https:\/\/api.w.org\/{rel}","templated":true}]}}