{"id":32746,"date":"2016-12-26T23:23:11","date_gmt":"2016-12-26T22:23:11","guid":{"rendered":"https:\/\/bylandry.com\/envert-v2\/?post_type=fil_d_actu&#038;p=32746"},"modified":"2020-11-26T23:23:36","modified_gmt":"2020-11-26T22:23:36","slug":"2016-un-nuevo-impulso-para-el-proyecto","status":"publish","type":"fil_d_actu","link":"https:\/\/envol-vert.org\/es\/act\/2016-un-nuevo-impulso-para-el-proyecto\/","title":{"rendered":"2016 : Un nuevo impulso para el proyecto"},"content":{"rendered":"<p><!--more--><\/p>\n<p><span style=\"text-decoration: underline;\"><strong>Deciembre 2016<\/strong><\/span><\/p>\n<h3>Campa\u00f1a de registraci\u00f3n de plantaciones forestales en Pichanaki<\/h3>\n<p><a href=\"http:\/\/envol-vert.org\/wp-content\/uploads\/2017\/01\/brigada_prodefap_serfor.jpg\"><img decoding=\"async\" class=\"aligncenter wp-image-14858\" src=\"http:\/\/envol-vert.org\/wp-content\/uploads\/2017\/01\/brigada_prodefap_serfor-300x225.jpg\" alt=\"brigada_prodefap_serfor\" width=\"500\" height=\"375\" srcset=\"https:\/\/envol-vert.org\/wp-content\/uploads\/2017\/01\/brigada_prodefap_serfor-300x225.jpg 300w, https:\/\/envol-vert.org\/wp-content\/uploads\/2017\/01\/brigada_prodefap_serfor-768x576.jpg 768w, https:\/\/envol-vert.org\/wp-content\/uploads\/2017\/01\/brigada_prodefap_serfor.jpg 800w\" sizes=\"(max-width: 500px) 100vw, 500px\" \/><\/a><br \/>\nLos esfuerzos de reforestaci\u00f3n contin\u00faan en Pichanaki. Ya son m\u00e1s de 18\u00a0000 \u00e1rboles sembrados y se organizaron nuevas sesiones de capacitaci\u00f3n.<br \/>\nEntre ellas, 3 d\u00edas fueron dedicados a debates sobre la nueva Ley de Fauna y Flora Silvestre publicada en 2015. La nueva ley simplifica los tr\u00e1mites para registraciones de \u00e1rboles sembrados[1] Esta registraci\u00f3n permite la venta de la madera y dem\u00e1s productos de los bosques y tambi\u00e9n facilita la puesta de denuncia en caso de deforestaci\u00f3n ilegal, la obtenci\u00f3n de cr\u00e9ditos mediante la valorizaci\u00f3n de plantaciones como hipoteca y la participaci\u00f3n en proyectos de pago contra captura de carbono.<br \/>\nPor otra parte, un convenio establecido entre el SERFOR[2] y Envol Vert ha permitido hacer beneficiar a los productores del proyecto la intervenci\u00f3n de los brigadistas de la campa\u00f1a \u201cReplantando tu negocio\u201d que apoyen los productores en sus tr\u00e1mites para registraci\u00f3n de plantaciones.<br \/>\nEs un nuevo paso para la promoci\u00f3n de la silvicultura y de los sistemas agroforestales. Non obstante, obst\u00e1culos siempre existen. Los productores que tienen plantaciones forestales en edad de ser registrados permanecen pocos y pocos productores tienen el t\u00edtulo de propiedad necesario a la registraci\u00f3n de plantaciones.<\/p>\n<p><a href=\"http:\/\/envol-vert.org\/wp-content\/uploads\/2017\/01\/folleto_registracion_plantaciones.jpg\"><img decoding=\"async\" class=\"alignleft size-medium wp-image-14860\" src=\"http:\/\/envol-vert.org\/wp-content\/uploads\/2017\/01\/folleto_registracion_plantaciones-300x225.jpg\" alt=\"folleto registracion plantaciones\" width=\"300\" height=\"225\" srcset=\"https:\/\/envol-vert.org\/wp-content\/uploads\/2017\/01\/folleto_registracion_plantaciones-300x225.jpg 300w, https:\/\/envol-vert.org\/wp-content\/uploads\/2017\/01\/folleto_registracion_plantaciones-768x576.jpg 768w, https:\/\/envol-vert.org\/wp-content\/uploads\/2017\/01\/folleto_registracion_plantaciones.jpg 800w\" sizes=\"(max-width: 300px) 100vw, 300px\" \/><\/a><a href=\"http:\/\/envol-vert.org\/wp-content\/uploads\/2017\/01\/capacitacion_marco_legal_forestal.jpg\"><img decoding=\"async\" class=\"alignleft size-medium wp-image-14859\" src=\"http:\/\/envol-vert.org\/wp-content\/uploads\/2017\/01\/capacitacion_marco_legal_forestal-300x225.jpg\" alt=\"Capacitaci\u00f3n sobre el marco legal forestal\" width=\"300\" height=\"225\" srcset=\"https:\/\/envol-vert.org\/wp-content\/uploads\/2017\/01\/capacitacion_marco_legal_forestal-300x225.jpg 300w, https:\/\/envol-vert.org\/wp-content\/uploads\/2017\/01\/capacitacion_marco_legal_forestal-768x576.jpg 768w, https:\/\/envol-vert.org\/wp-content\/uploads\/2017\/01\/capacitacion_marco_legal_forestal.jpg 800w\" sizes=\"(max-width: 300px) 100vw, 300px\" \/><\/a><\/p>\n<p>&nbsp;<\/p>\n<p>&nbsp;<\/p>\n<p>&nbsp;<\/p>\n<p>&nbsp;<\/p>\n<p>&nbsp;<\/p>\n<p>[1] En el Per\u00fa, los bosques naturales son considerados como patrimonio colectivo y no tendr\u00edan que ser aprovechado para tala. En cambio, los arboles sembrados pueden ser utilizado por el uso de la madera si est\u00e1n registrados.<br \/>\n[2] Servicio Nacional Forestal y de Fauna Silvestre<\/p>\n<p>&nbsp;<\/p>\n<p><span style=\"text-decoration: underline;\"><strong>Noviembre 2016<\/strong><\/span><\/p>\n<h3>Primeras instalaciones definitivas de \u00e1rboles en Pichanaki.<\/h3>\n<p><a href=\"http:\/\/envol-vert.org\/wp-content\/uploads\/2016\/12\/IMG_20161108_100256.jpg\"><img decoding=\"async\" class=\"alignleft size-medium wp-image-14824\" src=\"http:\/\/envol-vert.org\/wp-content\/uploads\/2016\/12\/IMG_20161108_100256-300x225.jpg\" alt=\"img_20161108_100256\" width=\"300\" height=\"225\" srcset=\"https:\/\/envol-vert.org\/wp-content\/uploads\/2016\/12\/IMG_20161108_100256-300x225.jpg 300w, https:\/\/envol-vert.org\/wp-content\/uploads\/2016\/12\/IMG_20161108_100256-768x576.jpg 768w, https:\/\/envol-vert.org\/wp-content\/uploads\/2016\/12\/IMG_20161108_100256.jpg 800w\" sizes=\"(max-width: 300px) 100vw, 300px\" \/><\/a>En noviembre los primeros arboles del a\u00f1o 2016 han sido instalado en las parcelas de caf\u00e9 de los productores de Pichanaki.<br \/>\nSe aprovech\u00f3 de esta ocasi\u00f3n para organizar cinco d\u00edas de capacitaci\u00f3n en cuales participaron 55 beneficiarios del proyecto. Tales capacitaciones est\u00e1n desarrollado sobre forma de demostraciones en pleno campo y son oportunidades para explicar distintas t\u00e9cnicas vinculadas a la instalaci\u00f3n de \u00e1rboles. Entre elementos importantes figura el di\u00e1metro del pozo de instalaci\u00f3n del \u00e1rbol cuyo tama\u00f1o importante permite un desarrollo r\u00e1pido del \u00e1rbol. El distanciamiento garantiza por su parte una sombra adaptada de los arboles a las matas de caf\u00e9 alrededor. En \u00faltimo lugar, la instalaci\u00f3n de palos se\u00f1aladores cerca de las plantas preserva la planta durante los trabajos de desmalezado. Las capacitaciones permiten tambi\u00e9n hacer recordar el papel primordial de los \u00e1rboles en la preservaci\u00f3n de los ecosistemas, la disponibilidad del agua y la lucha a contra de la erosi\u00f3n de los suelos.<br \/>\nEn total, son<strong> 9700 cedros colombianos<\/strong>, primera especie lista para la instalaci\u00f3n, que fueron instaladas. Pronto se agregaron especies de caoba, ulcumano y moena. As\u00ed, la diversidad de las plantas instaladas garantiza la implantaci\u00f3n de m\u00e1s biodiversidad en las parcelas y disminuye el riesgo de destrucci\u00f3n de los arboles por plagas.<\/p>\n<p><a href=\"http:\/\/envol-vert.org\/wp-content\/uploads\/2016\/12\/IMG_20161108_100316.jpg\"><img decoding=\"async\" class=\"alignleft size-medium wp-image-14825\" src=\"http:\/\/envol-vert.org\/wp-content\/uploads\/2016\/12\/IMG_20161108_100316-300x225.jpg\" alt=\"img_20161108_100316\" width=\"300\" height=\"225\" srcset=\"https:\/\/envol-vert.org\/wp-content\/uploads\/2016\/12\/IMG_20161108_100316-300x225.jpg 300w, https:\/\/envol-vert.org\/wp-content\/uploads\/2016\/12\/IMG_20161108_100316-768x576.jpg 768w, https:\/\/envol-vert.org\/wp-content\/uploads\/2016\/12\/IMG_20161108_100316.jpg 800w\" sizes=\"(max-width: 300px) 100vw, 300px\" \/><\/a><a href=\"http:\/\/envol-vert.org\/wp-content\/uploads\/2016\/12\/IMG_20161112_102151.jpg\"><img decoding=\"async\" class=\"alignleft size-medium wp-image-14826\" src=\"http:\/\/envol-vert.org\/wp-content\/uploads\/2016\/12\/IMG_20161112_102151-300x225.jpg\" alt=\"img_20161112_102151\" width=\"300\" height=\"225\" srcset=\"https:\/\/envol-vert.org\/wp-content\/uploads\/2016\/12\/IMG_20161112_102151-300x225.jpg 300w, https:\/\/envol-vert.org\/wp-content\/uploads\/2016\/12\/IMG_20161112_102151-768x576.jpg 768w, https:\/\/envol-vert.org\/wp-content\/uploads\/2016\/12\/IMG_20161112_102151.jpg 800w\" sizes=\"(max-width: 300px) 100vw, 300px\" \/><\/a><\/p>\n<p>&nbsp;<\/p>\n<p><span style=\"text-decoration: underline;\"><strong>Octubre 2016<\/strong><\/span><\/p>\n<h3>Envol Vert sensibiliza a los \u00e1mbitos de la reforestaci\u00f3n en Pichanaki<\/h3>\n<p><a href=\"http:\/\/envol-vert.org\/wp-content\/uploads\/2016\/10\/Article-Octobre-Projet-Agro-Photo-1.jpg\"><img decoding=\"async\" class=\"alignleft size-medium wp-image-14732\" src=\"http:\/\/envol-vert.org\/wp-content\/uploads\/2016\/10\/Article-Octobre-Projet-Agro-Photo-1-300x225.jpg\" alt=\"article-octobre-projet-agro-photo-1\" width=\"300\" height=\"225\" srcset=\"https:\/\/envol-vert.org\/wp-content\/uploads\/2016\/10\/Article-Octobre-Projet-Agro-Photo-1-300x225.jpg 300w, https:\/\/envol-vert.org\/wp-content\/uploads\/2016\/10\/Article-Octobre-Projet-Agro-Photo-1-768x576.jpg 768w, https:\/\/envol-vert.org\/wp-content\/uploads\/2016\/10\/Article-Octobre-Projet-Agro-Photo-1-1024x768.jpg 1024w, https:\/\/envol-vert.org\/wp-content\/uploads\/2016\/10\/Article-Octobre-Projet-Agro-Photo-1.jpg 2560w\" sizes=\"(max-width: 300px) 100vw, 300px\" \/><\/a>En octubre, una nueva actividad se agreg\u00f3 a las acciones de seguimiento de los viveros y de repique en el proyecto Pichanaki.<\/p>\n<p>En convenio con la cooperativa CAMPC y el Instituto de Educaci\u00f3n Superior Tecnologico de Pichanaki, dos sesiones de sensibilizaci\u00f3n a los \u00e1mbitos de la reforestaci\u00f3n y de los servicios ecosistemicos han sido implementadas. \u00a1Enfoqu\u00e9monos en estos dos acontecimientos!<\/p>\n<p><strong>Cuando una cooperativa cumple su aniversario\u2026<\/strong><\/p>\n<p>La Cooperativa Agraria de Mujeres Productoras de Caf\u00e9 (CAMPC), son mas de 50 agricultoras din\u00e1micas y ambiciosas. \u00a1Y obviamente que se observa cuando organizan el aniversario de su cooperativa! Degustaci\u00f3n de caf\u00e9 especial, balance de las acciones del a\u00f1o pasado, inauguraci\u00f3n de las nuevas m\u00e1quinas de transformaci\u00f3n del caf\u00e9, y este a\u00f1o, sensibilizaci\u00f3n a los \u00e1mbitos de la reforestaci\u00f3n. Esto fue la oportunidad de explicar una noci\u00f3n todav\u00eda nueva; los servicios eco sist\u00e9micos <sup>1<\/sup>.<\/p>\n<p>El papel de la Selva en el <a href=\"https:\/\/envol-vert.org\/es\/me-informo\/\">manejo del agua del planeta<\/a> ha sido puesto de relieve en varias intervenciones de la asistencia. Jesus, veinte a\u00f1os, toma la palabra; \u201c<em>Con nuestra asociaci\u00f3n de j\u00f3venes, hemos reforestado una parte de las orillas del Rio Peren\u00e9. Queremos mostrar a nuestros mayores que los j\u00f3venes se ven comprometidos con el tema del calentamiento global y la conservaci\u00f3n del medio ambiente<\/em>\u201d.<\/p>\n<p>Concluyendo la sesi\u00f3n, CAMPC y Envol Vert organizaron un concurso de embolsado de sacos de tierras, estos mismos sacos utilizados por los repiques de plantones de especies forestales. \u00a1Una forma de acordarse que los peque\u00f1os gestos importan todos cuando se trata de preservar los ecosistemas!<\/p>\n<p><strong>Un t\u00e9cnico sensibilizado, centenas de productores bien aconsejados<\/strong><\/p>\n<p><a href=\"http:\/\/envol-vert.org\/wp-content\/uploads\/2016\/10\/Article-Octobre-Projet-Agro-Photo-2.jpg\"><img decoding=\"async\" class=\"alignright size-medium wp-image-14733\" src=\"http:\/\/envol-vert.org\/wp-content\/uploads\/2016\/10\/Article-Octobre-Projet-Agro-Photo-2-300x225.jpg\" alt=\"article-octobre-projet-agro-photo-2\" width=\"300\" height=\"225\" srcset=\"https:\/\/envol-vert.org\/wp-content\/uploads\/2016\/10\/Article-Octobre-Projet-Agro-Photo-2-300x225.jpg 300w, https:\/\/envol-vert.org\/wp-content\/uploads\/2016\/10\/Article-Octobre-Projet-Agro-Photo-2-768x576.jpg 768w, https:\/\/envol-vert.org\/wp-content\/uploads\/2016\/10\/Article-Octobre-Projet-Agro-Photo-2-1024x768.jpg 1024w, https:\/\/envol-vert.org\/wp-content\/uploads\/2016\/10\/Article-Octobre-Projet-Agro-Photo-2.jpg 2560w\" sizes=\"(max-width: 300px) 100vw, 300px\" \/><\/a>Algunos d\u00edas despu\u00e9s, Envol Vert duplicaba su sensibilizaci\u00f3n con los estudiantes de la \u00e1rea agropecuaria del Instituto Tecnologico de Pichanaki. Despu\u00e9s de la visita del germinador del proyecto, un debate ha permitido discutir de los temas de reforestaci\u00f3n de las t\u00e9cnicas de agroforesteria<sup>2<\/sup>. En Pichanaki, varios productos agr\u00edcolas como el pl\u00e1tano o la pi\u00f1a se cultivan en pleno sol y son responsable de la deforestaci\u00f3n y de la degradaci\u00f3n de los suelos. Poner de manifiesto que son posibles y rentables asociaciones de cultivo bajo sombra constituye, pues, una prioridad para los defendedores de los ecosistemas de la zona.<\/p>\n<p>Adem\u00e1s, sensibilizar a los t\u00e9cnicos agropecuarios del futuro implica un \u00e1mbito particular. Convencer un t\u00e9cnico o un ingeniero de los beneficios de la agroforesteria, es garantizar buenos consejos para centenas de productores para aplicar m\u00e9todos m\u00e1s respetuosos del medio ambiente y de la salud.<\/p>\n<p>Una oportunidad que no pod\u00eda faltar Envol Vert que ya ha planificado duplicar esta acci\u00f3n con los estudiantes de primer y tercer a\u00f1os del Instituto.<\/p>\n<p><sup>1<\/sup> Los servicios eco sist\u00e9micos son definidos como los beneficios que los seres humanos sachan provechos del funcionamiento de los ecosistemas. La noci\u00f3n fue conformada en el campo de las ciencias biol\u00f3gicas para poner de manifiesto los v\u00ednculos de dependencia que existen entre la humanidad y los espacios naturales.<\/p>\n<p><sup>2<\/sup> La\u00a0agroforester\u00eda\u00a0o agrosilvicultura es un sistema productivo que integra \u00e1rboles, ganado y pastos o follaje, en una misma unidad productiva. Este sistema est\u00e1 orientado a mejorar la productividad de las tierras y al mismo tiempo ser ecol\u00f3gicamente sustentable.<\/p>\n<p><span style=\"text-decoration: underline;\"><strong>Setiembre 2016<\/strong><\/span><\/p>\n<h3>Gira de seguimiento y experimentaci\u00f3n de tratamientos naturales<\/h3>\n<p><a href=\"http:\/\/envol-vert.org\/wp-content\/uploads\/2016\/10\/pichanaki_septembre.jpg\"><img decoding=\"async\" class=\"alignleft wp-image-14667 size-medium\" src=\"http:\/\/envol-vert.org\/wp-content\/uploads\/2016\/10\/pichanaki_septembre-300x225.jpg\" alt=\"pichanaki\" width=\"300\" height=\"225\" srcset=\"https:\/\/envol-vert.org\/wp-content\/uploads\/2016\/10\/pichanaki_septembre-300x225.jpg 300w, https:\/\/envol-vert.org\/wp-content\/uploads\/2016\/10\/pichanaki_septembre-768x576.jpg 768w, https:\/\/envol-vert.org\/wp-content\/uploads\/2016\/10\/pichanaki_septembre-1024x768.jpg 1024w, https:\/\/envol-vert.org\/wp-content\/uploads\/2016\/10\/pichanaki_septembre.jpg 1200w\" sizes=\"(max-width: 300px) 100vw, 300px\" \/><\/a><strong>Las giras de seguimiento de los viveros empezaron en Pichanaki. Acompa\u00f1ado de Julio y de los t\u00e9cnicos de las cooperativas de productores, el voluntario en el terreno visita a menudo los 18 viveros del proyecto<\/strong>. A pesar de los ataques de los predadores naturales (hormigas, grillos y otras plagas de hongos), la mayor\u00eda de las plantas siguen creciendo en la sombra de los techos de malla o de paja de los viveros.<br \/>\nCada vez que es posible<strong>, se experimenta recetas caseras naturales para luchar a contra de las plagas y predadore<\/strong>s. El 15 de setiembre pasado, los beneficiarios del centro poblado Alto Zotani probaban una nueva receta para controlar la proliferaci\u00f3n de hongos en los viveros. Principalmente constituido por bicarbonato de sodio (\u00a1un producto en venta libre en los botiquines!), la receta permite disminuir la cantidad de insumos qu\u00edmicos utilizados, responsable de la degradaci\u00f3n del medio ambiente et de la p\u00e9rdida de productividad de los suelos.<br \/>\nUn servicio desvuelto a los ecosistemas pero no \u00fanicamente. Utilizando \u201crecetas caseras\u201d, los agricultores disminuyen su dependencia a los insumos industriales y ahorran. \u00a1Mediante estas pr\u00e1cticas, reducen tambi\u00e9n su exposici\u00f3n a productos altamente t\u00f3xicos y preservan su salud!<br \/>\nAdem\u00e1s de las giras de seguimiento, se ha sembrado en el mes de setiembre nuevas especies forestales en el germinador del proyecto y encontrar nuevos aliados potenciales.<br \/>\n\u00a1Tantas razones de satisfacci\u00f3n y optimismo para la continuaci\u00f3n del proyecto!<\/p>\n<p><span style=\"text-decoration: underline;\"><strong>Agosto 2016<\/strong><\/span><\/p>\n<h3>\u00bfPorque construir viveros colectivos?<\/h3>\n<p><a href=\"http:\/\/envol-vert.org\/wp-content\/uploads\/2016\/10\/pichanaki_aout.jpg\"><img decoding=\"async\" class=\"alignright size-medium wp-image-14666\" src=\"http:\/\/envol-vert.org\/wp-content\/uploads\/2016\/10\/pichanaki_aout-200x300.jpg\" alt=\"pichanaki_aout\" width=\"200\" height=\"300\" srcset=\"https:\/\/envol-vert.org\/wp-content\/uploads\/2016\/10\/pichanaki_aout-200x300.jpg 200w, https:\/\/envol-vert.org\/wp-content\/uploads\/2016\/10\/pichanaki_aout-683x1024.jpg 683w, https:\/\/envol-vert.org\/wp-content\/uploads\/2016\/10\/pichanaki_aout-768x1152.jpg 768w, https:\/\/envol-vert.org\/wp-content\/uploads\/2016\/10\/pichanaki_aout.jpg 800w\" sizes=\"(max-width: 200px) 100vw, 200px\" \/><\/a><strong>Las actividades de repique<\/strong> ya empezaron en Pichanaki en el proyecto de Agroforesteria. <strong>El cedro colombiano<\/strong> es la primera espacie en salir del germinador. Los plantones est\u00e1n llevados con moto a los centros poblados que est\u00e1n involucrados en el proyecto. En sitio, los voluntarios de Envol Vert y los beneficiarios instalan los futuros \u00e1rboles en los viveros colectivos. Cada plant\u00f3n esta repicado en una bolsa de tierra mediante un trabajo de grupo: la Faena.<br \/>\n\u00bfPor qu\u00e9 compartir un vivero cuando cada uno podr\u00eda cultivar sus platones en su propia casa? La primera repuesta es pragm\u00e1tica; <strong>el riego y el seguimiento es mucha m\u00e1s f\u00e1cil<\/strong> tanto para Envol Vert como para los beneficiarios. Sin embargo, m\u00e1s all\u00e1 de este aspecto pr\u00e1ctico, es todo <strong>un espacio de sociabilidad y de intercambios<\/strong> que esta creado en el centro poblado. Mediante la gesti\u00f3n com\u00fan del vivero, los beneficiarios comunican, debaten y desarrollan capacidades de auto organizaci\u00f3n. \u00bfC\u00f3mo organizarse para mantener un riego regular? \u00bfQu\u00e9 hacer cuando un vecino quiere participar al proyecto pero no pudo presentarse el d\u00eda de la Faena?<br \/>\nAmbas preguntas incentivan el dialogo y dan al proyecto \u201cAgroforesteria\u201d una dimensi\u00f3n social relevante.<\/p>\n<p><strong><span style=\"text-decoration: underline;\">Primer semestre 2016<\/span><br \/>\n<\/strong><\/p>\n<h3>Un nuevo vuelo para el proyecto Agroforesteria en Pichanaki<\/h3>\n<p><a href=\"http:\/\/envol-vert.org\/wp-content\/uploads\/2016\/10\/pichanaki_1trimestre.jpg\"><img decoding=\"async\" class=\"alignleft size-medium wp-image-14665\" src=\"http:\/\/envol-vert.org\/wp-content\/uploads\/2016\/10\/pichanaki_1trimestre-200x300.jpg\" alt=\"pichanaki_1trimestre\" width=\"200\" height=\"300\" srcset=\"https:\/\/envol-vert.org\/wp-content\/uploads\/2016\/10\/pichanaki_1trimestre-200x300.jpg 200w, https:\/\/envol-vert.org\/wp-content\/uploads\/2016\/10\/pichanaki_1trimestre-683x1024.jpg 683w, https:\/\/envol-vert.org\/wp-content\/uploads\/2016\/10\/pichanaki_1trimestre-768x1152.jpg 768w, https:\/\/envol-vert.org\/wp-content\/uploads\/2016\/10\/pichanaki_1trimestre.jpg 1200w\" sizes=\"(max-width: 200px) 100vw, 200px\" \/><\/a>Despu\u00e9s de una pausa de algunos meses, las actividades volvieron a empezar en Pichanaki. <strong>Una nueva fase del proyecto \u201cAgroforesteria y Recuperaci\u00f3n de \u00e1reas degradadas\u201d ya se ha iniciado para el a\u00f1o 2016 \u2013 2017<\/strong>.<br \/>\nAl transcurso del primer y del segundo semestre de 2016, <strong>convenios se firmaron con tres cooperativas de productores de caf\u00e9<\/strong>. Ya presentes durante los a\u00f1os pasados, las cooperativas ACPC \u2013 Pichanaki y Valle Ubiriki reiteraron su compromiso con el proyecto. Adem\u00e1s de sus aliados hist\u00f3ricos, Envol Vert tiene el orgullo trabajar este a\u00f1o con la Cooperativa Agraria de Mujeres Productoras de Caf\u00e9 (CAMPC Pichanaki), mayormente conformada por productoras.<br \/>\nCon sus aliados, Envol Vert se puso como meta <strong>la reforestaci\u00f3n de 500 hect\u00e1reas de terrenos en 2016 \u2013 2017, lo que corresponde a 60 000 \u00e1rboles sembrados<\/strong>. 8 especies fueron seleccionadas, incluso tres que son compatible con cultivos de caf\u00e9; el cedro colombiano, la caoba y el ulcumano, tambi\u00e9n llamado pino peruviano.<br \/>\nDurante los meses de junio y julio, fueron mantenidas las primeras reuniones de presentaci\u00f3n del proyecto ante los centros poblados de Pichanaki. <strong>14 centros poblados se han comprometido, o sea un promedio de 200 productores.<\/strong><br \/>\nFinalmente, las primeras semillas han sido ubicadas en el germinador. \u00a1Todos ya esperan con impaciencia el inicio de las actividades de repique en los viveros del proyecto!<\/p>\n","protected":false},"excerpt":{"rendered":"","protected":false},"featured_media":32750,"template":"","fils_d_actu_categ":[1428],"class_list":["post-32746","fil_d_actu","type-fil_d_actu","status-publish","has-post-thumbnail","hentry","fils_d_actu_categ-programa-cafe-cacao-agroforestales"],"_links":{"self":[{"href":"https:\/\/envol-vert.org\/es\/wp-json\/wp\/v2\/fil_d_actu\/32746","targetHints":{"allow":["GET"]}}],"collection":[{"href":"https:\/\/envol-vert.org\/es\/wp-json\/wp\/v2\/fil_d_actu"}],"about":[{"href":"https:\/\/envol-vert.org\/es\/wp-json\/wp\/v2\/types\/fil_d_actu"}],"version-history":[{"count":0,"href":"https:\/\/envol-vert.org\/es\/wp-json\/wp\/v2\/fil_d_actu\/32746\/revisions"}],"wp:featuredmedia":[{"embeddable":true,"href":"https:\/\/envol-vert.org\/es\/wp-json\/wp\/v2\/media\/32750"}],"wp:attachment":[{"href":"https:\/\/envol-vert.org\/es\/wp-json\/wp\/v2\/media?parent=32746"}],"wp:term":[{"taxonomy":"fils_d_actu_categ","embeddable":true,"href":"https:\/\/envol-vert.org\/es\/wp-json\/wp\/v2\/fils_d_actu_categ?post=32746"}],"curies":[{"name":"wp","href":"https:\/\/api.w.org\/{rel}","templated":true}]}}