{"id":32769,"date":"2015-07-26T23:40:29","date_gmt":"2015-07-26T22:40:29","guid":{"rendered":"https:\/\/bylandry.com\/envert-v2\/?post_type=fil_d_actu&#038;p=32769"},"modified":"2020-11-26T23:41:01","modified_gmt":"2020-11-26T22:41:01","slug":"entrega-de-incentivos-para-cuidadores-de-nidos-de-lapas-verdes-y-de-lapas-rojas","status":"publish","type":"fil_d_actu","link":"https:\/\/envol-vert.org\/es\/act\/entrega-de-incentivos-para-cuidadores-de-nidos-de-lapas-verdes-y-de-lapas-rojas\/","title":{"rendered":"Entrega de incentivos para cuidadores de nidos de Lapas verdes y de Lapas rojas"},"content":{"rendered":"<p>El 3 de julio del 2015, se realizo la entrega de los incentivos por conservaci\u00f3n del h\u00e1bitat y nidos de lapas verdes (Ara ambiguus) y lapas rojas (Ara macao) de la temporada 2015.<br \/>\nEl incentivo fue entregado por la Fundaci\u00f3n del Rio con el apoyo de Envol Vert. Envol Vert apoyo espec\u00edficamente los incentivos a 3 comuneros de la comunidad de Bartola (con cual se desarrolla el proyecto Sylvopastoreo). Javier, Perfecto y Calixto, se convirtieron este a\u00f1o en cuidadores de nidos, por ver las lapas elegir arboles de sus fincas. Se entrego por cada nido protegido el monto de 100$.<br \/>\nIncentivarlos para la protecci\u00f3n de los nidos, permite a la vez proteger los piojitos que nacen en los nidos (esta ave est\u00e1 en peligro de extinci\u00f3n y los bosques de Rio San juan son su \u00faltimo refugio en Nicaragua). Pero a la vez permite proteger los arboles en si, el comunero se concientiza que con el incentivos tienen m\u00e1s valor en pie que cortados.<br \/>\nA este evento acudieron los 20 cuidadores de nidos acompa\u00f1ados de familiares y amigos (17 varones y 13 mujeres) y donde tambi\u00e9n se comparti\u00f3 sobre sus experiencias en esta iniciativa y el aporte que cada uno desde sus fincas y familias est\u00e1n ayudando a la conservaci\u00f3n de las lapas de Rio San Juan.<br \/>\nSeg\u00fan don Simion Rivas, anfitri\u00f3n del evento, se siente muy contento poder abrir las puertas de su casa y finca para compartir con todos los asistentes y menciona que todos son una gran familia y que realizan una tarea com\u00fan, como es la conservaci\u00f3n de las lapas y se siente orgullo por esta tarea.<\/p>\n<audio class=\"wp-audio-shortcode\" id=\"audio-32769-1\" preload=\"none\" style=\"width: 100%;\" controls=\"controls\"><source type=\"audio\/mpeg\" src=\"http:\/\/envol-vert.org\/wp-content\/uploads\/2015\/08\/Jose-Barrera-.mp3?_=1\" \/><a href=\"http:\/\/envol-vert.org\/wp-content\/uploads\/2015\/08\/Jose-Barrera-.mp3\">http:\/\/envol-vert.org\/wp-content\/uploads\/2015\/08\/Jose-Barrera-.mp3<\/a><\/audio>\n","protected":false},"excerpt":{"rendered":"<p>El 3 de julio del 2015, se realizo la entrega  [&#8230;]<\/p>\n","protected":false},"featured_media":32770,"template":"","fils_d_actu_categ":[1425],"class_list":["post-32769","fil_d_actu","type-fil_d_actu","status-publish","has-post-thumbnail","hentry","fils_d_actu_categ-proyecto-preservacion-lapas-verde"],"_links":{"self":[{"href":"https:\/\/envol-vert.org\/es\/wp-json\/wp\/v2\/fil_d_actu\/32769","targetHints":{"allow":["GET"]}}],"collection":[{"href":"https:\/\/envol-vert.org\/es\/wp-json\/wp\/v2\/fil_d_actu"}],"about":[{"href":"https:\/\/envol-vert.org\/es\/wp-json\/wp\/v2\/types\/fil_d_actu"}],"version-history":[{"count":0,"href":"https:\/\/envol-vert.org\/es\/wp-json\/wp\/v2\/fil_d_actu\/32769\/revisions"}],"wp:featuredmedia":[{"embeddable":true,"href":"https:\/\/envol-vert.org\/es\/wp-json\/wp\/v2\/media\/32770"}],"wp:attachment":[{"href":"https:\/\/envol-vert.org\/es\/wp-json\/wp\/v2\/media?parent=32769"}],"wp:term":[{"taxonomy":"fils_d_actu_categ","embeddable":true,"href":"https:\/\/envol-vert.org\/es\/wp-json\/wp\/v2\/fils_d_actu_categ?post=32769"}],"curies":[{"name":"wp","href":"https:\/\/api.w.org\/{rel}","templated":true}]}}