{"id":32771,"date":"2015-03-26T23:42:41","date_gmt":"2015-03-26T22:42:41","guid":{"rendered":"https:\/\/bylandry.com\/envert-v2\/?post_type=fil_d_actu&#038;p=32771"},"modified":"2020-11-26T23:43:08","modified_gmt":"2020-11-26T22:43:08","slug":"talleres-de-educacion-y-monitoreos","status":"publish","type":"fil_d_actu","link":"https:\/\/envol-vert.org\/es\/act\/talleres-de-educacion-y-monitoreos\/","title":{"rendered":"Talleres de educaci\u00f3n y monitoreos"},"content":{"rendered":"<p><span style=\"text-decoration: underline;\"><strong>Marzo 2015<\/strong><\/span><\/p>\n<h2><span style=\"color: #008000;\">Talleres de educaci\u00f3n ambiental<\/span><\/h2>\n<p><a href=\"http:\/\/envol-vert.org\/wp-content\/uploads\/2015\/10\/projet_aras_biodiversite_ara_vert_ara_ambiguus11.jpg\"><img decoding=\"async\" class=\"alignright size-medium wp-image-10730\" src=\"http:\/\/envol-vert.org\/wp-content\/uploads\/2015\/10\/projet_aras_biodiversite_ara_vert_ara_ambiguus11-300x200.jpg\" alt=\"projet_aras_biodiversite_ara_vert_ara_ambiguus11\" width=\"300\" height=\"200\" srcset=\"https:\/\/envol-vert.org\/wp-content\/uploads\/2015\/10\/projet_aras_biodiversite_ara_vert_ara_ambiguus11-300x200.jpg 300w, https:\/\/envol-vert.org\/wp-content\/uploads\/2015\/10\/projet_aras_biodiversite_ara_vert_ara_ambiguus11-768x513.jpg 768w, https:\/\/envol-vert.org\/wp-content\/uploads\/2015\/10\/projet_aras_biodiversite_ara_vert_ara_ambiguus11-1024x684.jpg 1024w, https:\/\/envol-vert.org\/wp-content\/uploads\/2015\/10\/projet_aras_biodiversite_ara_vert_ara_ambiguus11.jpg 2500w\" sizes=\"(max-width: 300px) 100vw, 300px\" \/><\/a>En este a\u00f1o se han trabajado con 4 escuelas de educaci\u00f3n primaria, de las cuales la de Bartola, con las tem\u00e1ticas siguientes:<br \/>\n1.\u00a0\u00a0\u00a0 \u00c1reas protegidas y su importancia para la lapa verde<br \/>\n2.\u00a0\u00a0\u00a0 Cambio clim\u00e1tico y manejo de desechos s\u00f3lidos.<br \/>\n3.\u00a0\u00a0\u00a0 El agua y la importancia para la vida de las personas, plantas y los animales<br \/>\nSon 25 alumnos que pudieron beneficiar del taller<\/p>\n<p>&nbsp;<\/p>\n<p><span style=\"text-decoration: underline;\"><strong>Febrero 2015<\/strong><\/span><\/p>\n<h2><span style=\"color: #008000;\">Monitoreo de Nidos<\/span><\/h2>\n<p><a href=\"http:\/\/envol-vert.org\/wp-content\/uploads\/2015\/10\/projet_aras_communaut_bartola1.jpg\"><img decoding=\"async\" class=\"alignleft size-medium wp-image-10723\" src=\"http:\/\/envol-vert.org\/wp-content\/uploads\/2015\/10\/projet_aras_communaut_bartola1-300x200.jpg\" alt=\"projet_aras_communaut_bartola1\" width=\"300\" height=\"200\" srcset=\"https:\/\/envol-vert.org\/wp-content\/uploads\/2015\/10\/projet_aras_communaut_bartola1-300x200.jpg 300w, https:\/\/envol-vert.org\/wp-content\/uploads\/2015\/10\/projet_aras_communaut_bartola1-768x513.jpg 768w, https:\/\/envol-vert.org\/wp-content\/uploads\/2015\/10\/projet_aras_communaut_bartola1-1024x684.jpg 1024w, https:\/\/envol-vert.org\/wp-content\/uploads\/2015\/10\/projet_aras_communaut_bartola1.jpg 1250w\" sizes=\"(max-width: 300px) 100vw, 300px\" \/><\/a>Se realizaron 12 giras de campos en la comunidad de Bartola, esto con el fin de monitorear los nidos potenciales reportados por la poblaci\u00f3n local, as\u00ed como los nidos de la temporada pasada. Las visitas se hicieron semanales a cada nido. Para este a\u00f1o fueron identificados un total de 4 nidos de lapas, 2 de lapas verdes (Ara ambiguus) y 2 de lapas rojas (Ara macao), sobre arboles de Almendro y un \u00e1rbol de Cedro Macho.<\/p>\n<p>El nido del Se\u00f1or Perfecto Rivera es un Cedro Macho que tiene 67 metros de altura con 60 cm de di\u00e1metro. El nido es nuevo, alberga lapas rojas, es de forma circular, con cicatrices de rasgaduras pero en buen estado. Coordenadas UTM:: X 0794603, Y 1218211<br \/>\nEl otro nido que tiene Perfecto Rivera existe desde 2012 en un almendro seco de 70 metros de alturas, que se muri\u00f3 por un rayo y tiene pocas ramas. El nido es un hueco en forma de zapato, es de lapa verde. Coordenadas UTM: X 160794158 Y 1219113<br \/>\nEl nido de Calixto Gonzales es tambi\u00e9n sobre un Almendro pero muy verde y de buena ramificaci\u00f3n. El nido es de lapas verde y est\u00e1 en forma de coraz\u00f3n debajo de orqu\u00eddeas. Es un nido activo desde 2012.<br \/>\nEl ultimo es el de Perfecto Rivera Rivera, tambi\u00e9n en un Almendro\u00a0 pero m\u00e1s peque\u00f1o (41 metro). El nido de lapas rojas es triangular y con nudos en sus bordes, y funciona desde 2012 tambi\u00e9n. Coordenadas UTM: X 0794603, Y 1218211<\/p>\n<p>Entrevista Perfecto Rivera<\/p>\n<audio class=\"wp-audio-shortcode\" id=\"audio-32771-1\" preload=\"none\" style=\"width: 100%;\" controls=\"controls\"><source type=\"audio\/mpeg\" src=\"http:\/\/envol-vert.org\/wp-content\/uploads\/2015\/10\/perfecto_rivera.mp3?_=1\" \/><a href=\"http:\/\/envol-vert.org\/wp-content\/uploads\/2015\/10\/perfecto_rivera.mp3\">http:\/\/envol-vert.org\/wp-content\/uploads\/2015\/10\/perfecto_rivera.mp3<\/a><\/audio>\n<p>&nbsp;<\/p>\n<p><a href=\"http:\/\/envol-vert.org\/wp-content\/uploads\/2015\/10\/projet_aras_biodiversite_ara_vert_ara_ambiguus01.jpg\"><img decoding=\"async\" class=\"alignleft size-medium wp-image-10727\" src=\"http:\/\/envol-vert.org\/wp-content\/uploads\/2015\/10\/projet_aras_biodiversite_ara_vert_ara_ambiguus01-300x200.jpg\" alt=\"aras\" width=\"300\" height=\"200\" srcset=\"https:\/\/envol-vert.org\/wp-content\/uploads\/2015\/10\/projet_aras_biodiversite_ara_vert_ara_ambiguus01-300x200.jpg 300w, https:\/\/envol-vert.org\/wp-content\/uploads\/2015\/10\/projet_aras_biodiversite_ara_vert_ara_ambiguus01-768x512.jpg 768w, https:\/\/envol-vert.org\/wp-content\/uploads\/2015\/10\/projet_aras_biodiversite_ara_vert_ara_ambiguus01-1024x683.jpg 1024w, https:\/\/envol-vert.org\/wp-content\/uploads\/2015\/10\/projet_aras_biodiversite_ara_vert_ara_ambiguus01.jpg 1939w\" sizes=\"(max-width: 300px) 100vw, 300px\" \/><\/a><a href=\"http:\/\/envol-vert.org\/wp-content\/uploads\/2015\/10\/projet_aras_communaut_bartola3.jpg\"><img decoding=\"async\" class=\"alignleft size-medium wp-image-10724\" src=\"http:\/\/envol-vert.org\/wp-content\/uploads\/2015\/10\/projet_aras_communaut_bartola3-300x200.jpg\" alt=\"projet_aras_communaut_bartola3\" width=\"300\" height=\"200\" srcset=\"https:\/\/envol-vert.org\/wp-content\/uploads\/2015\/10\/projet_aras_communaut_bartola3-300x200.jpg 300w, https:\/\/envol-vert.org\/wp-content\/uploads\/2015\/10\/projet_aras_communaut_bartola3-768x513.jpg 768w, https:\/\/envol-vert.org\/wp-content\/uploads\/2015\/10\/projet_aras_communaut_bartola3-1024x684.jpg 1024w, https:\/\/envol-vert.org\/wp-content\/uploads\/2015\/10\/projet_aras_communaut_bartola3.jpg 1250w\" sizes=\"(max-width: 300px) 100vw, 300px\" \/><\/a><\/p>\n<p>&nbsp;<\/p>\n<p>&nbsp;<\/p>\n<p>&nbsp;<\/p>\n<p>&nbsp;<\/p>\n","protected":false},"excerpt":{"rendered":"<p>Marzo 2015 Talleres de educaci\u00f3n ambiental En este a\u00f1o se  [&#8230;]<\/p>\n","protected":false},"featured_media":32774,"template":"","fils_d_actu_categ":[1425],"class_list":["post-32771","fil_d_actu","type-fil_d_actu","status-publish","has-post-thumbnail","hentry","fils_d_actu_categ-proyecto-preservacion-lapas-verde"],"_links":{"self":[{"href":"https:\/\/envol-vert.org\/es\/wp-json\/wp\/v2\/fil_d_actu\/32771","targetHints":{"allow":["GET"]}}],"collection":[{"href":"https:\/\/envol-vert.org\/es\/wp-json\/wp\/v2\/fil_d_actu"}],"about":[{"href":"https:\/\/envol-vert.org\/es\/wp-json\/wp\/v2\/types\/fil_d_actu"}],"version-history":[{"count":0,"href":"https:\/\/envol-vert.org\/es\/wp-json\/wp\/v2\/fil_d_actu\/32771\/revisions"}],"wp:featuredmedia":[{"embeddable":true,"href":"https:\/\/envol-vert.org\/es\/wp-json\/wp\/v2\/media\/32774"}],"wp:attachment":[{"href":"https:\/\/envol-vert.org\/es\/wp-json\/wp\/v2\/media?parent=32771"}],"wp:term":[{"taxonomy":"fils_d_actu_categ","embeddable":true,"href":"https:\/\/envol-vert.org\/es\/wp-json\/wp\/v2\/fils_d_actu_categ?post=32771"}],"curies":[{"name":"wp","href":"https:\/\/api.w.org\/{rel}","templated":true}]}}