{"id":32785,"date":"2012-07-27T00:10:54","date_gmt":"2012-07-26T23:10:54","guid":{"rendered":"https:\/\/bylandry.com\/envert-v2\/?post_type=fil_d_actu&#038;p=32785"},"modified":"2021-02-20T21:27:08","modified_gmt":"2021-02-20T20:27:08","slug":"actualidades-del-proyecto","status":"publish","type":"fil_d_actu","link":"https:\/\/envol-vert.org\/es\/act\/actualidades-del-proyecto\/","title":{"rendered":"Fortalezer nuestro conocimiento"},"content":{"rendered":"<p style=\"text-align: left;\">\n<p style=\"text-align: justify;\"><span style=\"color: #333333;\"><strong>Alexandra<\/strong> nuestra <strong>encargada de estudio<\/strong> se ofreci\u00f3\u00a0 voluntaria para contribuir al <strong>proyecto Valles glaciares del Haut Forez<\/strong>. El proyecto global ambiciona el refuerzo de <strong>la protecci\u00f3n de las selvas en tres valles glaciares de la regi\u00f3n Haut Forez (\u201cFossat\u201d, \u201cReblats\u201d y \u201cBosque de P\u00e9grol\u201d)<\/strong> para conservar el paisaje t\u00edpico de la zona, la calidad del agua y la biodiversidad vegetal y animal.<\/span><\/p>\n<p style=\"text-align: justify;\"><span style=\"color: #333333;\"><a href=\"http:\/\/envol-vert.org\/wp-content\/uploads\/2012\/10\/Alexandra-Bonnet.jpg\"><img decoding=\"async\" class=\"alignright wp-image-4270\" src=\"http:\/\/envol-vert.org\/wp-content\/uploads\/2012\/10\/Alexandra-Bonnet-200x300.jpg\" alt=\"Alexandra Bonnet\" width=\"90\" height=\"134\" srcset=\"https:\/\/envol-vert.org\/wp-content\/uploads\/2012\/10\/Alexandra-Bonnet-200x300.jpg 200w, https:\/\/envol-vert.org\/wp-content\/uploads\/2012\/10\/Alexandra-Bonnet-683x1024.jpg 683w, https:\/\/envol-vert.org\/wp-content\/uploads\/2012\/10\/Alexandra-Bonnet-768x1152.jpg 768w, https:\/\/envol-vert.org\/wp-content\/uploads\/2012\/10\/Alexandra-Bonnet.jpg 942w\" sizes=\"(max-width: 90px) 100vw, 90px\" \/><\/a><\/span><\/p>\n<p style=\"text-align: justify;\"><span style=\"color: #333333;\">En primer lugar queremos <strong>reforzar nuestros conocimientos ecol\u00f3gicos de los sitios para elaborar una estrategia de intervenci\u00f3n. En colaboraci\u00f3n con el Conservatoire des Espaces Naturels d\u2019Auvergne<\/strong>, Alexandra empez\u00f3 un trabajo de s\u00edntesis bibliogr\u00e1fica sobre los datos naturalistas disponibles.\u00a0Apareci\u00f3 que no hubo prospecciones suficientes en el <strong>\u201cBosque de P\u00e9grol\u201d<\/strong> en comparaci\u00f3n con los otros dos valles. Alexandra y el Conservatoire des Espaces Naturels d\u2019Auvergne han por tanto programado un d\u00eda de prospecciones naturalistas (h\u00e1bitats, fauna, flora, extracci\u00f3n silvestres&#8230;) en el \u201cBosque de P\u00e9grol\u201dpara informar mejor el mapeo de los h\u00e1bitats naturales.<\/span><\/p>\n<p style=\"text-align: justify;\"><a href=\"http:\/\/envol-vert.org\/wp-content\/uploads\/2012\/10\/Suivi-scientifique_Projet-Vall\u00e9es-glaciaires.jpg\"><img decoding=\"async\" class=\"alignleft wp-image-4267\" src=\"http:\/\/envol-vert.org\/wp-content\/uploads\/2012\/10\/Suivi-scientifique_Projet-Vall\u00e9es-glaciaires-300x199.jpg\" alt=\"Suivi scientifique_Projet Vall\u00e9es glaciaires\" width=\"210\" height=\"139\" srcset=\"https:\/\/envol-vert.org\/wp-content\/uploads\/2012\/10\/Suivi-scientifique_Projet-Vall\u00e9es-glaciaires-200x133.jpg 200w, https:\/\/envol-vert.org\/wp-content\/uploads\/2012\/10\/Suivi-scientifique_Projet-Vall\u00e9es-glaciaires-250x166.jpg 250w, https:\/\/envol-vert.org\/wp-content\/uploads\/2012\/10\/Suivi-scientifique_Projet-Vall\u00e9es-glaciaires-300x199.jpg 300w, https:\/\/envol-vert.org\/wp-content\/uploads\/2012\/10\/Suivi-scientifique_Projet-Vall\u00e9es-glaciaires-400x266.jpg 400w, https:\/\/envol-vert.org\/wp-content\/uploads\/2012\/10\/Suivi-scientifique_Projet-Vall\u00e9es-glaciaires-600x398.jpg 600w, https:\/\/envol-vert.org\/wp-content\/uploads\/2012\/10\/Suivi-scientifique_Projet-Vall\u00e9es-glaciaires-768x510.jpg 768w, https:\/\/envol-vert.org\/wp-content\/uploads\/2012\/10\/Suivi-scientifique_Projet-Vall\u00e9es-glaciaires-800x531.jpg 800w, https:\/\/envol-vert.org\/wp-content\/uploads\/2012\/10\/Suivi-scientifique_Projet-Vall\u00e9es-glaciaires-1024x680.jpg 1024w, https:\/\/envol-vert.org\/wp-content\/uploads\/2012\/10\/Suivi-scientifique_Projet-Vall\u00e9es-glaciaires-1200x797.jpg 1200w, https:\/\/envol-vert.org\/wp-content\/uploads\/2012\/10\/Suivi-scientifique_Projet-Vall\u00e9es-glaciaires-1536x1020.jpg 1536w, https:\/\/envol-vert.org\/wp-content\/uploads\/2012\/10\/Suivi-scientifique_Projet-Vall\u00e9es-glaciaires.jpg 2048w\" sizes=\"(max-width: 210px) 100vw, 210px\" \/><\/a><\/p>\n<p style=\"text-align: justify;\"><span style=\"color: #333333;\">Resulta que la presencia y la diversidad de h\u00e1bitats naturales de inter\u00e9s comunitario de los valles glaciares nos conducen a identificar especies emblem\u00e1ticas o no, viviendo en estos ambientes. Las observaciones indican la necesidad de prospecciones en el per\u00edmetro para obtener su protecci\u00f3n. Adem\u00e1s Alexandra sigue consignando la suma de conocimientos a trav\u00e9s del cual se puede considerar las selvas de los tres valles glaciares del Haut Forez un espacio natural emblem\u00e1tico. De hecho <strong>al analizar los datos recolectados se revela un n\u00famero importante de especies y h\u00e1bitats de inter\u00e9s comunitario<\/strong>.<\/span><\/p>\n<p style=\"text-align: justify;\"><span style=\"color: #333333;\">Por tanto es importante protegerlas y continuar la gesti\u00f3n de non-intervenci\u00f3n que preconizamos en este lugar. De hecho, esta gesti\u00f3n deja posible la expresi\u00f3n de las diferentes fases de evoluci\u00f3n de los ecosistemas silvestres y permite adem\u00e1s la aparici\u00f3n de una diversidad ecol\u00f3gica, favorable al acogimiento y evoluci\u00f3n de la fauna salvaje. La perspectiva es establecer un plano de gesti\u00f3n de los tres valles glaciares a trav\u00e9s un conjunto de acciones.<\/span><\/p>\n<p><a href=\"http:\/\/envol-vert.org\/wp-content\/uploads\/2012\/10\/bois-de-P\u00e9grol2.jpg\"><img decoding=\"async\" class=\"aligncenter wp-image-4265\" src=\"http:\/\/envol-vert.org\/wp-content\/uploads\/2012\/10\/bois-de-P\u00e9grol2-1024x680.jpg\" alt=\"bois de P\u00e9grol2\" width=\"496\" height=\"329\" srcset=\"https:\/\/envol-vert.org\/wp-content\/uploads\/2012\/10\/bois-de-P\u00e9grol2-200x133.jpg 200w, https:\/\/envol-vert.org\/wp-content\/uploads\/2012\/10\/bois-de-P\u00e9grol2-250x166.jpg 250w, https:\/\/envol-vert.org\/wp-content\/uploads\/2012\/10\/bois-de-P\u00e9grol2-300x199.jpg 300w, https:\/\/envol-vert.org\/wp-content\/uploads\/2012\/10\/bois-de-P\u00e9grol2-400x266.jpg 400w, https:\/\/envol-vert.org\/wp-content\/uploads\/2012\/10\/bois-de-P\u00e9grol2-600x398.jpg 600w, https:\/\/envol-vert.org\/wp-content\/uploads\/2012\/10\/bois-de-P\u00e9grol2-768x510.jpg 768w, https:\/\/envol-vert.org\/wp-content\/uploads\/2012\/10\/bois-de-P\u00e9grol2-800x531.jpg 800w, https:\/\/envol-vert.org\/wp-content\/uploads\/2012\/10\/bois-de-P\u00e9grol2-1024x680.jpg 1024w, https:\/\/envol-vert.org\/wp-content\/uploads\/2012\/10\/bois-de-P\u00e9grol2-1200x797.jpg 1200w, https:\/\/envol-vert.org\/wp-content\/uploads\/2012\/10\/bois-de-P\u00e9grol2-1536x1020.jpg 1536w, https:\/\/envol-vert.org\/wp-content\/uploads\/2012\/10\/bois-de-P\u00e9grol2.jpg 2048w\" sizes=\"(max-width: 496px) 100vw, 496px\" \/><\/a><\/p>\n","protected":false},"excerpt":{"rendered":"<p>Alexandra nuestra encargada de estudio se ofreci\u00f3\u00a0 voluntaria para contribuir  [&#8230;]<\/p>\n","protected":false},"featured_media":32786,"template":"","fils_d_actu_categ":[1385],"class_list":["post-32785","fil_d_actu","type-fil_d_actu","status-publish","has-post-thumbnail","hentry","fils_d_actu_categ-proyecto-valles-glaciares"],"yoast_head":"<!-- This site is optimized with the Yoast SEO plugin v28.3 - https:\/\/yoast.com\/product\/yoast-seo-wordpress\/ -->\n<title>Fortalezer nuestro conocimiento - Envol Vert<\/title>\n<meta name=\"robots\" content=\"index, follow, max-snippet:-1, max-image-preview:large, max-video-preview:-1\" \/>\n<link rel=\"canonical\" href=\"https:\/\/envol-vert.org\/es\/act\/actualidades-del-proyecto\/\" \/>\n<meta property=\"og:locale\" content=\"es_ES\" \/>\n<meta property=\"og:type\" content=\"article\" \/>\n<meta property=\"og:title\" content=\"Fortalezer nuestro conocimiento - Envol Vert\" \/>\n<meta property=\"og:description\" content=\"Alexandra nuestra encargada de estudio se ofreci\u00f3\u00a0 voluntaria para contribuir [...]\" \/>\n<meta property=\"og:url\" content=\"https:\/\/envol-vert.org\/es\/act\/actualidades-del-proyecto\/\" \/>\n<meta property=\"og:site_name\" content=\"Envol Vert\" \/>\n<meta property=\"article:publisher\" content=\"https:\/\/www.facebook.com\/EnvolVertFrance\/\" \/>\n<meta property=\"article:modified_time\" content=\"2021-02-20T20:27:08+00:00\" \/>\n<meta property=\"og:image\" content=\"https:\/\/envol-vert.org\/wp-content\/uploads\/2012\/10\/bois-de-P\u00e9grol2.jpg\" \/>\n\t<meta property=\"og:image:width\" content=\"2048\" \/>\n\t<meta property=\"og:image:height\" content=\"1360\" \/>\n\t<meta property=\"og:image:type\" content=\"image\/jpeg\" \/>\n<meta name=\"twitter:card\" content=\"summary_large_image\" \/>\n<meta name=\"twitter:site\" content=\"@Envolvert\" \/>\n<meta name=\"twitter:label1\" content=\"Tiempo de lectura\" \/>\n\t<meta name=\"twitter:data1\" content=\"2 minutes\" \/>\n<script type=\"application\/ld+json\" class=\"yoast-schema-graph\">{\"@context\":\"https:\\\/\\\/schema.org\",\"@graph\":[{\"@type\":\"WebPage\",\"@id\":\"https:\\\/\\\/envol-vert.org\\\/es\\\/act\\\/actualidades-del-proyecto\\\/\",\"url\":\"https:\\\/\\\/envol-vert.org\\\/es\\\/act\\\/actualidades-del-proyecto\\\/\",\"name\":\"Fortalezer nuestro conocimiento - Envol Vert\",\"isPartOf\":{\"@id\":\"https:\\\/\\\/envol-vert.org\\\/es\\\/#website\"},\"primaryImageOfPage\":{\"@id\":\"https:\\\/\\\/envol-vert.org\\\/es\\\/act\\\/actualidades-del-proyecto\\\/#primaryimage\"},\"image\":{\"@id\":\"https:\\\/\\\/envol-vert.org\\\/es\\\/act\\\/actualidades-del-proyecto\\\/#primaryimage\"},\"thumbnailUrl\":\"https:\\\/\\\/envol-vert.org\\\/wp-content\\\/uploads\\\/2012\\\/10\\\/bois-de-P\u00e9grol2.jpg\",\"datePublished\":\"2012-07-26T23:10:54+00:00\",\"dateModified\":\"2021-02-20T20:27:08+00:00\",\"breadcrumb\":{\"@id\":\"https:\\\/\\\/envol-vert.org\\\/es\\\/act\\\/actualidades-del-proyecto\\\/#breadcrumb\"},\"inLanguage\":\"es-ES\",\"potentialAction\":[{\"@type\":\"ReadAction\",\"target\":[\"https:\\\/\\\/envol-vert.org\\\/es\\\/act\\\/actualidades-del-proyecto\\\/\"]}]},{\"@type\":\"ImageObject\",\"inLanguage\":\"es-ES\",\"@id\":\"https:\\\/\\\/envol-vert.org\\\/es\\\/act\\\/actualidades-del-proyecto\\\/#primaryimage\",\"url\":\"https:\\\/\\\/envol-vert.org\\\/wp-content\\\/uploads\\\/2012\\\/10\\\/bois-de-P\u00e9grol2.jpg\",\"contentUrl\":\"https:\\\/\\\/envol-vert.org\\\/wp-content\\\/uploads\\\/2012\\\/10\\\/bois-de-P\u00e9grol2.jpg\",\"width\":2048,\"height\":1360},{\"@type\":\"BreadcrumbList\",\"@id\":\"https:\\\/\\\/envol-vert.org\\\/es\\\/act\\\/actualidades-del-proyecto\\\/#breadcrumb\",\"itemListElement\":[{\"@type\":\"ListItem\",\"position\":1,\"name\":\"Accueil\",\"item\":\"https:\\\/\\\/envol-vert.org\\\/es\\\/\"},{\"@type\":\"ListItem\",\"position\":2,\"name\":\"Fortalezer nuestro conocimiento\"}]},{\"@type\":\"WebSite\",\"@id\":\"https:\\\/\\\/envol-vert.org\\\/es\\\/#website\",\"url\":\"https:\\\/\\\/envol-vert.org\\\/es\\\/\",\"name\":\"Envol Vert\",\"description\":\"La for\u00eat nous rend service, rendons le lui.\",\"publisher\":{\"@id\":\"https:\\\/\\\/envol-vert.org\\\/es\\\/#organization\"},\"potentialAction\":[{\"@type\":\"SearchAction\",\"target\":{\"@type\":\"EntryPoint\",\"urlTemplate\":\"https:\\\/\\\/envol-vert.org\\\/es\\\/?s={search_term_string}\"},\"query-input\":{\"@type\":\"PropertyValueSpecification\",\"valueRequired\":true,\"valueName\":\"search_term_string\"}}],\"inLanguage\":\"es-ES\"},{\"@type\":\"Organization\",\"@id\":\"https:\\\/\\\/envol-vert.org\\\/es\\\/#organization\",\"name\":\"Envol Vert\",\"url\":\"https:\\\/\\\/envol-vert.org\\\/es\\\/\",\"logo\":{\"@type\":\"ImageObject\",\"inLanguage\":\"es-ES\",\"@id\":\"https:\\\/\\\/envol-vert.org\\\/es\\\/#\\\/schema\\\/logo\\\/image\\\/\",\"url\":\"https:\\\/\\\/envol-vert.org\\\/wp-content\\\/uploads\\\/2021\\\/03\\\/Logo-icone-site.png\",\"contentUrl\":\"https:\\\/\\\/envol-vert.org\\\/wp-content\\\/uploads\\\/2021\\\/03\\\/Logo-icone-site.png\",\"width\":512,\"height\":512,\"caption\":\"Envol Vert\"},\"image\":{\"@id\":\"https:\\\/\\\/envol-vert.org\\\/es\\\/#\\\/schema\\\/logo\\\/image\\\/\"},\"sameAs\":[\"https:\\\/\\\/www.facebook.com\\\/EnvolVertFrance\\\/\",\"https:\\\/\\\/x.com\\\/Envolvert\",\"https:\\\/\\\/www.instagram.com\\\/envol_vert_france\\\/\",\"https:\\\/\\\/www.linkedin.com\\\/company\\\/envolvert\\\/\",\"https:\\\/\\\/www.youtube.com\\\/c\\\/EnvolVert\"]}]}<\/script>\n<!-- \/ Yoast SEO plugin. -->","yoast_head_json":{"title":"Fortalezer nuestro conocimiento - Envol Vert","robots":{"index":"index","follow":"follow","max-snippet":"max-snippet:-1","max-image-preview":"max-image-preview:large","max-video-preview":"max-video-preview:-1"},"canonical":"https:\/\/envol-vert.org\/es\/act\/actualidades-del-proyecto\/","og_locale":"es_ES","og_type":"article","og_title":"Fortalezer nuestro conocimiento - Envol Vert","og_description":"Alexandra nuestra encargada de estudio se ofreci\u00f3\u00a0 voluntaria para contribuir [...]","og_url":"https:\/\/envol-vert.org\/es\/act\/actualidades-del-proyecto\/","og_site_name":"Envol Vert","article_publisher":"https:\/\/www.facebook.com\/EnvolVertFrance\/","article_modified_time":"2021-02-20T20:27:08+00:00","og_image":[{"width":2048,"height":1360,"url":"https:\/\/envol-vert.org\/wp-content\/uploads\/2012\/10\/bois-de-P\u00e9grol2.jpg","type":"image\/jpeg"}],"twitter_card":"summary_large_image","twitter_site":"@Envolvert","twitter_misc":{"Tiempo de lectura":"2 minutes"},"schema":{"@context":"https:\/\/schema.org","@graph":[{"@type":"WebPage","@id":"https:\/\/envol-vert.org\/es\/act\/actualidades-del-proyecto\/","url":"https:\/\/envol-vert.org\/es\/act\/actualidades-del-proyecto\/","name":"Fortalezer nuestro conocimiento - Envol Vert","isPartOf":{"@id":"https:\/\/envol-vert.org\/es\/#website"},"primaryImageOfPage":{"@id":"https:\/\/envol-vert.org\/es\/act\/actualidades-del-proyecto\/#primaryimage"},"image":{"@id":"https:\/\/envol-vert.org\/es\/act\/actualidades-del-proyecto\/#primaryimage"},"thumbnailUrl":"https:\/\/envol-vert.org\/wp-content\/uploads\/2012\/10\/bois-de-P\u00e9grol2.jpg","datePublished":"2012-07-26T23:10:54+00:00","dateModified":"2021-02-20T20:27:08+00:00","breadcrumb":{"@id":"https:\/\/envol-vert.org\/es\/act\/actualidades-del-proyecto\/#breadcrumb"},"inLanguage":"es-ES","potentialAction":[{"@type":"ReadAction","target":["https:\/\/envol-vert.org\/es\/act\/actualidades-del-proyecto\/"]}]},{"@type":"ImageObject","inLanguage":"es-ES","@id":"https:\/\/envol-vert.org\/es\/act\/actualidades-del-proyecto\/#primaryimage","url":"https:\/\/envol-vert.org\/wp-content\/uploads\/2012\/10\/bois-de-P\u00e9grol2.jpg","contentUrl":"https:\/\/envol-vert.org\/wp-content\/uploads\/2012\/10\/bois-de-P\u00e9grol2.jpg","width":2048,"height":1360},{"@type":"BreadcrumbList","@id":"https:\/\/envol-vert.org\/es\/act\/actualidades-del-proyecto\/#breadcrumb","itemListElement":[{"@type":"ListItem","position":1,"name":"Accueil","item":"https:\/\/envol-vert.org\/es\/"},{"@type":"ListItem","position":2,"name":"Fortalezer nuestro conocimiento"}]},{"@type":"WebSite","@id":"https:\/\/envol-vert.org\/es\/#website","url":"https:\/\/envol-vert.org\/es\/","name":"Envol Vert","description":"La for\u00eat nous rend service, rendons le lui.","publisher":{"@id":"https:\/\/envol-vert.org\/es\/#organization"},"potentialAction":[{"@type":"SearchAction","target":{"@type":"EntryPoint","urlTemplate":"https:\/\/envol-vert.org\/es\/?s={search_term_string}"},"query-input":{"@type":"PropertyValueSpecification","valueRequired":true,"valueName":"search_term_string"}}],"inLanguage":"es-ES"},{"@type":"Organization","@id":"https:\/\/envol-vert.org\/es\/#organization","name":"Envol Vert","url":"https:\/\/envol-vert.org\/es\/","logo":{"@type":"ImageObject","inLanguage":"es-ES","@id":"https:\/\/envol-vert.org\/es\/#\/schema\/logo\/image\/","url":"https:\/\/envol-vert.org\/wp-content\/uploads\/2021\/03\/Logo-icone-site.png","contentUrl":"https:\/\/envol-vert.org\/wp-content\/uploads\/2021\/03\/Logo-icone-site.png","width":512,"height":512,"caption":"Envol Vert"},"image":{"@id":"https:\/\/envol-vert.org\/es\/#\/schema\/logo\/image\/"},"sameAs":["https:\/\/www.facebook.com\/EnvolVertFrance\/","https:\/\/x.com\/Envolvert","https:\/\/www.instagram.com\/envol_vert_france\/","https:\/\/www.linkedin.com\/company\/envolvert\/","https:\/\/www.youtube.com\/c\/EnvolVert"]}]}},"_links":{"self":[{"href":"https:\/\/envol-vert.org\/es\/wp-json\/wp\/v2\/fil_d_actu\/32785","targetHints":{"allow":["GET"]}}],"collection":[{"href":"https:\/\/envol-vert.org\/es\/wp-json\/wp\/v2\/fil_d_actu"}],"about":[{"href":"https:\/\/envol-vert.org\/es\/wp-json\/wp\/v2\/types\/fil_d_actu"}],"version-history":[{"count":0,"href":"https:\/\/envol-vert.org\/es\/wp-json\/wp\/v2\/fil_d_actu\/32785\/revisions"}],"wp:featuredmedia":[{"embeddable":true,"href":"https:\/\/envol-vert.org\/es\/wp-json\/wp\/v2\/media\/32786"}],"wp:attachment":[{"href":"https:\/\/envol-vert.org\/es\/wp-json\/wp\/v2\/media?parent=32785"}],"wp:term":[{"taxonomy":"fils_d_actu_categ","embeddable":true,"href":"https:\/\/envol-vert.org\/es\/wp-json\/wp\/v2\/fils_d_actu_categ?post=32785"}],"curies":[{"name":"wp","href":"https:\/\/api.w.org\/{rel}","templated":true}]}}