{"id":32789,"date":"2012-10-27T00:17:30","date_gmt":"2012-10-26T23:17:30","guid":{"rendered":"https:\/\/bylandry.com\/envert-v2\/?post_type=fil_d_actu&#038;p=32789"},"modified":"2020-11-27T00:17:59","modified_gmt":"2020-11-26T23:17:59","slug":"un-ganadero-bovino-en-plena-evolucionhacia-el-silvopastoreo","status":"publish","type":"fil_d_actu","link":"https:\/\/envol-vert.org\/es\/act\/un-ganadero-bovino-en-plena-evolucionhacia-el-silvopastoreo\/","title":{"rendered":"Un ganadero bovino en plena evoluci\u00f3n\u2026hacia el silvopastoreo"},"content":{"rendered":"<div class=\"fusion-fullwidth fullwidth-box fusion-builder-row-1 nonhundred-percent-fullwidth non-hundred-percent-height-scrolling\" style=\"--awb-border-radius-top-left:0px;--awb-border-radius-top-right:0px;--awb-border-radius-bottom-right:0px;--awb-border-radius-bottom-left:0px;--awb-flex-wrap:wrap;\" ><div class=\"fusion-builder-row fusion-row\"><div class=\"fusion-layout-column fusion_builder_column fusion-builder-column-0 fusion_builder_column_1_1 1_1 fusion-one-full fusion-column-first fusion-column-last\" style=\"--awb-bg-size:cover;--awb-margin-bottom:0px;\"><div class=\"fusion-column-wrapper fusion-flex-column-wrapper-legacy\"><div class=\"fusion-text fusion-text-1\"><h6>Art\u00edculo del 20 octubre 2012<\/h6>\n<p style=\"text-align: justify;\">Carlos de 30 a\u00f1os retom\u00f3 la explotaci\u00f3n familiar aplicando los m\u00e9todos que practicaba su padre hace algunos\u00a0a\u00f1os. Sus vacas, Brahman y Holstein, destinadas a producir leche y carne, son criadas de forma extensiva al\u00a0exterior y con pocos aportes de alimentaci\u00f3n extremos. Este es un m\u00e9todo que exige poca mano de obra pero\u00a0vastos conocimientos de pastoreo.<\/p>\n<p style=\"text-align: justify;\">Como todos los ganaderos \u201cla ganader\u00eda a caballo\u201d es su forma de trabajo\u2026 lo cual es tambi\u00e9n una ocasi\u00f3n\u00a0para observar la naturaleza a su alrededor y ser testigo de los cambios que ha tenido: disminuci\u00f3n en los\u00a0torrentes de agua, suelo compacto, calidad del pasto que baja y cambio imprevisible del micro-clima.<\/p>\n<p style=\"text-align: justify;\"><a href=\"http:\/\/envol-vert.org\/wp-content\/uploads\/2012\/10\/Potrero-para-dividir-sembrar-cercas-3.jpg\"><img decoding=\"async\" class=\"alignleft size-medium wp-image-4336\" src=\"http:\/\/envol-vert.org\/wp-content\/uploads\/2023\/02\/Vereda-Rio-Maracas_Zona-de-potrero_Becerril-Cesar_27-11-2022_Ph-Juan-Carlos-Valencia-57_web.jpg\" alt=\"sylvopastoralisme\" width=\"300\" height=\"225\" \/><\/a><\/p>\n<p style=\"text-align: justify;\">Es por un estudio de durabilidad que \u00e9l comienza a cambiar sus pr\u00e1cticas\u2026 Suspende los tratamientos\u00a0qu\u00edmicos en el pastoreo, adopta la no labor para preservar los micro organismos y la fertilidad de los suelos,\u00a0disminuyendo, de igual manera, la talla de sus prados para mejorar mientras aprende la gesti\u00f3n.<\/p>\n<p style=\"text-align: justify;\">A fuerza de investigaciones y de intercambios comenz\u00f3 a interesarse por el Silvopastoreo (asociaci\u00f3n de\u00a0\u00e1rboles y de ganado). Estos \u00e1rboles, escogidos inteligentemente, ayudan a fijar los nutrientes en el suelo,\u00a0dan sombra a los animales, lo cual mejora su bienestar y su productividad. Algunos \u00e1rboles tienen tambi\u00e9n,\u00a0un follaje que puede servir de alimento, otros tienen un valor comercial o de producci\u00f3n de frutas. Asimismo,\u00a0estas plantaciones pueden aportar ingresos complementarios y servir como alternativas econ\u00f3micas para la\u00a0ganader\u00eda. En resumen, los \u00e1rboles aportan alimentaci\u00f3n y refugio para la fauna salvaje y constituyen, del\u00a0mismo modo, a conformar verdaderos corredores ecol\u00f3gicos&#8230;<\/p>\n<p style=\"text-align: justify;\">Carlos en la actualidad est\u00e1 decidido a disminuir todav\u00eda m\u00e1s la talla del pastoreo y en instalar setos vivos que\u00a0sirven como barreras naturales; plantadas en abundancia (alrededor de 150 \u00e1rboles por hect\u00e1rea) permitir\u00e1n\u00a0obtener un sistema de silvopastoreo de baja densidad.<\/p>\n<p style=\"text-align: justify;\"><a href=\"http:\/\/envol-vert.org\/wp-content\/uploads\/2012\/10\/Potrero-para-dividir-sembrar-cercas-3.jpg\"><img decoding=\"async\" class=\"alignleft size-medium wp-image-4334\" src=\"https:\/\/envol-vert.org\/wp-content\/uploads\/2012\/10\/Potrero-para-dividir-sembrar-cercas-3.jpg\" alt=\"sylvopastoralisme\" width=\"300\" height=\"225\" \/><\/a><\/p>\n<p style=\"text-align: justify;\">La divisi\u00f3n de la pradera en unidades m\u00e1s peque\u00f1as de 50m por 50 m y la siembra de los setos vivos ayudar\u00e1\u00a0a aumentar el n\u00famero de \u00e1rboles presentes sin afectar la producci\u00f3n de hierba.<\/p>\n<p style=\"text-align: justify;\">En un segundo plano podemos observar que Carlos conserv\u00f3 los bosques en las cimas de las colinas las\u00a0cuales adornan su finca.<\/p>\n<p style=\"text-align: justify;\">Pero Carlos no piensa parar ah\u00ed\u2026 Siendo consciente de que ciertas zonas de su propiedad no son propicias\u00a0para la producci\u00f3n del pastoreo o estas demasiado degradadas, busca re-forestarlas y re-convertir estas\u00a0zonas pobres en plantaciones forestales.<\/p>\n<p style=\"text-align: justify;\"><a href=\"http:\/\/envol-vert.org\/wp-content\/uploads\/2012\/10\/Para-reforestacion-4-Copier.jpg\"><img decoding=\"async\" class=\"alignright size-medium wp-image-4335\" src=\"http:\/\/envol-vert.org\/wp-content\/uploads\/2012\/10\/Para-reforestacion-4-Copier-300x225.jpg\" alt=\"Sylvopastoralisme\" width=\"300\" height=\"225\" srcset=\"https:\/\/envol-vert.org\/wp-content\/uploads\/2012\/10\/Para-reforestacion-4-Copier-300x225.jpg 300w, https:\/\/envol-vert.org\/wp-content\/uploads\/2012\/10\/Para-reforestacion-4-Copier-768x576.jpg 768w, https:\/\/envol-vert.org\/wp-content\/uploads\/2012\/10\/Para-reforestacion-4-Copier.jpg 1024w\" sizes=\"(max-width: 300px) 100vw, 300px\" \/><\/a><\/p>\n<p style=\"text-align: justify;\">Ciertas zonas de la parcela no son aptas para la producci\u00f3n de hierba pero pueden ser valorizadas con una\u00a0producci\u00f3n razonable de madrera con una explotaci\u00f3n en cadena.<\/p>\n<p style=\"text-align: justify;\">Como Carlos existen decenas de ganaderos que podr\u00edan disfrutar de proyecto de reforestaci\u00f3n en a zona del\u00a0Magdalena medio (Colombia), para restaurar las zonas degradadas, ser parte en la protecci\u00f3n de los recursos\u00a0naturales y, al mismo tiempo, desarrollar alternativas de ganader\u00eda extensiva.<\/p>\n<p>Lucile Chamayou, Coordinadora en el terreno Envol Vert<\/p>\n<\/div><div class=\"fusion-clearfix\"><\/div><\/div><\/div><\/div><\/div>\n","protected":false},"excerpt":{"rendered":"","protected":false},"featured_media":32790,"template":"","fils_d_actu_categ":[1429],"class_list":["post-32789","fil_d_actu","type-fil_d_actu","status-publish","has-post-thumbnail","hentry","fils_d_actu_categ-proyecto-sylvopastoralismo-nicaragua"],"_links":{"self":[{"href":"https:\/\/envol-vert.org\/es\/wp-json\/wp\/v2\/fil_d_actu\/32789","targetHints":{"allow":["GET"]}}],"collection":[{"href":"https:\/\/envol-vert.org\/es\/wp-json\/wp\/v2\/fil_d_actu"}],"about":[{"href":"https:\/\/envol-vert.org\/es\/wp-json\/wp\/v2\/types\/fil_d_actu"}],"version-history":[{"count":0,"href":"https:\/\/envol-vert.org\/es\/wp-json\/wp\/v2\/fil_d_actu\/32789\/revisions"}],"wp:featuredmedia":[{"embeddable":true,"href":"https:\/\/envol-vert.org\/es\/wp-json\/wp\/v2\/media\/32790"}],"wp:attachment":[{"href":"https:\/\/envol-vert.org\/es\/wp-json\/wp\/v2\/media?parent=32789"}],"wp:term":[{"taxonomy":"fils_d_actu_categ","embeddable":true,"href":"https:\/\/envol-vert.org\/es\/wp-json\/wp\/v2\/fils_d_actu_categ?post=32789"}],"curies":[{"name":"wp","href":"https:\/\/api.w.org\/{rel}","templated":true}]}}