{"id":35249,"date":"2012-07-20T19:56:35","date_gmt":"2012-07-20T18:56:35","guid":{"rendered":"https:\/\/bylandry.com\/envert-v2\/fil_d_actu\/une-expedition-scientifique-reussie\/"},"modified":"2021-02-20T20:00:43","modified_gmt":"2021-02-20T19:00:43","slug":"une-expedition-scientifique-reussie","status":"publish","type":"fil_d_actu","link":"https:\/\/envol-vert.org\/es\/act\/une-expedition-scientifique-reussie\/","title":{"rendered":"\u00c9xito en la expedici\u00f3n"},"content":{"rendered":"<p style=\"text-align: left;\"><img decoding=\"async\" class=\"alignleft\" src=\"http:\/\/envol-vert.org\/wp-content\/uploads\/2011\/06\/BIODIVERSITEFORET_TAPIRexpedition-tapir12&copy;C.Lechemia1.jpg\" alt=\"\" width=\"150\" height=\"150\" \/>Un equipo de m\u00e1s de diez personas fue en la b\u00fasqueda de los Tapires en el coraz\u00f3n de la reserva.<strong> Dos Tapires \u2013uno hembra y otro macho- fueron capturados, marcados y re-liberados<\/strong> con el objetivo de continuar los estudios sobre estos animales.<\/p>\n<p>&nbsp;<\/p>\n<p>&nbsp;<\/p>\n<p>&nbsp;<\/p>\n<p><a href=\"http:\/\/envol-vert.org\/wp-content\/uploads\/2011\/06\/BIODIVERSITEFORET_TAPIRexpedition-tapir10\u00a9C.Lechemia.jpg\"><img decoding=\"async\" class=\"alignright wp-image-5127\" src=\"https:\/\/envol-vert.org\/wp-content\/uploads\/2011\/06\/BIODIVERSITEFORET_TAPIRexpedition-tapir10%C2%A9C.Lechemia.jpg\" alt=\"[BIODIVERSITE][FORET_TAPIR]expedition tapir10\u00a9C.Lechemia\" width=\"162\" height=\"109\" \/><\/a><\/p>\n<p style=\"text-align: justify;\">Fueron medidos y pesados; la hembra (2,25 de largo, 1m10 de altura y 84 cm de circunferencia) es el animal m\u00e1s imponente que se encuentra en la reserva en la actualidad. Franz Flores \u2013veterinario- le realizo ex\u00e1menes tanto de sangre como de piel para ser enviados al laboratorio.<\/p>\n<h3 style=\"text-align: justify;\"><\/h3>\n","protected":false},"excerpt":{"rendered":"<p>Un equipo de m\u00e1s de diez personas fue en la  [&#8230;]<\/p>\n","protected":false},"featured_media":35250,"template":"","fils_d_actu_categ":[1508],"class_list":["post-35249","fil_d_actu","type-fil_d_actu","status-publish","has-post-thumbnail","hentry","fils_d_actu_categ-proyecto-preservacion-tapir-selva-primaria"],"_links":{"self":[{"href":"https:\/\/envol-vert.org\/es\/wp-json\/wp\/v2\/fil_d_actu\/35249","targetHints":{"allow":["GET"]}}],"collection":[{"href":"https:\/\/envol-vert.org\/es\/wp-json\/wp\/v2\/fil_d_actu"}],"about":[{"href":"https:\/\/envol-vert.org\/es\/wp-json\/wp\/v2\/types\/fil_d_actu"}],"version-history":[{"count":0,"href":"https:\/\/envol-vert.org\/es\/wp-json\/wp\/v2\/fil_d_actu\/35249\/revisions"}],"wp:featuredmedia":[{"embeddable":true,"href":"https:\/\/envol-vert.org\/es\/wp-json\/wp\/v2\/media\/35250"}],"wp:attachment":[{"href":"https:\/\/envol-vert.org\/es\/wp-json\/wp\/v2\/media?parent=35249"}],"wp:term":[{"taxonomy":"fils_d_actu_categ","embeddable":true,"href":"https:\/\/envol-vert.org\/es\/wp-json\/wp\/v2\/fils_d_actu_categ?post=35249"}],"curies":[{"name":"wp","href":"https:\/\/api.w.org\/{rel}","templated":true}]}}