{"id":36795,"date":"2021-01-29T20:11:46","date_gmt":"2021-01-29T19:11:46","guid":{"rendered":"https:\/\/bylandry.com\/envert-v2\/filactu\/la-pepiniere-a-ete-construite-a-la-esperanza\/"},"modified":"2021-03-13T20:15:22","modified_gmt":"2021-03-13T19:15:22","slug":"la-pepiniere-a-ete-construite-a-la-esperanza","status":"publish","type":"fil_d_actu","link":"https:\/\/envol-vert.org\/es\/act\/la-pepiniere-a-ete-construite-a-la-esperanza\/","title":{"rendered":"El vivero se construy\u00f3 en La Esperanza"},"content":{"rendered":"<div class=\"fusion-fullwidth fullwidth-box fusion-builder-row-1 fusion-flex-container nonhundred-percent-fullwidth non-hundred-percent-height-scrolling\" style=\"--awb-border-radius-top-left:0px;--awb-border-radius-top-right:0px;--awb-border-radius-bottom-right:0px;--awb-border-radius-bottom-left:0px;--awb-flex-wrap:wrap;\" ><div class=\"fusion-builder-row fusion-row fusion-flex-align-items-flex-start fusion-flex-content-wrap\" style=\"max-width:1040px;margin-left: calc(-4% \/ 2 );margin-right: calc(-4% \/ 2 );\"><div class=\"fusion-layout-column fusion_builder_column fusion-builder-column-0 fusion_builder_column_1_1 1_1 fusion-flex-column\" style=\"--awb-bg-size:cover;--awb-width-large:100%;--awb-margin-top-large:0px;--awb-spacing-right-large:1.92%;--awb-margin-bottom-large:20px;--awb-spacing-left-large:1.92%;--awb-width-medium:100%;--awb-order-medium:0;--awb-spacing-right-medium:1.92%;--awb-spacing-left-medium:1.92%;--awb-width-small:100%;--awb-order-small:0;--awb-spacing-right-small:1.92%;--awb-spacing-left-small:1.92%;\"><div class=\"fusion-column-wrapper fusion-column-has-shadow fusion-flex-justify-content-flex-start fusion-content-layout-column\"><div class=\"fusion-text fusion-text-1\"><p>En la comunidad de\u00a0<em>La Esperanza<\/em>, el proyecto se concreta cada d\u00eda m\u00e1s. El vivero fue construido por los beneficiarios del proyecto. A partir de ah\u00ed, la comunidad acompa\u00f1ada por el equipo de Envol Vert pudo ir a recoger semillas en los alrededores. Estas semillas provienen de los \u00e1rboles presentes en las parcelas cercanas. La idea es multiplicarlas para crear zonas de reforestaci\u00f3n. Para hacerlo, las semillas recogidas se sembrar\u00e1n en el vivero construido. Una vez que los \u00e1rboles j\u00f3venes hayan germinado, la comunidad los replantar\u00e1.<\/p>\n<\/div><\/div><\/div><\/div><\/div>\n","protected":false},"excerpt":{"rendered":"","protected":false},"featured_media":36793,"template":"","fils_d_actu_categ":[1653],"class_list":["post-36795","fil_d_actu","type-fil_d_actu","status-publish","has-post-thumbnail","hentry","fils_d_actu_categ-programa-de-preservacion-de-los-bosques-secos"],"_links":{"self":[{"href":"https:\/\/envol-vert.org\/es\/wp-json\/wp\/v2\/fil_d_actu\/36795","targetHints":{"allow":["GET"]}}],"collection":[{"href":"https:\/\/envol-vert.org\/es\/wp-json\/wp\/v2\/fil_d_actu"}],"about":[{"href":"https:\/\/envol-vert.org\/es\/wp-json\/wp\/v2\/types\/fil_d_actu"}],"version-history":[{"count":0,"href":"https:\/\/envol-vert.org\/es\/wp-json\/wp\/v2\/fil_d_actu\/36795\/revisions"}],"wp:featuredmedia":[{"embeddable":true,"href":"https:\/\/envol-vert.org\/es\/wp-json\/wp\/v2\/media\/36793"}],"wp:attachment":[{"href":"https:\/\/envol-vert.org\/es\/wp-json\/wp\/v2\/media?parent=36795"}],"wp:term":[{"taxonomy":"fils_d_actu_categ","embeddable":true,"href":"https:\/\/envol-vert.org\/es\/wp-json\/wp\/v2\/fils_d_actu_categ?post=36795"}],"curies":[{"name":"wp","href":"https:\/\/api.w.org\/{rel}","templated":true}]}}