{"id":36870,"date":"2020-11-15T13:10:21","date_gmt":"2020-11-15T12:10:21","guid":{"rendered":"https:\/\/bylandry.com\/envert-v2\/filactu\/les-objectifs-du-projets-renforces\/"},"modified":"2021-03-15T13:19:01","modified_gmt":"2021-03-15T12:19:01","slug":"les-objectifs-du-projets-renforces","status":"publish","type":"fil_d_actu","link":"https:\/\/envol-vert.org\/es\/act\/les-objectifs-du-projets-renforces\/","title":{"rendered":"Les objectifs du projets renforc\u00e9s"},"content":{"rendered":"<div class=\"fusion-fullwidth fullwidth-box fusion-builder-row-1 nonhundred-percent-fullwidth non-hundred-percent-height-scrolling\" style=\"--awb-border-radius-top-left:0px;--awb-border-radius-top-right:0px;--awb-border-radius-bottom-right:0px;--awb-border-radius-bottom-left:0px;--awb-flex-wrap:wrap;\" ><div class=\"fusion-builder-row fusion-row\"><div class=\"fusion-layout-column fusion_builder_column fusion-builder-column-0 fusion_builder_column_1_1 1_1 fusion-one-full fusion-column-first fusion-column-last\" style=\"--awb-bg-size:cover;--awb-margin-bottom:0px;\"><div class=\"fusion-column-wrapper fusion-flex-column-wrapper-legacy\"><div class=\"fusion-text fusion-text-1\"><p>Le 24 et 25 octobre, l\u2019\u00e9quipe du projet Au Pr\u00e9 de Mes Arbres s\u2019est rendue \u00e0 Paris pour le s\u00e9minaire de l\u2019association, l\u2019occasion pour les diff\u00e9rents b\u00e9n\u00e9voles, services civiques et salari\u00e9s d\u2019Envol Vert de se retrouver et de faire connaissance.<\/p>\n<p>Au cours de cette rencontre, les objectifs de l\u2019association et du projet Au Pr\u00e9 de Mes Arbres ont pu avancer et sont maintenant d\u00e9finis pour les ann\u00e9es \u00e0 venir.<\/p>\n<p>Parmi les objectifs principaux du projet :<\/p>\n<\/div><ul style=\"--awb-iconcolor:#ea773d;--awb-line-height:23.8px;--awb-icon-width:23.8px;--awb-icon-height:23.8px;--awb-icon-margin:9.8px;--awb-content-margin:33.6px;\" class=\"fusion-checklist fusion-checklist-1 fusion-checklist-default type-icons\"><li class=\"fusion-li-item\" style=\"\"><span class=\"icon-wrapper circle-no\"><i class=\"fusion-li-icon fa-angle-right fas\" aria-hidden=\"true\"><\/i><\/span><div class=\"fusion-li-item-content\">\n<p>Continuer l\u2019accompagnement des agriculteurs vers des syst\u00e8mes agroforestiers<\/p>\n<\/div><\/li><li class=\"fusion-li-item\" style=\"\"><span class=\"icon-wrapper circle-no\"><i class=\"fusion-li-icon fa-angle-right fas\" aria-hidden=\"true\"><\/i><\/span><div class=\"fusion-li-item-content\">\n<p>D\u00e9velopper la sensibilisation des publics scolaires en multipliant les interventions dans les \u00e9coles et lyc\u00e9es<\/p>\n<\/div><\/li><li class=\"fusion-li-item\" style=\"\"><span class=\"icon-wrapper circle-no\"><i class=\"fusion-li-icon fa-angle-right fas\" aria-hidden=\"true\"><\/i><\/span><div class=\"fusion-li-item-content\">\n<p>Syst\u00e9matiser la mise en place d\u2019infrastructure d\u2019accueil de biodiversit\u00e9 dans les projets men\u00e9s avec les agriculteurs ou les \u00e9coles<\/p>\n<\/div><\/li><\/ul><div class=\"fusion-clearfix\"><\/div><\/div><\/div><\/div><\/div>\n","protected":false},"excerpt":{"rendered":"","protected":false},"featured_media":36866,"template":"","fils_d_actu_categ":[1426],"class_list":["post-36870","fil_d_actu","type-fil_d_actu","status-publish","has-post-thumbnail","hentry","fils_d_actu_categ-au-pre-de-mes-arbres-tarn-es"],"_links":{"self":[{"href":"https:\/\/envol-vert.org\/es\/wp-json\/wp\/v2\/fil_d_actu\/36870","targetHints":{"allow":["GET"]}}],"collection":[{"href":"https:\/\/envol-vert.org\/es\/wp-json\/wp\/v2\/fil_d_actu"}],"about":[{"href":"https:\/\/envol-vert.org\/es\/wp-json\/wp\/v2\/types\/fil_d_actu"}],"version-history":[{"count":0,"href":"https:\/\/envol-vert.org\/es\/wp-json\/wp\/v2\/fil_d_actu\/36870\/revisions"}],"wp:featuredmedia":[{"embeddable":true,"href":"https:\/\/envol-vert.org\/es\/wp-json\/wp\/v2\/media\/36866"}],"wp:attachment":[{"href":"https:\/\/envol-vert.org\/es\/wp-json\/wp\/v2\/media?parent=36870"}],"wp:term":[{"taxonomy":"fils_d_actu_categ","embeddable":true,"href":"https:\/\/envol-vert.org\/es\/wp-json\/wp\/v2\/fils_d_actu_categ?post=36870"}],"curies":[{"name":"wp","href":"https:\/\/api.w.org\/{rel}","templated":true}]}}