{"id":36895,"date":"2020-12-15T13:22:22","date_gmt":"2020-12-15T12:22:22","guid":{"rendered":"https:\/\/bylandry.com\/envert-v2\/filactu\/36883\/"},"modified":"2021-03-15T13:29:19","modified_gmt":"2021-03-15T12:29:19","slug":"36883","status":"publish","type":"fil_d_actu","link":"https:\/\/envol-vert.org\/es\/act\/36883\/","title":{"rendered":"Formation plantation pour les b\u00e9n\u00e9ficiaires"},"content":{"rendered":"<div class=\"fusion-fullwidth fullwidth-box fusion-builder-row-1 fusion-flex-container nonhundred-percent-fullwidth non-hundred-percent-height-scrolling\" style=\"--awb-border-radius-top-left:0px;--awb-border-radius-top-right:0px;--awb-border-radius-bottom-right:0px;--awb-border-radius-bottom-left:0px;--awb-flex-wrap:wrap;\" ><div class=\"fusion-builder-row fusion-row fusion-flex-align-items-flex-start fusion-flex-content-wrap\" style=\"max-width:1040px;margin-left: calc(-4% \/ 2 );margin-right: calc(-4% \/ 2 );\"><div class=\"fusion-layout-column fusion_builder_column fusion-builder-column-0 fusion_builder_column_1_1 1_1 fusion-flex-column\" style=\"--awb-bg-size:cover;--awb-width-large:100%;--awb-margin-top-large:0px;--awb-spacing-right-large:1.92%;--awb-margin-bottom-large:20px;--awb-spacing-left-large:1.92%;--awb-width-medium:100%;--awb-order-medium:0;--awb-spacing-right-medium:1.92%;--awb-spacing-left-medium:1.92%;--awb-width-small:100%;--awb-order-small:0;--awb-spacing-right-small:1.92%;--awb-spacing-left-small:1.92%;\"><div class=\"fusion-column-wrapper fusion-column-has-shadow fusion-flex-justify-content-flex-start fusion-content-layout-column\"><div class=\"fusion-text fusion-text-1\"><p>D\u00e9but d\u00e9cembre, les agriculteurs du projet ont particip\u00e9 \u00e0 une formation d\u2019une journ\u00e9e sur la plantation des arbres en syst\u00e8mes agroforestier. L\u2019occasion pour Renaud Mauchoff\u00e9, p\u00e9pini\u00e9riste, de transmettre son savoir faire et ses connaissances en la mati\u00e8re. Pour une bonne plantation, on applique la r\u00e8gle des 4 \u2018P\u2019 :<\/p>\n<\/div><ul style=\"--awb-iconcolor:#ea773d;--awb-line-height:23.8px;--awb-icon-width:23.8px;--awb-icon-height:23.8px;--awb-icon-margin:9.8px;--awb-content-margin:33.6px;\" class=\"fusion-checklist fusion-checklist-1 fusion-checklist-default type-icons\"><li class=\"fusion-li-item\" style=\"\"><span class=\"icon-wrapper circle-no\"><i class=\"fusion-li-icon fa-angle-right fas\" aria-hidden=\"true\"><\/i><\/span><div class=\"fusion-li-item-content\">\n<p><em>Pr\u00e9paration du sol<\/em>\u00a0: Etape importante pour que l\u2019arbre puisse s\u2019implanter dans de bonnes conditions. Il est conseill\u00e9 de d\u00e9compacter son sol avant plantation, voir de creuser les trous en amont si le sol est lourd.<\/p>\n<\/div><\/li><li class=\"fusion-li-item\" style=\"\"><span class=\"icon-wrapper circle-no\"><i class=\"fusion-li-icon fa-angle-right fas\" aria-hidden=\"true\"><\/i><\/span><div class=\"fusion-li-item-content\">\n<p><em>Pralinage<\/em>\u00a0: Avant de mettre l\u2019arbre dans le sol, il faut tremper les racines dans du pralin, c\u2019est ce qu\u2019on appelle le \u2018pralinage\u2019. Pour faire du pralin c\u2019est simple : 1\/3 de bouse de vache, 1\/3 de terre fine, 1\/3 d\u2019eau. On plonge les racines des arbres dans cette pr\u00e9paration juste avant la plantation, cela permet \u00e0 la fois d\u2019apporter eau et nourriture pendant l\u2019hiver aux racines, mais \u00e9galement de booster la mycorhization (association dans le sol des racines de l\u2019arbre avec des champignons int\u00e9ressants).<\/p>\n<\/div><\/li><li class=\"fusion-li-item\" style=\"\"><span class=\"icon-wrapper circle-no\"><i class=\"fusion-li-icon fa-angle-right fas\" aria-hidden=\"true\"><\/i><\/span><div class=\"fusion-li-item-content\">\n<p><em>Plantation <\/em>: La plantation d\u2019un arbre peut \u00eatre longue ou rapide, cela d\u00e9pend de plusieurs facteurs (sol meuble ou dur \u00e0 travailler, outils \u00e0 disposition, nature de l\u2019arbre \u00e0 planter, etc.), mais elle se d\u00e9roule toujours de la m\u00eame fa\u00e7on : excavation, plantation, rebouchage.<\/p>\n<\/div><\/li><li class=\"fusion-li-item\" style=\"\"><span class=\"icon-wrapper circle-no\"><i class=\"fusion-li-icon fa-angle-right fas\" aria-hidden=\"true\"><\/i><\/span><div class=\"fusion-li-item-content\">\n<p><em>Protection<\/em>\u00a0: Suite \u00e0 la plantation, il ne faut pas n\u00e9gliger la protection des arbres. Cela passe par la pause d\u2019une gaine de protection pour \u00e9viter les attaques de lapin, chevreuil et autres animaux. Mais il est aussi n\u00e9cessaire de passer r\u00e9guli\u00e8rement v\u00e9rifier qu\u2019aucun ravageur n\u2019ab\u00eeme l\u2019arbre, prudence face \u00e0 la zeuzaire notamment, responsable de la mort de jeunes arbres.<\/p>\n<\/div><\/li><\/ul><div class=\"fusion-text fusion-text-2\"><p>L\u2019infographie suivante pr\u00e9sente les diff\u00e9rentes \u00e9tapes de la plantation :<\/p>\n<\/div><div class=\"fusion-image-element \" style=\"text-align:center;--awb-margin-top:2%;--awb-caption-title-font-family:var(--h2_typography-font-family);--awb-caption-title-font-weight:var(--h2_typography-font-weight);--awb-caption-title-font-style:var(--h2_typography-font-style);--awb-caption-title-size:var(--h2_typography-font-size);--awb-caption-title-transform:var(--h2_typography-text-transform);--awb-caption-title-line-height:var(--h2_typography-line-height);--awb-caption-title-letter-spacing:var(--h2_typography-letter-spacing);\"><span class=\" fusion-imageframe imageframe-none imageframe-1 hover-type-none\"><img decoding=\"async\" width=\"843\" height=\"601\" title=\"ProgTarnInfographiePlantation_1220@LucilleD\" src=\"https:\/\/envol-vert.org\/wp-content\/uploads\/2021\/03\/ProgTarnInfographiePlantation_1220@LucilleD.png\" alt class=\"img-responsive wp-image-36886\" srcset=\"https:\/\/envol-vert.org\/wp-content\/uploads\/2021\/03\/ProgTarnInfographiePlantation_1220@LucilleD-200x143.png 200w, https:\/\/envol-vert.org\/wp-content\/uploads\/2021\/03\/ProgTarnInfographiePlantation_1220@LucilleD-400x285.png 400w, https:\/\/envol-vert.org\/wp-content\/uploads\/2021\/03\/ProgTarnInfographiePlantation_1220@LucilleD-600x428.png 600w, https:\/\/envol-vert.org\/wp-content\/uploads\/2021\/03\/ProgTarnInfographiePlantation_1220@LucilleD-800x570.png 800w, https:\/\/envol-vert.org\/wp-content\/uploads\/2021\/03\/ProgTarnInfographiePlantation_1220@LucilleD.png 843w\" sizes=\"(max-width: 1024px) 100vw, (max-width: 640px) 100vw, 843px\" \/><\/span><\/div><\/div><\/div><\/div><\/div>\n","protected":false},"excerpt":{"rendered":"","protected":false},"featured_media":36889,"template":"","fils_d_actu_categ":[1426],"class_list":["post-36895","fil_d_actu","type-fil_d_actu","status-publish","has-post-thumbnail","hentry","fils_d_actu_categ-au-pre-de-mes-arbres-tarn-es"],"_links":{"self":[{"href":"https:\/\/envol-vert.org\/es\/wp-json\/wp\/v2\/fil_d_actu\/36895","targetHints":{"allow":["GET"]}}],"collection":[{"href":"https:\/\/envol-vert.org\/es\/wp-json\/wp\/v2\/fil_d_actu"}],"about":[{"href":"https:\/\/envol-vert.org\/es\/wp-json\/wp\/v2\/types\/fil_d_actu"}],"version-history":[{"count":0,"href":"https:\/\/envol-vert.org\/es\/wp-json\/wp\/v2\/fil_d_actu\/36895\/revisions"}],"wp:featuredmedia":[{"embeddable":true,"href":"https:\/\/envol-vert.org\/es\/wp-json\/wp\/v2\/media\/36889"}],"wp:attachment":[{"href":"https:\/\/envol-vert.org\/es\/wp-json\/wp\/v2\/media?parent=36895"}],"wp:term":[{"taxonomy":"fils_d_actu_categ","embeddable":true,"href":"https:\/\/envol-vert.org\/es\/wp-json\/wp\/v2\/fils_d_actu_categ?post=36895"}],"curies":[{"name":"wp","href":"https:\/\/api.w.org\/{rel}","templated":true}]}}