{"id":39401,"date":"2021-04-21T15:49:18","date_gmt":"2021-04-21T14:49:18","guid":{"rendered":"https:\/\/envol-vert.org\/?post_type=fil_d_actu&#038;p=39401"},"modified":"2021-05-04T23:41:40","modified_gmt":"2021-05-04T21:41:40","slug":"lanzamiento-de-un-nuevo-proyecto-en-el-programa-bosque-seco-tropical","status":"publish","type":"fil_d_actu","link":"https:\/\/envol-vert.org\/es\/act\/lanzamiento-de-un-nuevo-proyecto-en-el-programa-bosque-seco-tropical\/","title":{"rendered":"\u00a1Lanzamiento de un nuevo proyecto en el programa Bosque Seco Tropical!"},"content":{"rendered":"<div class=\"fusion-fullwidth fullwidth-box fusion-builder-row-1 fusion-flex-container nonhundred-percent-fullwidth non-hundred-percent-height-scrolling\" style=\"--awb-border-radius-top-left:0px;--awb-border-radius-top-right:0px;--awb-border-radius-bottom-right:0px;--awb-border-radius-bottom-left:0px;--awb-flex-wrap:wrap;\" ><div class=\"fusion-builder-row fusion-row fusion-flex-align-items-flex-start fusion-flex-content-wrap\" style=\"max-width:1040px;margin-left: calc(-4% \/ 2 );margin-right: calc(-4% \/ 2 );\"><div class=\"fusion-layout-column fusion_builder_column fusion-builder-column-0 fusion_builder_column_1_1 1_1 fusion-flex-column\" style=\"--awb-bg-size:cover;--awb-width-large:100%;--awb-margin-top-large:0px;--awb-spacing-right-large:1.92%;--awb-margin-bottom-large:0px;--awb-spacing-left-large:1.92%;--awb-width-medium:100%;--awb-order-medium:0;--awb-spacing-right-medium:1.92%;--awb-spacing-left-medium:1.92%;--awb-width-small:100%;--awb-order-small:0;--awb-spacing-right-small:1.92%;--awb-spacing-left-small:1.92%;\"><div class=\"fusion-column-wrapper fusion-column-has-shadow fusion-flex-justify-content-flex-start fusion-content-layout-column\"><div class=\"fusion-text fusion-text-1\"><p><span style=\"color: #008000;\"><strong>Este mes, los equipos de la Fundaci\u00f3n Envol Vert iniciaron actividades en el municipio de Piojo, departamento del Atl\u00e1ntico. Para Envol Vert, es un poco un regreso al origen ya que Piojo es fronterizo con el municipio de Luruaco donde Envol Vert hab\u00eda lanzado sus pilotos de agroforesteria en\u2026 \u00a12014!<\/strong><\/span><\/p>\n<\/div><div class=\"fusion-separator fusion-full-width-sep\" style=\"align-self: center;margin-left: auto;margin-right: auto;margin-top:3%;width:100%;\"><div class=\"fusion-separator-border sep-single sep-solid\" style=\"--awb-height:20px;--awb-amount:20px;--awb-sep-color:rgba(224,222,222,0);border-color:rgba(224,222,222,0);border-top-width:1px;\"><\/div><\/div><\/div><\/div><div class=\"fusion-layout-column fusion_builder_column fusion-builder-column-1 fusion_builder_column_1_2 1_2 fusion-flex-column fusion-flex-align-self-stretch\" style=\"--awb-bg-size:cover;--awb-width-large:50%;--awb-margin-top-large:0px;--awb-spacing-right-large:3.84%;--awb-margin-bottom-large:0px;--awb-spacing-left-large:3.84%;--awb-width-medium:100%;--awb-order-medium:0;--awb-spacing-right-medium:1.92%;--awb-spacing-left-medium:1.92%;--awb-width-small:100%;--awb-order-small:0;--awb-spacing-right-small:1.92%;--awb-spacing-left-small:1.92%;\"><div class=\"fusion-column-wrapper fusion-column-has-shadow fusion-flex-justify-content-space-between fusion-content-layout-column\"><div class=\"fusion-text fusion-text-2\"><p>El proyecto contempla apoyar a un grupo de <strong>20 familias campesinas del corregimiento de Aguas Vivas<\/strong>, fuertemente afectado por la deforestaci\u00f3n, la degradaci\u00f3n de los suelos, el cambio clim\u00e1tico, y como consecuencia la desaparici\u00f3n paulatina de los recursos h\u00eddricos de la zona.<\/p>\n<p>Se implementar\u00e1 un<strong> vivero comunitario<\/strong> para la producci\u00f3n del material vegetal necesario a le reforestaci\u00f3n de los arroyos y la implementaci\u00f3n de sistemas agroforestales y silvopastoriles.<\/p>\n<p>La transici\u00f3n desde modelos de siembra intermitente en temporadas de lluvia hacia parcelas arborizadas permanentes representa un reto mayor para el proyecto y para la <strong>seguridad alimentaria de los habitantes<\/strong>.<\/p>\n<\/div><\/div><\/div><div class=\"fusion-layout-column fusion_builder_column fusion-builder-column-2 fusion_builder_column_1_2 1_2 fusion-flex-column\" style=\"--awb-bg-size:cover;--awb-width-large:50%;--awb-margin-top-large:0px;--awb-spacing-right-large:3.84%;--awb-margin-bottom-large:0px;--awb-spacing-left-large:3.84%;--awb-width-medium:100%;--awb-order-medium:0;--awb-spacing-right-medium:1.92%;--awb-spacing-left-medium:1.92%;--awb-width-small:100%;--awb-order-small:0;--awb-spacing-right-small:1.92%;--awb-spacing-left-small:1.92%;\"><div class=\"fusion-column-wrapper fusion-column-has-shadow fusion-flex-justify-content-flex-start fusion-content-layout-column\"><div class=\"fusion-image-element \" style=\"text-align:center;--awb-caption-title-font-family:var(--h2_typography-font-family);--awb-caption-title-font-weight:var(--h2_typography-font-weight);--awb-caption-title-font-style:var(--h2_typography-font-style);--awb-caption-title-size:var(--h2_typography-font-size);--awb-caption-title-transform:var(--h2_typography-text-transform);--awb-caption-title-line-height:var(--h2_typography-line-height);--awb-caption-title-letter-spacing:var(--h2_typography-letter-spacing);\"><span class=\" fusion-imageframe imageframe-none imageframe-1 hover-type-none\"><img decoding=\"async\" width=\"1000\" height=\"750\" title=\"[Prog FORET SECHE_[PIOJO] Quemas en borde de arroyos20210405\u00a9aBoyon\" src=\"https:\/\/envol-vert.org\/wp-content\/uploads\/2021\/04\/Prog-FORET-SECHE_PIOJO-Quemas-en-borde-de-arroyos20210405\u00a9aBoyon-1024x768.jpg\" alt class=\"img-responsive wp-image-39378\" srcset=\"https:\/\/envol-vert.org\/wp-content\/uploads\/2021\/04\/Prog-FORET-SECHE_PIOJO-Quemas-en-borde-de-arroyos20210405\u00a9aBoyon-200x150.jpg 200w, https:\/\/envol-vert.org\/wp-content\/uploads\/2021\/04\/Prog-FORET-SECHE_PIOJO-Quemas-en-borde-de-arroyos20210405\u00a9aBoyon-400x300.jpg 400w, https:\/\/envol-vert.org\/wp-content\/uploads\/2021\/04\/Prog-FORET-SECHE_PIOJO-Quemas-en-borde-de-arroyos20210405\u00a9aBoyon-600x450.jpg 600w, https:\/\/envol-vert.org\/wp-content\/uploads\/2021\/04\/Prog-FORET-SECHE_PIOJO-Quemas-en-borde-de-arroyos20210405\u00a9aBoyon-800x600.jpg 800w, https:\/\/envol-vert.org\/wp-content\/uploads\/2021\/04\/Prog-FORET-SECHE_PIOJO-Quemas-en-borde-de-arroyos20210405\u00a9aBoyon-1200x900.jpg 1200w, https:\/\/envol-vert.org\/wp-content\/uploads\/2021\/04\/Prog-FORET-SECHE_PIOJO-Quemas-en-borde-de-arroyos20210405\u00a9aBoyon.jpg 1300w\" sizes=\"(max-width: 1024px) 100vw, (max-width: 640px) 100vw, 600px\" \/><\/span><\/div><div class=\"fusion-text fusion-text-3\"><p style=\"text-align: center;\"><span style=\"color: #999999;\"><em>Quemas en borde de arroyos<\/em><\/span><\/p>\n<\/div><\/div><\/div><div class=\"fusion-layout-column fusion_builder_column fusion-builder-column-3 fusion_builder_column_1_1 1_1 fusion-flex-column\" style=\"--awb-bg-size:cover;--awb-width-large:100%;--awb-margin-top-large:0px;--awb-spacing-right-large:1.92%;--awb-margin-bottom-large:0px;--awb-spacing-left-large:1.92%;--awb-width-medium:100%;--awb-order-medium:0;--awb-spacing-right-medium:1.92%;--awb-spacing-left-medium:1.92%;--awb-width-small:100%;--awb-order-small:0;--awb-spacing-right-small:1.92%;--awb-spacing-left-small:1.92%;\"><div class=\"fusion-column-wrapper fusion-column-has-shadow fusion-flex-justify-content-flex-start fusion-content-layout-column\"><div class=\"fusion-separator fusion-full-width-sep\" style=\"align-self: center;margin-left: auto;margin-right: auto;margin-top:3%;width:100%;\"><div class=\"fusion-separator-border sep-single sep-solid\" style=\"--awb-height:20px;--awb-amount:20px;--awb-sep-color:rgba(224,222,222,0);border-color:rgba(224,222,222,0);border-top-width:1px;\"><\/div><\/div><div class=\"fusion-text fusion-text-4\"><p>Uno de los arboles emblem\u00e1tico del proyecto es la Majagua. Este \u00e1rbol nativo de los bosques tropicales secos produce una corteza fibrosa muy \u00fatil para la realizaci\u00f3n de piezas tejidas. Dicha corteza interesa mucho a las mujeres participantes del proyecto cuyas son numerosas involucradas en una asociaci\u00f3n comprometida en la <strong>dinamizaci\u00f3n de las pr\u00e1cticas de artesan\u00eda ancestral<\/strong> basada en el uso de los recursos naturales. La siembra de Majagua en la zona permitir\u00e1 contar con materias primas en abundancia y renovable para las actividades del grupo de artesanas.<\/p>\n<p>El proyecto Piojo estar\u00e1 implementado en alianza con la Fundaci\u00f3n bienestar infinito del medio ambiente (BIMA), un actor local que maneja dos reservas de la sociedad civil, incluso <strong>la reserva Mameyales que protege 40 hect\u00e1reas de bosque seco tropical<\/strong>. El objetivo del proyecto es reconstituir corredores de conectividad para la biodiversidad entre la reserva y los corregimientos aldeanos tal como Aguas Vivas.<\/p>\n<p>\u00a1Un nuevo reto para la Fundaci\u00f3n Envol Vert y sus aliados!<\/p>\n<\/div><div class=\"fusion-separator fusion-full-width-sep\" style=\"align-self: center;margin-left: auto;margin-right: auto;margin-top:3%;width:100%;\"><div class=\"fusion-separator-border sep-single sep-solid\" style=\"--awb-height:20px;--awb-amount:20px;--awb-sep-color:rgba(224,222,222,0);border-color:rgba(224,222,222,0);border-top-width:1px;\"><\/div><\/div><\/div><\/div><div class=\"fusion-layout-column fusion_builder_column fusion-builder-column-4 fusion_builder_column_1_2 1_2 fusion-flex-column\" style=\"--awb-bg-size:cover;--awb-width-large:50%;--awb-margin-top-large:0px;--awb-spacing-right-large:3.84%;--awb-margin-bottom-large:20px;--awb-spacing-left-large:3.84%;--awb-width-medium:100%;--awb-order-medium:0;--awb-spacing-right-medium:1.92%;--awb-spacing-left-medium:1.92%;--awb-width-small:100%;--awb-order-small:0;--awb-spacing-right-small:1.92%;--awb-spacing-left-small:1.92%;\"><div class=\"fusion-column-wrapper fusion-column-has-shadow fusion-flex-justify-content-flex-start fusion-content-layout-column\"><div class=\"fusion-image-element \" style=\"--awb-caption-title-font-family:var(--h2_typography-font-family);--awb-caption-title-font-weight:var(--h2_typography-font-weight);--awb-caption-title-font-style:var(--h2_typography-font-style);--awb-caption-title-size:var(--h2_typography-font-size);--awb-caption-title-transform:var(--h2_typography-text-transform);--awb-caption-title-line-height:var(--h2_typography-line-height);--awb-caption-title-letter-spacing:var(--h2_typography-letter-spacing);\"><span class=\" fusion-imageframe imageframe-none imageframe-2 hover-type-none\"><img decoding=\"async\" width=\"768\" height=\"1024\" title=\"[Prog FORET SECHE_[PIOJO] Guacamayas en la Reserva Mameyales 20210405\u00a9jGordillo\" src=\"https:\/\/envol-vert.org\/wp-content\/uploads\/2021\/04\/Prog-FORET-SECHE_PIOJO-Guacamayas-en-la-Reserva-Mameyales-20210405\u00a9jGordillo-768x1024.jpg\" alt class=\"img-responsive wp-image-39381\" srcset=\"https:\/\/envol-vert.org\/wp-content\/uploads\/2021\/04\/Prog-FORET-SECHE_PIOJO-Guacamayas-en-la-Reserva-Mameyales-20210405\u00a9jGordillo-200x267.jpg 200w, https:\/\/envol-vert.org\/wp-content\/uploads\/2021\/04\/Prog-FORET-SECHE_PIOJO-Guacamayas-en-la-Reserva-Mameyales-20210405\u00a9jGordillo-400x533.jpg 400w, https:\/\/envol-vert.org\/wp-content\/uploads\/2021\/04\/Prog-FORET-SECHE_PIOJO-Guacamayas-en-la-Reserva-Mameyales-20210405\u00a9jGordillo-600x800.jpg 600w, https:\/\/envol-vert.org\/wp-content\/uploads\/2021\/04\/Prog-FORET-SECHE_PIOJO-Guacamayas-en-la-Reserva-Mameyales-20210405\u00a9jGordillo-800x1067.jpg 800w, https:\/\/envol-vert.org\/wp-content\/uploads\/2021\/04\/Prog-FORET-SECHE_PIOJO-Guacamayas-en-la-Reserva-Mameyales-20210405\u00a9jGordillo.jpg 975w\" sizes=\"(max-width: 1024px) 100vw, (max-width: 640px) 100vw, 600px\" \/><\/span><\/div><div class=\"fusion-text fusion-text-5\"><p style=\"text-align: center;\"><span style=\"color: #808080;\"><em>Guacamayas de la reserva Mameyales<\/em><\/span><\/p>\n<\/div><\/div><\/div><div class=\"fusion-layout-column fusion_builder_column fusion-builder-column-5 fusion_builder_column_1_2 1_2 fusion-flex-column\" style=\"--awb-bg-size:cover;--awb-width-large:50%;--awb-margin-top-large:0px;--awb-spacing-right-large:3.84%;--awb-margin-bottom-large:20px;--awb-spacing-left-large:3.84%;--awb-width-medium:100%;--awb-order-medium:0;--awb-spacing-right-medium:1.92%;--awb-spacing-left-medium:1.92%;--awb-width-small:100%;--awb-order-small:0;--awb-spacing-right-small:1.92%;--awb-spacing-left-small:1.92%;\"><div class=\"fusion-column-wrapper fusion-column-has-shadow fusion-flex-justify-content-flex-start fusion-content-layout-column\"><div class=\"fusion-image-element \" style=\"--awb-caption-title-font-family:var(--h2_typography-font-family);--awb-caption-title-font-weight:var(--h2_typography-font-weight);--awb-caption-title-font-style:var(--h2_typography-font-style);--awb-caption-title-size:var(--h2_typography-font-size);--awb-caption-title-transform:var(--h2_typography-text-transform);--awb-caption-title-line-height:var(--h2_typography-line-height);--awb-caption-title-letter-spacing:var(--h2_typography-letter-spacing);\"><span class=\" fusion-imageframe imageframe-none imageframe-3 hover-type-none\"><img decoding=\"async\" width=\"768\" height=\"1024\" title=\"[Prog FORET SECHE_[PIOJO] Construcci\u00f3n del vivero20210405\u00a9aBoyon\" src=\"https:\/\/envol-vert.org\/wp-content\/uploads\/2021\/04\/Prog-FORET-SECHE_PIOJO-Construccion-del-vivero20210405\u00a9aBoyon-768x1024.jpg\" alt class=\"img-responsive wp-image-39384\" srcset=\"https:\/\/envol-vert.org\/wp-content\/uploads\/2021\/04\/Prog-FORET-SECHE_PIOJO-Construccion-del-vivero20210405\u00a9aBoyon-200x267.jpg 200w, https:\/\/envol-vert.org\/wp-content\/uploads\/2021\/04\/Prog-FORET-SECHE_PIOJO-Construccion-del-vivero20210405\u00a9aBoyon-400x533.jpg 400w, https:\/\/envol-vert.org\/wp-content\/uploads\/2021\/04\/Prog-FORET-SECHE_PIOJO-Construccion-del-vivero20210405\u00a9aBoyon-600x800.jpg 600w, https:\/\/envol-vert.org\/wp-content\/uploads\/2021\/04\/Prog-FORET-SECHE_PIOJO-Construccion-del-vivero20210405\u00a9aBoyon-800x1067.jpg 800w, https:\/\/envol-vert.org\/wp-content\/uploads\/2021\/04\/Prog-FORET-SECHE_PIOJO-Construccion-del-vivero20210405\u00a9aBoyon.jpg 975w\" sizes=\"(max-width: 1024px) 100vw, (max-width: 640px) 100vw, 600px\" \/><\/span><\/div><div class=\"fusion-text fusion-text-6\"><p style=\"text-align: center;\"><span style=\"color: #999999;\"><em>Construcci\u00f3n del vivero<\/em><\/span><\/p>\n<\/div><\/div><\/div><div class=\"fusion-layout-column fusion_builder_column fusion-builder-column-6 fusion_builder_column_1_1 1_1 fusion-flex-column\" style=\"--awb-bg-size:cover;--awb-width-large:100%;--awb-margin-top-large:0px;--awb-spacing-right-large:1.92%;--awb-margin-bottom-large:20px;--awb-spacing-left-large:1.92%;--awb-width-medium:100%;--awb-order-medium:0;--awb-spacing-right-medium:1.92%;--awb-spacing-left-medium:1.92%;--awb-width-small:100%;--awb-order-small:0;--awb-spacing-right-small:1.92%;--awb-spacing-left-small:1.92%;\"><div class=\"fusion-column-wrapper fusion-column-has-shadow fusion-flex-justify-content-flex-start fusion-content-layout-column\"><div style=\"text-align:right;\"><a class=\"fusion-button button-flat fusion-button-default-size button-default fusion-button-default button-1 fusion-button-default-span fusion-button-default-type\" style=\"--button_margin-top:0px;--button_margin-bottom:0px;\" target=\"_blank\" rel=\"noopener noreferrer\" href=\"https:\/\/envol-vert.org\/es\/pro\/programa-bosques-secos-colombia\/\"><i class=\"fa-search-plus fas awb-button__icon awb-button__icon--default button-icon-left\" aria-hidden=\"true\"><\/i><span class=\"fusion-button-text awb-button__text awb-button__text--default\">M\u00e1s sobre el Programa Bosque Seco Tropical<\/span><\/a><\/div><\/div><\/div><\/div><\/div>\n","protected":false},"excerpt":{"rendered":"","protected":false},"featured_media":39375,"template":"","fils_d_actu_categ":[1653,1656],"class_list":["post-39401","fil_d_actu","type-fil_d_actu","status-publish","has-post-thumbnail","hentry","fils_d_actu_categ-programa-de-preservacion-de-los-bosques-secos","fils_d_actu_categ-actualidades-generales"],"_links":{"self":[{"href":"https:\/\/envol-vert.org\/es\/wp-json\/wp\/v2\/fil_d_actu\/39401","targetHints":{"allow":["GET"]}}],"collection":[{"href":"https:\/\/envol-vert.org\/es\/wp-json\/wp\/v2\/fil_d_actu"}],"about":[{"href":"https:\/\/envol-vert.org\/es\/wp-json\/wp\/v2\/types\/fil_d_actu"}],"version-history":[{"count":0,"href":"https:\/\/envol-vert.org\/es\/wp-json\/wp\/v2\/fil_d_actu\/39401\/revisions"}],"wp:featuredmedia":[{"embeddable":true,"href":"https:\/\/envol-vert.org\/es\/wp-json\/wp\/v2\/media\/39375"}],"wp:attachment":[{"href":"https:\/\/envol-vert.org\/es\/wp-json\/wp\/v2\/media?parent=39401"}],"wp:term":[{"taxonomy":"fils_d_actu_categ","embeddable":true,"href":"https:\/\/envol-vert.org\/es\/wp-json\/wp\/v2\/fils_d_actu_categ?post=39401"}],"curies":[{"name":"wp","href":"https:\/\/api.w.org\/{rel}","templated":true}]}}