{"id":40410,"date":"2021-05-06T00:23:00","date_gmt":"2021-05-05T22:23:00","guid":{"rendered":"https:\/\/envol-vert.org\/?post_type=fil_d_actu&#038;p=40410"},"modified":"2021-06-06T00:25:57","modified_gmt":"2021-06-05T22:25:57","slug":"una-nueva-dinamica-de-proyecto-con-nuevos-grupos-de-participantes","status":"publish","type":"fil_d_actu","link":"https:\/\/envol-vert.org\/es\/act\/una-nueva-dinamica-de-proyecto-con-nuevos-grupos-de-participantes\/","title":{"rendered":"Una nueva din\u00e1mica de proyecto con nuevos grupos de participantes"},"content":{"rendered":"<div class=\"fusion-fullwidth fullwidth-box fusion-builder-row-1 fusion-flex-container nonhundred-percent-fullwidth non-hundred-percent-height-scrolling\" style=\"--awb-border-radius-top-left:0px;--awb-border-radius-top-right:0px;--awb-border-radius-bottom-right:0px;--awb-border-radius-bottom-left:0px;--awb-flex-wrap:wrap;\" ><div class=\"fusion-builder-row fusion-row fusion-flex-align-items-flex-start fusion-flex-content-wrap\" style=\"max-width:1040px;margin-left: calc(-4% \/ 2 );margin-right: calc(-4% \/ 2 );\"><div class=\"fusion-layout-column fusion_builder_column fusion-builder-column-0 fusion_builder_column_1_1 1_1 fusion-flex-column\" style=\"--awb-bg-size:cover;--awb-width-large:100%;--awb-margin-top-large:0px;--awb-spacing-right-large:1.92%;--awb-margin-bottom-large:20px;--awb-spacing-left-large:1.92%;--awb-width-medium:100%;--awb-order-medium:0;--awb-spacing-right-medium:1.92%;--awb-spacing-left-medium:1.92%;--awb-width-small:100%;--awb-order-small:0;--awb-spacing-right-small:1.92%;--awb-spacing-left-small:1.92%;\"><div class=\"fusion-column-wrapper fusion-column-has-shadow fusion-flex-justify-content-flex-start fusion-content-layout-column\"><div class=\"fusion-text fusion-text-1\"><p>Desde el mes de marzo en Tingo Mar\u00eda se ha iniciado una nueva din\u00e1mica de trabajo. \u00a1Las actividades han dado un nuevo giro! Hasta entonces, el proyecto se centraba exclusivamente en los productores de cacao miembros de la cooperativa aliada, la Cooperativa AgroIndustrial de Cacao Alto Huallaga.<\/p>\n<p>Para crear una cohesi\u00f3n dentro de nuestro territorio de acci\u00f3n, pero tambi\u00e9n para acercarnos a otros actores del sector del cacao, la asociaci\u00f3n comenz\u00f3 a intercambiar con otras instituciones y proyectos influyentes en nuestras \u00e1reas de acci\u00f3n.<\/p>\n<p>Hoy en d\u00eda, trabajamos tambi\u00e9n con estructuras m\u00e1s peque\u00f1as y aut\u00f3nomas, asociaciones de productores de cacao. Lo que tienen en com\u00fan, es su participaci\u00f3n en un proyecto de la direcci\u00f3n regional de agricultura. Un proyecto que les proporciona apoyo t\u00e9cnico para las actividades de post-cosecha del cacao y as\u00ed mejorar la calidad del producto final. El proyecto liderado por Envol Vert empieza con una fase m\u00e1s agr\u00edcola con implementaci\u00f3n de sistemas agroforestales, as\u00ed nuestra intervenci\u00f3n es complementaria a la de nuestro nuevo aliado.<\/p>\n<\/div><\/div><\/div><div class=\"fusion-layout-column fusion_builder_column fusion-builder-column-1 fusion_builder_column_1_3 1_3 fusion-flex-column\" style=\"--awb-bg-size:cover;--awb-width-large:33.333333333333%;--awb-margin-top-large:0px;--awb-spacing-right-large:5.76%;--awb-margin-bottom-large:20px;--awb-spacing-left-large:5.76%;--awb-width-medium:100%;--awb-order-medium:0;--awb-spacing-right-medium:1.92%;--awb-spacing-left-medium:1.92%;--awb-width-small:100%;--awb-order-small:0;--awb-spacing-right-small:1.92%;--awb-spacing-left-small:1.92%;\"><div class=\"fusion-column-wrapper fusion-column-has-shadow fusion-flex-justify-content-flex-start fusion-content-layout-column\"><div class=\"fusion-image-element \" style=\"text-align:center;--awb-margin-top:2%;--awb-margin-right:2%;--awb-margin-bottom:2%;--awb-margin-left:2%;--awb-caption-title-font-family:var(--h2_typography-font-family);--awb-caption-title-font-weight:var(--h2_typography-font-weight);--awb-caption-title-font-style:var(--h2_typography-font-style);--awb-caption-title-size:var(--h2_typography-font-size);--awb-caption-title-transform:var(--h2_typography-text-transform);--awb-caption-title-line-height:var(--h2_typography-line-height);--awb-caption-title-letter-spacing:var(--h2_typography-letter-spacing);\"><span class=\" fusion-imageframe imageframe-none imageframe-1 hover-type-none\"><img decoding=\"async\" width=\"1000\" height=\"750\" title=\"[AGRO CACAO] Construction p\u00e9pini\u00e8re Anda_MAI 2021\" src=\"https:\/\/envol-vert.org\/wp-content\/uploads\/2021\/06\/AGRO-CACAO-Construction-pepiniere-Anda_MAI-2021-1024x768.jpeg\" alt class=\"img-responsive wp-image-40403\" srcset=\"https:\/\/envol-vert.org\/wp-content\/uploads\/2021\/06\/AGRO-CACAO-Construction-pepiniere-Anda_MAI-2021-200x150.jpeg 200w, https:\/\/envol-vert.org\/wp-content\/uploads\/2021\/06\/AGRO-CACAO-Construction-pepiniere-Anda_MAI-2021-400x300.jpeg 400w, https:\/\/envol-vert.org\/wp-content\/uploads\/2021\/06\/AGRO-CACAO-Construction-pepiniere-Anda_MAI-2021-600x450.jpeg 600w, https:\/\/envol-vert.org\/wp-content\/uploads\/2021\/06\/AGRO-CACAO-Construction-pepiniere-Anda_MAI-2021-800x600.jpeg 800w, https:\/\/envol-vert.org\/wp-content\/uploads\/2021\/06\/AGRO-CACAO-Construction-pepiniere-Anda_MAI-2021.jpeg 1152w\" sizes=\"(max-width: 1024px) 100vw, (max-width: 640px) 100vw, 400px\" \/><\/span><\/div><div class=\"fusion-text fusion-text-2\"><p style=\"text-align: center;\"><span style=\"color: #999999;\"><em>Construci\u00f3n del vivero<\/em><\/span><\/p>\n<\/div><\/div><\/div><div class=\"fusion-layout-column fusion_builder_column fusion-builder-column-2 fusion_builder_column_1_3 1_3 fusion-flex-column\" style=\"--awb-bg-size:cover;--awb-width-large:33.333333333333%;--awb-margin-top-large:0px;--awb-spacing-right-large:5.76%;--awb-margin-bottom-large:20px;--awb-spacing-left-large:5.76%;--awb-width-medium:100%;--awb-order-medium:0;--awb-spacing-right-medium:1.92%;--awb-spacing-left-medium:1.92%;--awb-width-small:100%;--awb-order-small:0;--awb-spacing-right-small:1.92%;--awb-spacing-left-small:1.92%;\"><div class=\"fusion-column-wrapper fusion-column-has-shadow fusion-flex-justify-content-flex-start fusion-content-layout-column\"><div class=\"fusion-image-element \" style=\"text-align:center;--awb-margin-top:2%;--awb-margin-right:2%;--awb-margin-bottom:2%;--awb-margin-left:2%;--awb-caption-title-font-family:var(--h2_typography-font-family);--awb-caption-title-font-weight:var(--h2_typography-font-weight);--awb-caption-title-font-style:var(--h2_typography-font-style);--awb-caption-title-size:var(--h2_typography-font-size);--awb-caption-title-transform:var(--h2_typography-text-transform);--awb-caption-title-line-height:var(--h2_typography-line-height);--awb-caption-title-letter-spacing:var(--h2_typography-letter-spacing);\"><span class=\" fusion-imageframe imageframe-none imageframe-2 hover-type-none\"><img decoding=\"async\" width=\"1000\" height=\"750\" title=\"[AGRO CACAO] Nouvel espace de germiantion_MAI 2021\" src=\"https:\/\/envol-vert.org\/wp-content\/uploads\/2021\/06\/AGRO-CACAO-Nouvel-espace-de-germiantion_MAI-2021-1024x768.jpeg\" alt class=\"img-responsive wp-image-40397\" srcset=\"https:\/\/envol-vert.org\/wp-content\/uploads\/2021\/06\/AGRO-CACAO-Nouvel-espace-de-germiantion_MAI-2021-200x150.jpeg 200w, https:\/\/envol-vert.org\/wp-content\/uploads\/2021\/06\/AGRO-CACAO-Nouvel-espace-de-germiantion_MAI-2021-400x300.jpeg 400w, https:\/\/envol-vert.org\/wp-content\/uploads\/2021\/06\/AGRO-CACAO-Nouvel-espace-de-germiantion_MAI-2021-600x450.jpeg 600w, https:\/\/envol-vert.org\/wp-content\/uploads\/2021\/06\/AGRO-CACAO-Nouvel-espace-de-germiantion_MAI-2021-800x600.jpeg 800w, https:\/\/envol-vert.org\/wp-content\/uploads\/2021\/06\/AGRO-CACAO-Nouvel-espace-de-germiantion_MAI-2021-1200x900.jpeg 1200w, https:\/\/envol-vert.org\/wp-content\/uploads\/2021\/06\/AGRO-CACAO-Nouvel-espace-de-germiantion_MAI-2021.jpeg 1280w\" sizes=\"(max-width: 1024px) 100vw, (max-width: 640px) 100vw, 400px\" \/><\/span><\/div><div class=\"fusion-text fusion-text-3\"><p style=\"text-align: center;\"><span style=\"color: #999999;\"><em>Nueva \u00e1rea de germinaci\u00f3n<\/em><\/span><\/p>\n<\/div><\/div><\/div><div class=\"fusion-layout-column fusion_builder_column fusion-builder-column-3 fusion_builder_column_1_3 1_3 fusion-flex-column\" style=\"--awb-bg-size:cover;--awb-width-large:33.333333333333%;--awb-margin-top-large:0px;--awb-spacing-right-large:5.76%;--awb-margin-bottom-large:20px;--awb-spacing-left-large:5.76%;--awb-width-medium:100%;--awb-order-medium:0;--awb-spacing-right-medium:1.92%;--awb-spacing-left-medium:1.92%;--awb-width-small:100%;--awb-order-small:0;--awb-spacing-right-small:1.92%;--awb-spacing-left-small:1.92%;\"><div class=\"fusion-column-wrapper fusion-column-has-shadow fusion-flex-justify-content-flex-start fusion-content-layout-column\"><div class=\"fusion-image-element \" style=\"text-align:center;--awb-margin-top:2%;--awb-margin-right:2%;--awb-margin-bottom:2%;--awb-margin-left:2%;--awb-caption-title-font-family:var(--h2_typography-font-family);--awb-caption-title-font-weight:var(--h2_typography-font-weight);--awb-caption-title-font-style:var(--h2_typography-font-style);--awb-caption-title-size:var(--h2_typography-font-size);--awb-caption-title-transform:var(--h2_typography-text-transform);--awb-caption-title-line-height:var(--h2_typography-line-height);--awb-caption-title-letter-spacing:var(--h2_typography-letter-spacing);\"><span class=\" fusion-imageframe imageframe-none imageframe-3 hover-type-none\"><img decoding=\"async\" width=\"1000\" height=\"750\" title=\"[AGRO CACAO] Embolse \u00e0 Arabe_MAI 2021\" src=\"https:\/\/envol-vert.org\/wp-content\/uploads\/2021\/06\/AGRO-CACAO-Embolse-a-Arabe_MAI-2021-1024x768.jpeg\" alt class=\"img-responsive wp-image-40406\" srcset=\"https:\/\/envol-vert.org\/wp-content\/uploads\/2021\/06\/AGRO-CACAO-Embolse-a-Arabe_MAI-2021-200x150.jpeg 200w, https:\/\/envol-vert.org\/wp-content\/uploads\/2021\/06\/AGRO-CACAO-Embolse-a-Arabe_MAI-2021-400x300.jpeg 400w, https:\/\/envol-vert.org\/wp-content\/uploads\/2021\/06\/AGRO-CACAO-Embolse-a-Arabe_MAI-2021-600x450.jpeg 600w, https:\/\/envol-vert.org\/wp-content\/uploads\/2021\/06\/AGRO-CACAO-Embolse-a-Arabe_MAI-2021-800x600.jpeg 800w, https:\/\/envol-vert.org\/wp-content\/uploads\/2021\/06\/AGRO-CACAO-Embolse-a-Arabe_MAI-2021.jpeg 1152w\" sizes=\"(max-width: 1024px) 100vw, (max-width: 640px) 100vw, 400px\" \/><\/span><\/div><div class=\"fusion-text fusion-text-4\"><p style=\"text-align: center;\"><span style=\"color: #999999;\"><em>Embolse<\/em><\/span><\/p>\n<\/div><\/div><\/div><div class=\"fusion-layout-column fusion_builder_column fusion-builder-column-4 fusion_builder_column_1_1 1_1 fusion-flex-column\" style=\"--awb-bg-size:cover;--awb-width-large:100%;--awb-margin-top-large:0px;--awb-spacing-right-large:1.92%;--awb-margin-bottom-large:20px;--awb-spacing-left-large:1.92%;--awb-width-medium:100%;--awb-order-medium:0;--awb-spacing-right-medium:1.92%;--awb-spacing-left-medium:1.92%;--awb-width-small:100%;--awb-order-small:0;--awb-spacing-right-small:1.92%;--awb-spacing-left-small:1.92%;\"><div class=\"fusion-column-wrapper fusion-column-has-shadow fusion-flex-justify-content-flex-start fusion-content-layout-column\"><div class=\"fusion-text fusion-text-5\"><p>Durante las \u00faltimas semanas, hemos organizado una serie de reuniones para presentar Envol Vert y, sobre todo, los objetivos y la metodolog\u00eda del programa \u00abcaf\u00e9 y cacao agroforestal en la Amazonia peruana\u00bb. Una vez que un m\u00ednimo de diez productores est\u00e1n motivados, se forma un nuevo grupo y se puede empezar con las actividades pr\u00e1cticas. As\u00ed, en mayo se incorporaron cinco nuevos viveros al proyecto y en junio se construir\u00e1n otros dos.<\/p>\n<p>Los pr\u00f3ximos pasos ser\u00e1n iniciar una formaci\u00f3n de sensibilizaci\u00f3n sobre la preservaci\u00f3n del bosque y su biodiversidad, as\u00ed como iniciar sesiones de trasplante colectivo de plantones de \u00e1rboles adaptados a la zona y a las necesidades de los participantes. Para ello, nuestra nueva \u00e1rea de germinaci\u00f3n en el vivero municipal recibir\u00e1 en los pr\u00f3ximos d\u00edas semillas de especies nativas de la regi\u00f3n.<\/p>\n<\/div><\/div><\/div><\/div><\/div>\n","protected":false},"excerpt":{"rendered":"","protected":false},"featured_media":40400,"template":"","fils_d_actu_categ":[1428],"class_list":["post-40410","fil_d_actu","type-fil_d_actu","status-publish","has-post-thumbnail","hentry","fils_d_actu_categ-programa-cafe-cacao-agroforestales"],"_links":{"self":[{"href":"https:\/\/envol-vert.org\/es\/wp-json\/wp\/v2\/fil_d_actu\/40410","targetHints":{"allow":["GET"]}}],"collection":[{"href":"https:\/\/envol-vert.org\/es\/wp-json\/wp\/v2\/fil_d_actu"}],"about":[{"href":"https:\/\/envol-vert.org\/es\/wp-json\/wp\/v2\/types\/fil_d_actu"}],"version-history":[{"count":0,"href":"https:\/\/envol-vert.org\/es\/wp-json\/wp\/v2\/fil_d_actu\/40410\/revisions"}],"wp:featuredmedia":[{"embeddable":true,"href":"https:\/\/envol-vert.org\/es\/wp-json\/wp\/v2\/media\/40400"}],"wp:attachment":[{"href":"https:\/\/envol-vert.org\/es\/wp-json\/wp\/v2\/media?parent=40410"}],"wp:term":[{"taxonomy":"fils_d_actu_categ","embeddable":true,"href":"https:\/\/envol-vert.org\/es\/wp-json\/wp\/v2\/fils_d_actu_categ?post=40410"}],"curies":[{"name":"wp","href":"https:\/\/api.w.org\/{rel}","templated":true}]}}