{"id":40923,"date":"2021-06-30T17:18:02","date_gmt":"2021-06-30T15:18:02","guid":{"rendered":"https:\/\/envol-vert.org\/?post_type=fil_d_actu&#038;p=40923"},"modified":"2021-08-30T17:23:01","modified_gmt":"2021-08-30T15:23:01","slug":"construccion-de-un-nuevo-espacio-de-germinacion-con-la-municipalidad-de-leoncio-prado","status":"publish","type":"fil_d_actu","link":"https:\/\/envol-vert.org\/es\/act\/construccion-de-un-nuevo-espacio-de-germinacion-con-la-municipalidad-de-leoncio-prado\/","title":{"rendered":"Construcci\u00f3n de un nuevo espacio de germinaci\u00f3n con la municipalidad de Leoncio Prado"},"content":{"rendered":"<div class=\"fusion-fullwidth fullwidth-box fusion-builder-row-1 fusion-flex-container nonhundred-percent-fullwidth non-hundred-percent-height-scrolling\" style=\"--awb-border-radius-top-left:0px;--awb-border-radius-top-right:0px;--awb-border-radius-bottom-right:0px;--awb-border-radius-bottom-left:0px;--awb-flex-wrap:wrap;\" ><div class=\"fusion-builder-row fusion-row fusion-flex-align-items-flex-start fusion-flex-content-wrap\" style=\"max-width:1040px;margin-left: calc(-4% \/ 2 );margin-right: calc(-4% \/ 2 );\"><div class=\"fusion-layout-column fusion_builder_column fusion-builder-column-0 fusion_builder_column_1_1 1_1 fusion-flex-column\" style=\"--awb-bg-size:cover;--awb-width-large:100%;--awb-margin-top-large:0px;--awb-spacing-right-large:1.92%;--awb-margin-bottom-large:20px;--awb-spacing-left-large:1.92%;--awb-width-medium:100%;--awb-order-medium:0;--awb-spacing-right-medium:1.92%;--awb-spacing-left-medium:1.92%;--awb-width-small:100%;--awb-order-small:0;--awb-spacing-right-small:1.92%;--awb-spacing-left-small:1.92%;\"><div class=\"fusion-column-wrapper fusion-column-has-shadow fusion-flex-justify-content-flex-start fusion-content-layout-column\"><div class=\"fusion-text fusion-text-1\"><p>En el marco del proyecto en Tingo Mar\u00eda y la implementaci\u00f3n de sistemas agroforestales con el cacao, se gestion\u00f3 en marzo 2021 un espacio para la construcci\u00f3n del germinador de especies forestales y frutales.<\/p>\n<p>Este nuevo espacio de germinaci\u00f3n se logr\u00f3 con la colaboraci\u00f3n de la municipalidad de Leoncio Prado a trav\u00e9s de un espacio cedido en el vivero construido en el centro poblado de Supte &#8211; San Jorge. Este vivero se construy\u00f3 a trav\u00e9s del proyecto de \u201crecuperaci\u00f3n de suelos degradados a trav\u00e9s de especies forestales\u201d. Un proyecto cuyo plazo de ejecuci\u00f3n es proyectado hacia 3 a\u00f1os y manejado por la municipalidad provincial.<\/p>\n<p>El equipo de Envol Vert con el apoyo del equipo t\u00e9cnico de la municipalidad construy\u00f3 el germinador con materiales de madera dura y bamb\u00fa para la estructura y para asegurar la temperatura y humedad requerida en la germinaci\u00f3n de las semillas se coloco malla raschel de 80%. El sustrato de la cama germinadora es una mezcla de tierra de chacra, arena, compost, aserr\u00edn descompuesto y roca fosf\u00f3rica. Una oportunidad de probar nuevas t\u00e9cnicas agr\u00edcolas, seg\u00fan los consejos de los especialistas de la municipalidad.<\/p>\n<p>Actualmente se cuenta con plantines de caoba, cedro e ishpingo, tres especies amenazadas del lugar, pero, adem\u00e1s hay plantines de pino chuncho, capirona, bolaina, leucaena, lim\u00f3n rugoso, sacha inchi e iremos implementando semillas de copaiba, shihuahuaco, camu camu, aguaje y otras especies de inter\u00e9s de los grupos de trabajo para el tema de diversificaci\u00f3n de parcelas.<\/p>\n<\/div><\/div><\/div><\/div><\/div>\n","protected":false},"excerpt":{"rendered":"","protected":false},"featured_media":40920,"template":"","fils_d_actu_categ":[1428],"class_list":["post-40923","fil_d_actu","type-fil_d_actu","status-publish","has-post-thumbnail","hentry","fils_d_actu_categ-programa-cafe-cacao-agroforestales"],"_links":{"self":[{"href":"https:\/\/envol-vert.org\/es\/wp-json\/wp\/v2\/fil_d_actu\/40923","targetHints":{"allow":["GET"]}}],"collection":[{"href":"https:\/\/envol-vert.org\/es\/wp-json\/wp\/v2\/fil_d_actu"}],"about":[{"href":"https:\/\/envol-vert.org\/es\/wp-json\/wp\/v2\/types\/fil_d_actu"}],"version-history":[{"count":0,"href":"https:\/\/envol-vert.org\/es\/wp-json\/wp\/v2\/fil_d_actu\/40923\/revisions"}],"wp:featuredmedia":[{"embeddable":true,"href":"https:\/\/envol-vert.org\/es\/wp-json\/wp\/v2\/media\/40920"}],"wp:attachment":[{"href":"https:\/\/envol-vert.org\/es\/wp-json\/wp\/v2\/media?parent=40923"}],"wp:term":[{"taxonomy":"fils_d_actu_categ","embeddable":true,"href":"https:\/\/envol-vert.org\/es\/wp-json\/wp\/v2\/fils_d_actu_categ?post=40923"}],"curies":[{"name":"wp","href":"https:\/\/api.w.org\/{rel}","templated":true}]}}