{"id":40932,"date":"2021-06-30T17:42:43","date_gmt":"2021-06-30T15:42:43","guid":{"rendered":"https:\/\/envol-vert.org\/?post_type=fil_d_actu&#038;p=40932"},"modified":"2021-08-30T18:02:21","modified_gmt":"2021-08-30T16:02:21","slug":"renovacion-del-germinador-e-implementacion-de-sistema-de-riego-micro-pulverizado-en-pichanaki","status":"publish","type":"fil_d_actu","link":"https:\/\/envol-vert.org\/es\/act\/renovacion-del-germinador-e-implementacion-de-sistema-de-riego-micro-pulverizado-en-pichanaki\/","title":{"rendered":"Renovaci\u00f3n del germinador e implementaci\u00f3n de sistema de riego micro-pulverizado, en Pichanaki"},"content":{"rendered":"<div class=\"fusion-fullwidth fullwidth-box fusion-builder-row-1 fusion-flex-container nonhundred-percent-fullwidth non-hundred-percent-height-scrolling\" style=\"--awb-border-radius-top-left:0px;--awb-border-radius-top-right:0px;--awb-border-radius-bottom-right:0px;--awb-border-radius-bottom-left:0px;--awb-flex-wrap:wrap;\" ><div class=\"fusion-builder-row fusion-row fusion-flex-align-items-flex-start fusion-flex-content-wrap\" style=\"max-width:1040px;margin-left: calc(-4% \/ 2 );margin-right: calc(-4% \/ 2 );\"><div class=\"fusion-layout-column fusion_builder_column fusion-builder-column-0 fusion_builder_column_1_1 1_1 fusion-flex-column\" style=\"--awb-bg-size:cover;--awb-width-large:100%;--awb-margin-top-large:0px;--awb-spacing-right-large:1.92%;--awb-margin-bottom-large:20px;--awb-spacing-left-large:1.92%;--awb-width-medium:100%;--awb-order-medium:0;--awb-spacing-right-medium:1.92%;--awb-spacing-left-medium:1.92%;--awb-width-small:100%;--awb-order-small:0;--awb-spacing-right-small:1.92%;--awb-spacing-left-small:1.92%;\"><div class=\"fusion-column-wrapper fusion-column-has-shadow fusion-flex-justify-content-flex-start fusion-content-layout-column\"><div class=\"fusion-text fusion-text-1\"><p>En el mes de junio comenzamos con la renovaci\u00f3n de nuestro germinador, ubicado en la Cooperativa Valle Ubiriki. El cual es cuna de la mayor\u00eda de las semillas forestales utilizadas en el proyecto en Pichanaki.<\/p>\n<p>Se reemplaz\u00f3 la antigua estructura por una mucho m\u00e1s s\u00f3lida y resistente, utilizando madera de nogal negro (especie forestal end\u00e9mica la cual es parte del proyecto), as\u00ed como tambi\u00e9n se cambi\u00f3 la malla que cubre el germinador por una con mayor porcentaje de sombra para mantener mejor la humedad del sustrato y evitar el deterioro de las plantas j\u00f3venes por los fuertes rayos de sol.<\/p>\n<p>Tambi\u00e9n se construy\u00f3 una repisa de madera, techada con calaminas, para el almacenamiento de herramientas y otros materiales utilizados en el germinador, buscando proteger estos materiales de la lluvia y as\u00ed evitar su deterioro.<\/p>\n<p>En conjunto con la Cooperativa Valle Ubiriki pudimos instalar un tanque de 2500 litros, para garantizar el abastecimiento de agua para el sistema de riego del germinador. El tanque fue instalado sobre una s\u00f3lida base de madera, construida con la ayuda de los voluntarios franceses de la asociaci\u00f3n Perunidad.<\/p>\n<p>Y por \u00faltimo se instal\u00f3 un nuevo sistema de riego por micro pulverizaci\u00f3n, impulsado por una bomba, estableciendo un riego homog\u00e9neo, eficaz y focalizado, para el desarrollo \u00f3ptimo de la germinaci\u00f3n de las semillas.<\/p>\n<p>Todo este trabajo fue dirigido por el Ingeniero agr\u00f3nomo Julio Antonio, el cual viene trabajando con nosotros desde el a\u00f1o 2012 y es una pieza fundamental del equipo, \u00a1muchas gracias, Julio! Y muchas gracias tambi\u00e9n a todos los que han sido parte de este trabajo.<\/p>\n<\/div><\/div><\/div><\/div><\/div>\n","protected":false},"excerpt":{"rendered":"","protected":false},"featured_media":40930,"template":"","fils_d_actu_categ":[1428],"class_list":["post-40932","fil_d_actu","type-fil_d_actu","status-publish","has-post-thumbnail","hentry","fils_d_actu_categ-programa-cafe-cacao-agroforestales"],"_links":{"self":[{"href":"https:\/\/envol-vert.org\/es\/wp-json\/wp\/v2\/fil_d_actu\/40932","targetHints":{"allow":["GET"]}}],"collection":[{"href":"https:\/\/envol-vert.org\/es\/wp-json\/wp\/v2\/fil_d_actu"}],"about":[{"href":"https:\/\/envol-vert.org\/es\/wp-json\/wp\/v2\/types\/fil_d_actu"}],"version-history":[{"count":0,"href":"https:\/\/envol-vert.org\/es\/wp-json\/wp\/v2\/fil_d_actu\/40932\/revisions"}],"wp:featuredmedia":[{"embeddable":true,"href":"https:\/\/envol-vert.org\/es\/wp-json\/wp\/v2\/media\/40930"}],"wp:attachment":[{"href":"https:\/\/envol-vert.org\/es\/wp-json\/wp\/v2\/media?parent=40932"}],"wp:term":[{"taxonomy":"fils_d_actu_categ","embeddable":true,"href":"https:\/\/envol-vert.org\/es\/wp-json\/wp\/v2\/fils_d_actu_categ?post=40932"}],"curies":[{"name":"wp","href":"https:\/\/api.w.org\/{rel}","templated":true}]}}