{"id":41124,"date":"2021-09-03T21:07:26","date_gmt":"2021-09-03T19:07:26","guid":{"rendered":"https:\/\/envol-vert.org\/?post_type=fil_d_actu&#038;p=41124"},"modified":"2021-09-03T21:07:26","modified_gmt":"2021-09-03T19:07:26","slug":"swissaid-colombia-y-envol-vert-inician-una-alianza-institucional-para-el-proyecto-de-toluviejo","status":"publish","type":"fil_d_actu","link":"https:\/\/envol-vert.org\/es\/act\/swissaid-colombia-y-envol-vert-inician-una-alianza-institucional-para-el-proyecto-de-toluviejo\/","title":{"rendered":"SWISSAID Colombia y Envol Vert inician una alianza institucional para el proyecto de Toluviejo!"},"content":{"rendered":"<div class=\"fusion-fullwidth fullwidth-box fusion-builder-row-1 fusion-flex-container nonhundred-percent-fullwidth non-hundred-percent-height-scrolling\" style=\"--awb-border-radius-top-left:0px;--awb-border-radius-top-right:0px;--awb-border-radius-bottom-right:0px;--awb-border-radius-bottom-left:0px;--awb-flex-wrap:wrap;\" ><div class=\"fusion-builder-row fusion-row fusion-flex-align-items-flex-start fusion-flex-content-wrap\" style=\"max-width:1040px;margin-left: calc(-4% \/ 2 );margin-right: calc(-4% \/ 2 );\"><div class=\"fusion-layout-column fusion_builder_column fusion-builder-column-0 fusion_builder_column_1_1 1_1 fusion-flex-column\" style=\"--awb-bg-size:cover;--awb-width-large:100%;--awb-margin-top-large:0px;--awb-spacing-right-large:1.92%;--awb-margin-bottom-large:5%;--awb-spacing-left-large:1.92%;--awb-width-medium:100%;--awb-order-medium:0;--awb-spacing-right-medium:1.92%;--awb-spacing-left-medium:1.92%;--awb-width-small:100%;--awb-order-small:0;--awb-spacing-right-small:1.92%;--awb-spacing-left-small:1.92%;\"><div class=\"fusion-column-wrapper fusion-column-has-shadow fusion-flex-justify-content-flex-start fusion-content-layout-column\"><div class=\"fusion-text fusion-text-1\"><p>El martes 10 de Agosto, Envol vert y <a href=\"https:\/\/envol-vert.org\/es\/socio\/1-swissaid\/\">SWISSAID<\/a> Colombia, realizan una visita de reconocimiento y valoraci\u00f3n\u00a0 conjunta de los primeros resultados del proyecto piloto implementado con la organizaci\u00f3n coparte ASOPROYUS con sus socios y sus socias la <strong>implementaci\u00f3n de corredores ecol\u00f3gicos para la conservaci\u00f3n de los arroyos<\/strong> de importancia del corregimiento de la Siria, municipio de Tol\u00fa Viejo, en Sucre. En efecto, estos arroyos permiten el abastecimiento en agua de varias comunidades y constituyen <strong>corredores de conectividad para la fauna y la flora<\/strong> que viven en las zonas boscosas aldeanas.<\/p>\n<p>Estos esfuerzos tienen una relevancia particular, los arroyos de la Siria siendo directamente conectados con la Reserva Regional de la Serran\u00eda de Coraza, que alberga altos \u00edndices de biodiversidad de fauna. Restaurando la conectividad de las \u00e1reas, el proyecto permite as\u00ed <strong>favorecer el tr\u00e1nsito de fauna necesario para su mantenimiento<\/strong>. El proyecto tiene tambi\u00e9n como objetivo implementar sistemas de producci\u00f3n sostenible y diversificada a trav\u00e9s de sistemas agroforestales y silvopastoriles que refuerzan la seguridad alimentaria de la comunidad.<\/p>\n<\/div><\/div><\/div><div class=\"fusion-layout-column fusion_builder_column fusion-builder-column-1 fusion_builder_column_1_2 1_2 fusion-flex-column\" style=\"--awb-bg-size:cover;--awb-width-large:50%;--awb-margin-top-large:0px;--awb-spacing-right-large:3.84%;--awb-margin-bottom-large:20px;--awb-spacing-left-large:3.84%;--awb-width-medium:100%;--awb-order-medium:0;--awb-spacing-right-medium:1.92%;--awb-spacing-left-medium:1.92%;--awb-width-small:100%;--awb-order-small:0;--awb-spacing-right-small:1.92%;--awb-spacing-left-small:1.92%;\"><div class=\"fusion-column-wrapper fusion-column-has-shadow fusion-flex-justify-content-flex-start fusion-content-layout-column\"><div class=\"fusion-text fusion-text-2\"><p>Durante la visita, se cont\u00f3 con la participaci\u00f3n de Walquiria P\u00e9rez, Representante en el pa\u00eds, Susana Ardila Uribe, coordinadora del proyecto en la regi\u00f3n de Sucre y Erick Yosef Medrano Boh\u00f3rquez, ingeniero agr\u00edcola, y Adriana Torrez, Bi\u00f3loga, \u00a0acompa\u00f1ado por el equipo de Envol Vert; Axel Boyon, Coordinador de los programas, Jonathan Gordillo, responsable de los sistemas agroforestales, y Louise Charles, coordinadora local del proyecto.<\/p>\n<\/div><div class=\"fusion-separator fusion-full-width-sep\" style=\"align-self: center;margin-left: auto;margin-right: auto;margin-top:3%;margin-bottom:3%;width:100%;\"><div class=\"fusion-separator-border sep-single sep-solid\" style=\"--awb-height:20px;--awb-amount:20px;--awb-sep-color:rgba(224,222,222,0);border-color:rgba(224,222,222,0);border-top-width:1px;\"><\/div><\/div><div class=\"fusion-text fusion-text-3\"><p>A trav\u00e9s de la visita, se hizo un recorrido a las parcelas de varios agricultores participantes de La Siria que han decidido crear una zona de restauraci\u00f3n y conservaci\u00f3n del bosque en sus tierras. Esta zona ser\u00e1 crucial en un futuro pr\u00f3ximo, ya que garantizar\u00e1 la continuidad ecol\u00f3gica de este territorio, Y el mejoramiento de los servicios ecosist\u00e9micos del bosque seco tropical<\/p>\n<p>Tambi\u00e9n la visita permiti\u00f3 encontrar la comunidad de La Esperanza, para ver el vivero y una parcela silvopastoril (una combinaci\u00f3n de forraje y \u00e1rboles).<\/p>\n<p>La visita en campo y las reuniones posteriores permitieron contemplar futuras oportunidades l\u00edneas de acci\u00f3n com\u00fan entre SWISSAID y Envol Vert para los pr\u00f3ximos a\u00f1os.<\/p>\n<\/div><\/div><\/div><div class=\"fusion-layout-column fusion_builder_column fusion-builder-column-2 fusion_builder_column_1_2 1_2 fusion-flex-column\" style=\"--awb-bg-size:cover;--awb-width-large:50%;--awb-margin-top-large:0px;--awb-spacing-right-large:3.84%;--awb-margin-bottom-large:20px;--awb-spacing-left-large:3.84%;--awb-width-medium:100%;--awb-order-medium:0;--awb-spacing-right-medium:1.92%;--awb-spacing-left-medium:1.92%;--awb-width-small:100%;--awb-order-small:0;--awb-spacing-right-small:1.92%;--awb-spacing-left-small:1.92%;\"><div class=\"fusion-column-wrapper fusion-column-has-shadow fusion-flex-justify-content-flex-start fusion-content-layout-column\"><div class=\"fusion-image-element \" style=\"--awb-caption-title-font-family:var(--h2_typography-font-family);--awb-caption-title-font-weight:var(--h2_typography-font-weight);--awb-caption-title-font-style:var(--h2_typography-font-style);--awb-caption-title-size:var(--h2_typography-font-size);--awb-caption-title-transform:var(--h2_typography-text-transform);--awb-caption-title-line-height:var(--h2_typography-line-height);--awb-caption-title-letter-spacing:var(--h2_typography-letter-spacing);\"><span class=\" fusion-imageframe imageframe-none imageframe-1 hover-type-none\"><img decoding=\"async\" width=\"683\" height=\"1024\" title=\"[Prog FORET SECHE_[Toluviejo]Visita Swissaid_Jul2021\u00a9L.Charles\" src=\"https:\/\/envol-vert.org\/wp-content\/uploads\/2021\/09\/Prog-FORET-SECHE_ToluviejoVisita-Swissaid_Jul2021\u00a9L.Charles-683x1024.jpeg\" alt class=\"img-responsive wp-image-41116\" srcset=\"https:\/\/envol-vert.org\/wp-content\/uploads\/2021\/09\/Prog-FORET-SECHE_ToluviejoVisita-Swissaid_Jul2021\u00a9L.Charles-200x300.jpeg 200w, https:\/\/envol-vert.org\/wp-content\/uploads\/2021\/09\/Prog-FORET-SECHE_ToluviejoVisita-Swissaid_Jul2021\u00a9L.Charles-400x600.jpeg 400w, https:\/\/envol-vert.org\/wp-content\/uploads\/2021\/09\/Prog-FORET-SECHE_ToluviejoVisita-Swissaid_Jul2021\u00a9L.Charles-600x900.jpeg 600w, https:\/\/envol-vert.org\/wp-content\/uploads\/2021\/09\/Prog-FORET-SECHE_ToluviejoVisita-Swissaid_Jul2021\u00a9L.Charles-800x1200.jpeg 800w, https:\/\/envol-vert.org\/wp-content\/uploads\/2021\/09\/Prog-FORET-SECHE_ToluviejoVisita-Swissaid_Jul2021\u00a9L.Charles.jpeg 867w\" sizes=\"(max-width: 1024px) 100vw, (max-width: 640px) 100vw, 600px\" \/><\/span><\/div><\/div><\/div><\/div><\/div>\n","protected":false},"excerpt":{"rendered":"","protected":false},"featured_media":41113,"template":"","fils_d_actu_categ":[1656,1653],"class_list":["post-41124","fil_d_actu","type-fil_d_actu","status-publish","has-post-thumbnail","hentry","fils_d_actu_categ-actualidades-generales","fils_d_actu_categ-programa-de-preservacion-de-los-bosques-secos"],"_links":{"self":[{"href":"https:\/\/envol-vert.org\/es\/wp-json\/wp\/v2\/fil_d_actu\/41124","targetHints":{"allow":["GET"]}}],"collection":[{"href":"https:\/\/envol-vert.org\/es\/wp-json\/wp\/v2\/fil_d_actu"}],"about":[{"href":"https:\/\/envol-vert.org\/es\/wp-json\/wp\/v2\/types\/fil_d_actu"}],"version-history":[{"count":0,"href":"https:\/\/envol-vert.org\/es\/wp-json\/wp\/v2\/fil_d_actu\/41124\/revisions"}],"wp:featuredmedia":[{"embeddable":true,"href":"https:\/\/envol-vert.org\/es\/wp-json\/wp\/v2\/media\/41113"}],"wp:attachment":[{"href":"https:\/\/envol-vert.org\/es\/wp-json\/wp\/v2\/media?parent=41124"}],"wp:term":[{"taxonomy":"fils_d_actu_categ","embeddable":true,"href":"https:\/\/envol-vert.org\/es\/wp-json\/wp\/v2\/fils_d_actu_categ?post=41124"}],"curies":[{"name":"wp","href":"https:\/\/api.w.org\/{rel}","templated":true}]}}