{"id":41228,"date":"2021-08-27T21:56:18","date_gmt":"2021-08-27T19:56:18","guid":{"rendered":"https:\/\/envol-vert.org\/?post_type=fil_d_actu&#038;p=41228"},"modified":"2021-09-17T22:00:16","modified_gmt":"2021-09-17T20:00:16","slug":"resiliencia-del-suelo","status":"publish","type":"fil_d_actu","link":"https:\/\/envol-vert.org\/es\/act\/resiliencia-del-suelo\/","title":{"rendered":"\u00a1Resiliencia del suelo!"},"content":{"rendered":"<div class=\"fusion-fullwidth fullwidth-box fusion-builder-row-1 fusion-flex-container nonhundred-percent-fullwidth non-hundred-percent-height-scrolling\" style=\"--awb-border-radius-top-left:0px;--awb-border-radius-top-right:0px;--awb-border-radius-bottom-right:0px;--awb-border-radius-bottom-left:0px;--awb-flex-wrap:wrap;\" ><div class=\"fusion-builder-row fusion-row fusion-flex-align-items-flex-start fusion-flex-content-wrap\" style=\"max-width:1040px;margin-left: calc(-4% \/ 2 );margin-right: calc(-4% \/ 2 );\"><div class=\"fusion-layout-column fusion_builder_column fusion-builder-column-0 fusion_builder_column_1_1 1_1 fusion-flex-column\" style=\"--awb-bg-size:cover;--awb-width-large:100%;--awb-margin-top-large:0px;--awb-spacing-right-large:1.92%;--awb-margin-bottom-large:20px;--awb-spacing-left-large:1.92%;--awb-width-medium:100%;--awb-order-medium:0;--awb-spacing-right-medium:1.92%;--awb-spacing-left-medium:1.92%;--awb-width-small:100%;--awb-order-small:0;--awb-spacing-right-small:1.92%;--awb-spacing-left-small:1.92%;\"><div class=\"fusion-column-wrapper fusion-column-has-shadow fusion-flex-justify-content-flex-start fusion-content-layout-column\"><div class=\"fusion-text fusion-text-1\"><p>La resiliencia del suelo se podr\u00eda definir f\u00e1cilmente como la capacidad que tiene un suelo de volver a su estado natural luego de haber sido degradado. Es un concepto que f\u00e1cilmente podemos aplicar a las personas, las cuales han sido golpeadas por diversas situaciones dif\u00edciles como las que se viven en el campo, pero creemos firmemente en la teor\u00eda que all\u00e1 donde se viven circunstancias m\u00e1s complejas se potencian las virtudes y bondades. Una gran afirmaci\u00f3n reflejada en nuestras comunidades rurales resilientes, que aunque tengamos mucho que aprender aun, seguimos en pie de lucha.<\/p>\n<p>La base de la econom\u00eda tiene una l\u00ednea directa con un recurso muy importante, el suelo, un recurso natural y esencial para sostener la vida en la tierra, nos proporciona nutrientes, agua, minerales para las plantas, almac\u00e9n de carb\u00f3n y es el hogar de millones de organismos y microorganismos. Sin embargo, la cantidad de suelo f\u00e9rtil viene disminuyendo a un ritmo alarmante por pr\u00e1cticas inadecuadas que impactan negativamente este recurso, como la tala de bosque, quemas, sobrepastoreos, uso de agroqu\u00edmicos, utilizaci\u00f3n inadecuada de maquinaria agr\u00edcola, miner\u00eda, entre otros. Comprometiendo as\u00ed la capacidad de las familias campesinas de cultivar alimentos para la poblaci\u00f3n. El suelo f\u00e9rtil sin los bosques no es posible, ambos se necesitan el uno al otro para poder funcionar correctamente, es por esto que, en el marco del proyecto la conservaci\u00f3n del suelo hace parte de uno de nuestro plus, que en conjunto con las comunidades tratamos aprendes m\u00e1s sobre su din\u00e1mica y funci\u00f3n. Los trabajos de campo, los talleres y las capacitaciones han reforzado el sentido de pertenencia por protegerlo, los compromisos firmados entre los agricultores por conservar los bosques, la disminuci\u00f3n de agroqu\u00edmico, reducci\u00f3n de la quema y la adaptaci\u00f3n de los sistemas productivos en (agroforestales, silvopastoril, conservaci\u00f3n) de refuerzo a este sentir. Hoy d\u00eda en lo que va del proyecto con los campesinos ya elaboran abonos org\u00e1nicos y biopreparados permiti\u00e9ndoles devolver todos aquellos nutrientes que han sido extra\u00eddos del suelo por sus cosechas, empezando a marcar su propia ruta sostenible que les permitan tener un suelo resiliente. Poco a poco logramos hacerles entender mejor la funci\u00f3n que tiene la naturaleza y sus procesos regenerativos naturales, as\u00ed como tambi\u00e9n la importancia de complementar las pr\u00e1cticas productivas con su entorno.<\/p>\n<\/div><\/div><\/div><div class=\"fusion-layout-column fusion_builder_column fusion-builder-column-1 fusion_builder_column_1_2 1_2 fusion-flex-column\" style=\"--awb-bg-size:cover;--awb-width-large:50%;--awb-margin-top-large:0px;--awb-spacing-right-large:3.84%;--awb-margin-bottom-large:20px;--awb-spacing-left-large:3.84%;--awb-width-medium:100%;--awb-order-medium:0;--awb-spacing-right-medium:1.92%;--awb-spacing-left-medium:1.92%;--awb-width-small:100%;--awb-order-small:0;--awb-spacing-right-small:1.92%;--awb-spacing-left-small:1.92%;\"><div class=\"fusion-column-wrapper fusion-column-has-shadow fusion-flex-justify-content-flex-start fusion-content-layout-column\"><div class=\"fusion-image-element \" style=\"--awb-caption-title-font-family:var(--h2_typography-font-family);--awb-caption-title-font-weight:var(--h2_typography-font-weight);--awb-caption-title-font-style:var(--h2_typography-font-style);--awb-caption-title-size:var(--h2_typography-font-size);--awb-caption-title-transform:var(--h2_typography-text-transform);--awb-caption-title-line-height:var(--h2_typography-line-height);--awb-caption-title-letter-spacing:var(--h2_typography-letter-spacing);\"><span class=\" fusion-imageframe imageframe-none imageframe-1 hover-type-none\"><img decoding=\"async\" width=\"1000\" height=\"666\" title=\"Prog BOSQUE SECO_[Becerril] EQUIPO_072021\u00a9J.Castro\" src=\"https:\/\/envol-vert.org\/wp-content\/uploads\/2021\/09\/Prog-BOSQUE-SECO_Becerril-EQUIPO_072021\u00a9J.Castro-1024x682.jpeg\" alt class=\"img-responsive wp-image-41229\" srcset=\"https:\/\/envol-vert.org\/wp-content\/uploads\/2021\/09\/Prog-BOSQUE-SECO_Becerril-EQUIPO_072021\u00a9J.Castro-200x133.jpeg 200w, https:\/\/envol-vert.org\/wp-content\/uploads\/2021\/09\/Prog-BOSQUE-SECO_Becerril-EQUIPO_072021\u00a9J.Castro-400x267.jpeg 400w, https:\/\/envol-vert.org\/wp-content\/uploads\/2021\/09\/Prog-BOSQUE-SECO_Becerril-EQUIPO_072021\u00a9J.Castro-600x400.jpeg 600w, https:\/\/envol-vert.org\/wp-content\/uploads\/2021\/09\/Prog-BOSQUE-SECO_Becerril-EQUIPO_072021\u00a9J.Castro-800x533.jpeg 800w, https:\/\/envol-vert.org\/wp-content\/uploads\/2021\/09\/Prog-BOSQUE-SECO_Becerril-EQUIPO_072021\u00a9J.Castro-1200x800.jpeg 1200w, https:\/\/envol-vert.org\/wp-content\/uploads\/2021\/09\/Prog-BOSQUE-SECO_Becerril-EQUIPO_072021\u00a9J.Castro.jpeg 1280w\" sizes=\"(max-width: 1024px) 100vw, (max-width: 640px) 100vw, 600px\" \/><\/span><\/div><\/div><\/div><div class=\"fusion-layout-column fusion_builder_column fusion-builder-column-2 fusion_builder_column_1_2 1_2 fusion-flex-column\" style=\"--awb-bg-size:cover;--awb-width-large:50%;--awb-margin-top-large:0px;--awb-spacing-right-large:3.84%;--awb-margin-bottom-large:20px;--awb-spacing-left-large:3.84%;--awb-width-medium:100%;--awb-order-medium:0;--awb-spacing-right-medium:1.92%;--awb-spacing-left-medium:1.92%;--awb-width-small:100%;--awb-order-small:0;--awb-spacing-right-small:1.92%;--awb-spacing-left-small:1.92%;\"><div class=\"fusion-column-wrapper fusion-column-has-shadow fusion-flex-justify-content-flex-start fusion-content-layout-column\"><div class=\"fusion-image-element \" style=\"--awb-caption-title-font-family:var(--h2_typography-font-family);--awb-caption-title-font-weight:var(--h2_typography-font-weight);--awb-caption-title-font-style:var(--h2_typography-font-style);--awb-caption-title-size:var(--h2_typography-font-size);--awb-caption-title-transform:var(--h2_typography-text-transform);--awb-caption-title-line-height:var(--h2_typography-line-height);--awb-caption-title-letter-spacing:var(--h2_typography-letter-spacing);\"><span class=\" fusion-imageframe imageframe-none imageframe-2 hover-type-none\"><img decoding=\"async\" width=\"1000\" height=\"666\" title=\"Prog BOSQUE SECO_[Becerril] Guaimaro_072021\u00a9J.Castro\" src=\"https:\/\/envol-vert.org\/wp-content\/uploads\/2021\/09\/Prog-BOSQUE-SECO_Becerril-Guaimaro_072021\u00a9J.Castro-1024x682.jpeg\" alt class=\"img-responsive wp-image-41235\" srcset=\"https:\/\/envol-vert.org\/wp-content\/uploads\/2021\/09\/Prog-BOSQUE-SECO_Becerril-Guaimaro_072021\u00a9J.Castro-200x133.jpeg 200w, https:\/\/envol-vert.org\/wp-content\/uploads\/2021\/09\/Prog-BOSQUE-SECO_Becerril-Guaimaro_072021\u00a9J.Castro-400x267.jpeg 400w, https:\/\/envol-vert.org\/wp-content\/uploads\/2021\/09\/Prog-BOSQUE-SECO_Becerril-Guaimaro_072021\u00a9J.Castro-600x400.jpeg 600w, https:\/\/envol-vert.org\/wp-content\/uploads\/2021\/09\/Prog-BOSQUE-SECO_Becerril-Guaimaro_072021\u00a9J.Castro-800x533.jpeg 800w, https:\/\/envol-vert.org\/wp-content\/uploads\/2021\/09\/Prog-BOSQUE-SECO_Becerril-Guaimaro_072021\u00a9J.Castro-1200x800.jpeg 1200w, https:\/\/envol-vert.org\/wp-content\/uploads\/2021\/09\/Prog-BOSQUE-SECO_Becerril-Guaimaro_072021\u00a9J.Castro.jpeg 1280w\" sizes=\"(max-width: 1024px) 100vw, (max-width: 640px) 100vw, 600px\" \/><\/span><\/div><\/div><\/div><\/div><\/div>\n","protected":false},"excerpt":{"rendered":"<p>La resiliencia del suelo se podr\u00eda definir f\u00e1cilmente como la capacidad que tiene un suelo de volver a su estado natural luego de haber sido degradado<\/p>\n","protected":false},"featured_media":41232,"template":"","fils_d_actu_categ":[1653],"class_list":["post-41228","fil_d_actu","type-fil_d_actu","status-publish","has-post-thumbnail","hentry","fils_d_actu_categ-programa-de-preservacion-de-los-bosques-secos"],"_links":{"self":[{"href":"https:\/\/envol-vert.org\/es\/wp-json\/wp\/v2\/fil_d_actu\/41228","targetHints":{"allow":["GET"]}}],"collection":[{"href":"https:\/\/envol-vert.org\/es\/wp-json\/wp\/v2\/fil_d_actu"}],"about":[{"href":"https:\/\/envol-vert.org\/es\/wp-json\/wp\/v2\/types\/fil_d_actu"}],"version-history":[{"count":0,"href":"https:\/\/envol-vert.org\/es\/wp-json\/wp\/v2\/fil_d_actu\/41228\/revisions"}],"wp:featuredmedia":[{"embeddable":true,"href":"https:\/\/envol-vert.org\/es\/wp-json\/wp\/v2\/media\/41232"}],"wp:attachment":[{"href":"https:\/\/envol-vert.org\/es\/wp-json\/wp\/v2\/media?parent=41228"}],"wp:term":[{"taxonomy":"fils_d_actu_categ","embeddable":true,"href":"https:\/\/envol-vert.org\/es\/wp-json\/wp\/v2\/fils_d_actu_categ?post=41228"}],"curies":[{"name":"wp","href":"https:\/\/api.w.org\/{rel}","templated":true}]}}