{"id":42465,"date":"2021-09-29T21:27:32","date_gmt":"2021-09-29T19:27:32","guid":{"rendered":"https:\/\/envol-vert.org\/?post_type=fil_d_actu&#038;p=42465"},"modified":"2021-11-12T21:28:08","modified_gmt":"2021-11-12T19:28:08","slug":"festival-sumate-al-bosque-a-tingo-maria","status":"publish","type":"fil_d_actu","link":"https:\/\/envol-vert.org\/es\/act\/festival-sumate-al-bosque-a-tingo-maria\/","title":{"rendered":"Feria \u201cSUMATE AL BOSQUE\u201d en Tingo Mar\u00eda"},"content":{"rendered":"<div class=\"fusion-fullwidth fullwidth-box fusion-builder-row-1 fusion-flex-container nonhundred-percent-fullwidth non-hundred-percent-height-scrolling\" style=\"--awb-border-radius-top-left:0px;--awb-border-radius-top-right:0px;--awb-border-radius-bottom-right:0px;--awb-border-radius-bottom-left:0px;--awb-flex-wrap:wrap;\" ><div class=\"fusion-builder-row fusion-row fusion-flex-align-items-center fusion-flex-content-wrap\" style=\"max-width:1040px;margin-left: calc(-4% \/ 2 );margin-right: calc(-4% \/ 2 );\"><div class=\"fusion-layout-column fusion_builder_column fusion-builder-column-0 fusion_builder_column_3_4 3_4 fusion-flex-column\" style=\"--awb-bg-size:cover;--awb-width-large:75%;--awb-margin-top-large:0px;--awb-spacing-right-large:2.56%;--awb-margin-bottom-large:20px;--awb-spacing-left-large:2.56%;--awb-width-medium:100%;--awb-order-medium:0;--awb-spacing-right-medium:1.92%;--awb-spacing-left-medium:1.92%;--awb-width-small:100%;--awb-order-small:0;--awb-spacing-right-small:1.92%;--awb-spacing-left-small:1.92%;\"><div class=\"fusion-column-wrapper fusion-column-has-shadow fusion-flex-justify-content-flex-start fusion-content-layout-column\"><div class=\"fusion-text fusion-text-1\" style=\"--awb-text-transform:none;\"><p>La feria S\u00famate al Bosque tuvo lugar en el distrito de Santo Domingo de Anda el pasado 25 de setiembre organizado por el equipo Envol Vert con el apoyo de sus aliados entre ellos tenemos al IIAP (Instituto de Investigaciones de la Amazonia Peruana), DEVIDA (Comisi\u00f3n Nacional para el Desarrollo y Vida sin drogas), LAS MUNICIPALIDADES DE LEONCIO PRADO Y ANDA, ATTFS (Administraci\u00f3n T\u00e9cnica Forestal y de Fauna Silvestre) que presentaron sus m\u00e1s recientes investigaciones. Fue la ocasi\u00f3n de recibir a empresas como NUA, SEMIFOR, BAMBOOM, MISHA RASTRERA que expusieron productos a base de aprovechamiento sostenible del bosque (aceites esenciales, semillas, derivados de bamb\u00fa, cosm\u00e9ticos, etc.) y algunas asociaciones y emprendimientos zonales como la asociaci\u00f3n de agropecuarios de Anda.<\/p>\n<p>Adem\u00e1s, la feria fue una oportunidad para nuestra participante Elena Valverde de Anda de vender sus productos y promocionar sur marca de yogurt de frutas de la zona y de otros productos org\u00e1nicos extra\u00eddos de su parcela, FRUTA SELECTIVA TINGO MARIA.<\/p>\n<p>Se recibi\u00f3 a los participantes del proyecto Cacao agroforestales que llegaron desde ocho caserillos diferentes para informarse, degustar y pasar un momento ameno en familia.<\/p>\n<p>Para concluir el d\u00eda, se realiz\u00f3 un reconocimiento a \u201cLos H\u00e9roes del Bosque\u201d se valor\u00f3 as\u00ed el esfuerzo que hacen nuestros participantes de ir conservando espacios de bosques en sus parcelas.<\/p>\n<p>La feria \u201cS\u00famate al bosque\u201d fue un gran \u00e9xito para los emprendimientos sostenibles para promover sus productos. Pero tambi\u00e9n para el consumidor para que descubra que si existen productos sostenibles y amigables con la conservaci\u00f3n del bosque y de su biodiversidad.<\/p>\n<\/div><\/div><\/div><div class=\"fusion-layout-column fusion_builder_column fusion-builder-column-1 fusion_builder_column_1_4 1_4 fusion-flex-column\" style=\"--awb-bg-size:cover;--awb-width-large:25%;--awb-margin-top-large:0px;--awb-spacing-right-large:7.68%;--awb-margin-bottom-large:20px;--awb-spacing-left-large:7.68%;--awb-width-medium:100%;--awb-order-medium:0;--awb-spacing-right-medium:1.92%;--awb-spacing-left-medium:1.92%;--awb-width-small:100%;--awb-order-small:0;--awb-spacing-right-small:1.92%;--awb-spacing-left-small:1.92%;\"><div class=\"fusion-column-wrapper fusion-column-has-shadow fusion-flex-justify-content-flex-start fusion-content-layout-column\"><div class=\"awb-gallery-wrapper awb-gallery-wrapper-1 button-span-no\"><div style=\"margin:-5px;--awb-bordersize:0px;\" class=\"fusion-gallery fusion-gallery-container fusion-grid-1 fusion-columns-total-3 fusion-gallery-layout-grid fusion-gallery-1\"><div style=\"padding:5px;\" class=\"fusion-grid-column fusion-gallery-column fusion-gallery-column-1 hover-type-none\"><div class=\"fusion-gallery-image\"><a href=\"https:\/\/envol-vert.org\/wp-content\/uploads\/2021\/11\/AGROFOCACAOstand-feria-Anda-Misha-Rastrera_SEPT2021_C.LAINE_.jpg\" rel=\"noreferrer\" data-rel=\"iLightbox[gallery_image_1]\" class=\"fusion-lightbox\" target=\"_self\"><img decoding=\"async\" src=\"https:\/\/envol-vert.org\/wp-content\/uploads\/2021\/11\/AGROFOCACAOstand-feria-Anda-Misha-Rastrera_SEPT2021_C.LAINE_.jpg\" width=\"1300\" height=\"867\" alt=\"\" title=\"[AGROFOCACAO]stand feria Anda Misha Rastrera_SEPT2021_C.LAINE\" aria-label=\"[AGROFOCACAO]stand feria Anda Misha Rastrera_SEPT2021_C.LAINE\" class=\"img-responsive wp-image-42456\" srcset=\"https:\/\/envol-vert.org\/wp-content\/uploads\/2021\/11\/AGROFOCACAOstand-feria-Anda-Misha-Rastrera_SEPT2021_C.LAINE_-200x133.jpg 200w, https:\/\/envol-vert.org\/wp-content\/uploads\/2021\/11\/AGROFOCACAOstand-feria-Anda-Misha-Rastrera_SEPT2021_C.LAINE_-400x267.jpg 400w, https:\/\/envol-vert.org\/wp-content\/uploads\/2021\/11\/AGROFOCACAOstand-feria-Anda-Misha-Rastrera_SEPT2021_C.LAINE_-600x400.jpg 600w, https:\/\/envol-vert.org\/wp-content\/uploads\/2021\/11\/AGROFOCACAOstand-feria-Anda-Misha-Rastrera_SEPT2021_C.LAINE_-800x534.jpg 800w, https:\/\/envol-vert.org\/wp-content\/uploads\/2021\/11\/AGROFOCACAOstand-feria-Anda-Misha-Rastrera_SEPT2021_C.LAINE_-1200x800.jpg 1200w, https:\/\/envol-vert.org\/wp-content\/uploads\/2021\/11\/AGROFOCACAOstand-feria-Anda-Misha-Rastrera_SEPT2021_C.LAINE_.jpg 1300w\" sizes=\"(min-width: 2200px) 100vw, (min-width: 640px) 1000px, \" \/><\/a><\/div><\/div><div class=\"clearfix\"><\/div><div style=\"padding:5px;\" class=\"fusion-grid-column fusion-gallery-column fusion-gallery-column-1 hover-type-none\"><div class=\"fusion-gallery-image\"><a href=\"https:\/\/envol-vert.org\/wp-content\/uploads\/2021\/11\/AGROFOCACAOstand-feria-Anda-DETEC_SEPT2021_C.LAINE_.jpg\" rel=\"noreferrer\" data-rel=\"iLightbox[gallery_image_1]\" class=\"fusion-lightbox\" target=\"_self\"><img decoding=\"async\" src=\"https:\/\/envol-vert.org\/wp-content\/uploads\/2021\/11\/AGROFOCACAOstand-feria-Anda-DETEC_SEPT2021_C.LAINE_.jpg\" width=\"1300\" height=\"867\" alt=\"\" title=\"[AGROFOCACAO]stand feria Anda DETEC_SEPT2021_C.LAINE\" aria-label=\"[AGROFOCACAO]stand feria Anda DETEC_SEPT2021_C.LAINE\" class=\"img-responsive wp-image-42453\" srcset=\"https:\/\/envol-vert.org\/wp-content\/uploads\/2021\/11\/AGROFOCACAOstand-feria-Anda-DETEC_SEPT2021_C.LAINE_-200x133.jpg 200w, https:\/\/envol-vert.org\/wp-content\/uploads\/2021\/11\/AGROFOCACAOstand-feria-Anda-DETEC_SEPT2021_C.LAINE_-400x267.jpg 400w, https:\/\/envol-vert.org\/wp-content\/uploads\/2021\/11\/AGROFOCACAOstand-feria-Anda-DETEC_SEPT2021_C.LAINE_-600x400.jpg 600w, https:\/\/envol-vert.org\/wp-content\/uploads\/2021\/11\/AGROFOCACAOstand-feria-Anda-DETEC_SEPT2021_C.LAINE_-800x534.jpg 800w, https:\/\/envol-vert.org\/wp-content\/uploads\/2021\/11\/AGROFOCACAOstand-feria-Anda-DETEC_SEPT2021_C.LAINE_-1200x800.jpg 1200w, https:\/\/envol-vert.org\/wp-content\/uploads\/2021\/11\/AGROFOCACAOstand-feria-Anda-DETEC_SEPT2021_C.LAINE_.jpg 1300w\" sizes=\"(min-width: 2200px) 100vw, (min-width: 640px) 1000px, \" \/><\/a><\/div><\/div><div class=\"clearfix\"><\/div><div style=\"padding:5px;\" class=\"fusion-grid-column fusion-gallery-column fusion-gallery-column-1 hover-type-none\"><div class=\"fusion-gallery-image\"><a href=\"https:\/\/envol-vert.org\/wp-content\/uploads\/2021\/11\/AGROFOCACAOstand-feria-Anda_SEPT2021_C.LAINE_.jpg\" rel=\"noreferrer\" data-rel=\"iLightbox[gallery_image_1]\" class=\"fusion-lightbox\" target=\"_self\"><img decoding=\"async\" src=\"https:\/\/envol-vert.org\/wp-content\/uploads\/2021\/11\/AGROFOCACAOstand-feria-Anda_SEPT2021_C.LAINE_.jpg\" width=\"1300\" height=\"867\" alt=\"\" title=\"[AGROFOCACAO]stand feria Anda_SEPT2021_C.LAINE\" aria-label=\"[AGROFOCACAO]stand feria Anda_SEPT2021_C.LAINE\" class=\"img-responsive wp-image-42459\" srcset=\"https:\/\/envol-vert.org\/wp-content\/uploads\/2021\/11\/AGROFOCACAOstand-feria-Anda_SEPT2021_C.LAINE_-200x133.jpg 200w, https:\/\/envol-vert.org\/wp-content\/uploads\/2021\/11\/AGROFOCACAOstand-feria-Anda_SEPT2021_C.LAINE_-400x267.jpg 400w, https:\/\/envol-vert.org\/wp-content\/uploads\/2021\/11\/AGROFOCACAOstand-feria-Anda_SEPT2021_C.LAINE_-600x400.jpg 600w, https:\/\/envol-vert.org\/wp-content\/uploads\/2021\/11\/AGROFOCACAOstand-feria-Anda_SEPT2021_C.LAINE_-800x534.jpg 800w, https:\/\/envol-vert.org\/wp-content\/uploads\/2021\/11\/AGROFOCACAOstand-feria-Anda_SEPT2021_C.LAINE_-1200x800.jpg 1200w, https:\/\/envol-vert.org\/wp-content\/uploads\/2021\/11\/AGROFOCACAOstand-feria-Anda_SEPT2021_C.LAINE_.jpg 1300w\" sizes=\"(min-width: 2200px) 100vw, (min-width: 640px) 1000px, \" \/><\/a><\/div><\/div><div class=\"clearfix\"><\/div><\/div><\/div><\/div><\/div><\/div><\/div>\n","protected":false},"excerpt":{"rendered":"","protected":false},"featured_media":42452,"template":"","fils_d_actu_categ":[1428],"class_list":["post-42465","fil_d_actu","type-fil_d_actu","status-publish","has-post-thumbnail","hentry","fils_d_actu_categ-programa-cafe-cacao-agroforestales"],"_links":{"self":[{"href":"https:\/\/envol-vert.org\/es\/wp-json\/wp\/v2\/fil_d_actu\/42465","targetHints":{"allow":["GET"]}}],"collection":[{"href":"https:\/\/envol-vert.org\/es\/wp-json\/wp\/v2\/fil_d_actu"}],"about":[{"href":"https:\/\/envol-vert.org\/es\/wp-json\/wp\/v2\/types\/fil_d_actu"}],"version-history":[{"count":0,"href":"https:\/\/envol-vert.org\/es\/wp-json\/wp\/v2\/fil_d_actu\/42465\/revisions"}],"wp:featuredmedia":[{"embeddable":true,"href":"https:\/\/envol-vert.org\/es\/wp-json\/wp\/v2\/media\/42452"}],"wp:attachment":[{"href":"https:\/\/envol-vert.org\/es\/wp-json\/wp\/v2\/media?parent=42465"}],"wp:term":[{"taxonomy":"fils_d_actu_categ","embeddable":true,"href":"https:\/\/envol-vert.org\/es\/wp-json\/wp\/v2\/fils_d_actu_categ?post=42465"}],"curies":[{"name":"wp","href":"https:\/\/api.w.org\/{rel}","templated":true}]}}