{"id":42483,"date":"2021-10-29T21:44:34","date_gmt":"2021-10-29T19:44:34","guid":{"rendered":"https:\/\/envol-vert.org\/?post_type=fil_d_actu&#038;p=42483"},"modified":"2021-11-12T21:45:14","modified_gmt":"2021-11-12T19:45:14","slug":"plantacion-educativa-en-el-bosque-de-proteccion-del-pui-pui-en-pichanaki","status":"publish","type":"fil_d_actu","link":"https:\/\/envol-vert.org\/es\/act\/plantacion-educativa-en-el-bosque-de-proteccion-del-pui-pui-en-pichanaki\/","title":{"rendered":"Plantaci\u00f3n educativa en el Bosque de Protecci\u00f3n del PUI-PUi en Pichanaki"},"content":{"rendered":"<div class=\"fusion-fullwidth fullwidth-box fusion-builder-row-1 fusion-flex-container nonhundred-percent-fullwidth non-hundred-percent-height-scrolling\" style=\"--awb-border-radius-top-left:0px;--awb-border-radius-top-right:0px;--awb-border-radius-bottom-right:0px;--awb-border-radius-bottom-left:0px;--awb-flex-wrap:wrap;\" ><div class=\"fusion-builder-row fusion-row fusion-flex-align-items-center fusion-flex-content-wrap\" style=\"max-width:1040px;margin-left: calc(-4% \/ 2 );margin-right: calc(-4% \/ 2 );\"><div class=\"fusion-layout-column fusion_builder_column fusion-builder-column-0 fusion_builder_column_1_1 1_1 fusion-flex-column\" style=\"--awb-bg-size:cover;--awb-width-large:100%;--awb-margin-top-large:0px;--awb-spacing-right-large:1.92%;--awb-margin-bottom-large:20px;--awb-spacing-left-large:1.92%;--awb-width-medium:100%;--awb-order-medium:0;--awb-spacing-right-medium:1.92%;--awb-spacing-left-medium:1.92%;--awb-width-small:100%;--awb-order-small:0;--awb-spacing-right-small:1.92%;--awb-spacing-left-small:1.92%;\"><div class=\"fusion-column-wrapper fusion-column-has-shadow fusion-flex-justify-content-flex-start fusion-content-layout-column\"><div class=\"fusion-text fusion-text-1\" style=\"--awb-text-transform:none;\"><p>El s\u00e1bado 23 de octubre de 2021, 5 carros procedentes de los 4 cantos de 2 distritos se reunieron en el extremo del valle del r\u00edo Ipoki, en la zona de amortiguaci\u00f3n del bosque de protecci\u00f3n del PUI PUI. El grupo, que reun\u00eda a estudiantes de varias universidades y a alumnos de distintos centros educativos, estaba formado por m\u00e1s de 60 personas.<\/p>\n<\/div><\/div><\/div><div class=\"fusion-layout-column fusion_builder_column fusion-builder-column-1 fusion_builder_column_2_3 2_3 fusion-flex-column\" style=\"--awb-bg-size:cover;--awb-width-large:66.666666666667%;--awb-margin-top-large:0px;--awb-spacing-right-large:2.88%;--awb-margin-bottom-large:20px;--awb-spacing-left-large:2.88%;--awb-width-medium:100%;--awb-order-medium:0;--awb-spacing-right-medium:1.92%;--awb-spacing-left-medium:1.92%;--awb-width-small:100%;--awb-order-small:0;--awb-spacing-right-small:1.92%;--awb-spacing-left-small:1.92%;\"><div class=\"fusion-column-wrapper fusion-column-has-shadow fusion-flex-justify-content-flex-start fusion-content-layout-column\"><div class=\"fusion-text fusion-text-2\" style=\"--awb-text-transform:none;\"><p>El objetivo del d\u00eda: sembrar m\u00e1s de 150 \u00e1rboles, la mayor\u00eda de ellos vulnerables o en peligro de extinci\u00f3n en la lista roja de la UICN y festejar el d\u00eda del voluntariado franc\u00e9s. Una vez realizadas las presentaciones oficiales de las diferentes organizaciones participantes (ver detalles al final del art\u00edculo), las actividades comenzaron con la presentaci\u00f3n de las 9 especies que se plantar\u00e1n ese d\u00eda y una sesi\u00f3n de formaci\u00f3n sobre la plantaci\u00f3n de \u00e1rboles forestales. A continuaci\u00f3n, divididos en 5 grupos, cada uno de ellos responsable de una o dos especies, los participantes se adentraron en un recorrido de al menos 3 kil\u00f3metros alrededor de la escuela que acog\u00eda el evento y luego en un bosque secundario en el que se hab\u00edan preparado franjas de enriquecimiento por parte de los guardabosques. Siguiendo el c\u00f3digo de colores de la especie que se les hab\u00eda asignado, los grupos colocaron cuidadosamente sus pl\u00e1ntulas al pie de estacas decoradas con una tira de color.<\/p>\n<\/div><\/div><\/div><div class=\"fusion-layout-column fusion_builder_column fusion-builder-column-2 fusion_builder_column_1_3 1_3 fusion-flex-column\" style=\"--awb-bg-size:cover;--awb-width-large:33.333333333333%;--awb-margin-top-large:0px;--awb-spacing-right-large:5.76%;--awb-margin-bottom-large:20px;--awb-spacing-left-large:5.76%;--awb-width-medium:100%;--awb-order-medium:0;--awb-spacing-right-medium:1.92%;--awb-spacing-left-medium:1.92%;--awb-width-small:100%;--awb-order-small:0;--awb-spacing-right-small:1.92%;--awb-spacing-left-small:1.92%;\"><div class=\"fusion-column-wrapper fusion-column-has-shadow fusion-flex-justify-content-flex-start fusion-content-layout-column\"><div class=\"fusion-image-element \" style=\"--awb-caption-title-font-family:var(--h2_typography-font-family);--awb-caption-title-font-weight:var(--h2_typography-font-weight);--awb-caption-title-font-style:var(--h2_typography-font-style);--awb-caption-title-size:var(--h2_typography-font-size);--awb-caption-title-transform:var(--h2_typography-text-transform);--awb-caption-title-line-height:var(--h2_typography-line-height);--awb-caption-title-letter-spacing:var(--h2_typography-letter-spacing);\"><span class=\" fusion-imageframe imageframe-none imageframe-1 hover-type-none\"><img decoding=\"async\" width=\"1000\" height=\"750\" title=\"[AGROCAFE]plantation arbre JVF_OCT2021_M.CORREIA\" src=\"https:\/\/envol-vert.org\/wp-content\/uploads\/2021\/11\/AGROCAFEplantation-arbre-JVF_OCT2021_M.CORREIA-1024x768.jpg\" alt class=\"img-responsive wp-image-42479\" srcset=\"https:\/\/envol-vert.org\/wp-content\/uploads\/2021\/11\/AGROCAFEplantation-arbre-JVF_OCT2021_M.CORREIA-200x150.jpg 200w, https:\/\/envol-vert.org\/wp-content\/uploads\/2021\/11\/AGROCAFEplantation-arbre-JVF_OCT2021_M.CORREIA-400x300.jpg 400w, https:\/\/envol-vert.org\/wp-content\/uploads\/2021\/11\/AGROCAFEplantation-arbre-JVF_OCT2021_M.CORREIA-600x450.jpg 600w, https:\/\/envol-vert.org\/wp-content\/uploads\/2021\/11\/AGROCAFEplantation-arbre-JVF_OCT2021_M.CORREIA-800x600.jpg 800w, https:\/\/envol-vert.org\/wp-content\/uploads\/2021\/11\/AGROCAFEplantation-arbre-JVF_OCT2021_M.CORREIA-1200x900.jpg 1200w, https:\/\/envol-vert.org\/wp-content\/uploads\/2021\/11\/AGROCAFEplantation-arbre-JVF_OCT2021_M.CORREIA.jpg 1300w\" sizes=\"(max-width: 1024px) 100vw, (max-width: 640px) 100vw, 400px\" \/><\/span><\/div><\/div><\/div><div class=\"fusion-layout-column fusion_builder_column fusion-builder-column-3 fusion_builder_column_1_1 1_1 fusion-flex-column\" style=\"--awb-bg-size:cover;--awb-width-large:100%;--awb-margin-top-large:0px;--awb-spacing-right-large:1.92%;--awb-margin-bottom-large:20px;--awb-spacing-left-large:1.92%;--awb-width-medium:100%;--awb-order-medium:0;--awb-spacing-right-medium:1.92%;--awb-spacing-left-medium:1.92%;--awb-width-small:100%;--awb-order-small:0;--awb-spacing-right-small:1.92%;--awb-spacing-left-small:1.92%;\"><div class=\"fusion-column-wrapper fusion-column-has-shadow fusion-flex-justify-content-flex-start fusion-content-layout-column\"><div class=\"fusion-separator fusion-full-width-sep\" style=\"align-self: center;margin-left: auto;margin-right: auto;margin-bottom:3%;width:100%;\"><div class=\"fusion-separator-border sep-single sep-solid\" style=\"--awb-height:20px;--awb-amount:20px;--awb-sep-color:rgba(224,222,222,0);border-color:rgba(224,222,222,0);border-top-width:1px;\"><\/div><\/div><div class=\"fusion-text fusion-text-3\" style=\"--awb-text-transform:none;\"><p>De vuelta a la escuela y tras un almuerzo preparado por la asociaci\u00f3n de padres del centro, la jornada se cerr\u00f3 con un concurso de conocimientos sobre las especies presentadas esa ma\u00f1ana en un ambiente amistoso y una sesi\u00f3n filmada de agradecimiento a los alumnos de Saint C\u00f4me et Maru\u00e9jols de la regi\u00f3n de Nouvelle Aquitaine cuyo presupuesto participativo hab\u00eda hecho posible esta jornada. Finalmente, se acord\u00f3 establecer un convenio de colaboraci\u00f3n a largo plazo entre el SERNANP, la instituci\u00f3n educativa de Ayte y Envol Vert para apoyar el desarrollo de un proyecto de \u00abBosque Escuela\u00bb en el que se enmarca esta obra de plantaci\u00f3n participativa.<\/p>\n<p>Organizaci\u00f3n participante hoy: France Volontaire (coorganizador) \/ Instituci\u00f3n educativa de Aytee (coorganizador y anfitri\u00f3n del evento) \/ SERNANP &#8211; BP Pui Pui (coorganizador) \/ Instituci\u00f3n educativa de San Juan Centro Autiki \/ La Guilde europ\u00e9enne du raid \/ Manchay Verde \/ CPJ- Consejo Provincial De Juventudes-Satipo Rumbo Al Bicentenario \/ Club Ambiental \u00abkametza Pronatu\u00bb \/ Universidad Nacional Intercultural de la SelvaCentral Juan Santos Atahualpa \/ Aijopsa Satipo \/<\/p>\n<\/div><\/div><\/div><\/div><\/div>\n","protected":false},"excerpt":{"rendered":"","protected":false},"featured_media":42476,"template":"","fils_d_actu_categ":[1428],"class_list":["post-42483","fil_d_actu","type-fil_d_actu","status-publish","has-post-thumbnail","hentry","fils_d_actu_categ-programa-cafe-cacao-agroforestales"],"_links":{"self":[{"href":"https:\/\/envol-vert.org\/es\/wp-json\/wp\/v2\/fil_d_actu\/42483","targetHints":{"allow":["GET"]}}],"collection":[{"href":"https:\/\/envol-vert.org\/es\/wp-json\/wp\/v2\/fil_d_actu"}],"about":[{"href":"https:\/\/envol-vert.org\/es\/wp-json\/wp\/v2\/types\/fil_d_actu"}],"version-history":[{"count":0,"href":"https:\/\/envol-vert.org\/es\/wp-json\/wp\/v2\/fil_d_actu\/42483\/revisions"}],"wp:featuredmedia":[{"embeddable":true,"href":"https:\/\/envol-vert.org\/es\/wp-json\/wp\/v2\/media\/42476"}],"wp:attachment":[{"href":"https:\/\/envol-vert.org\/es\/wp-json\/wp\/v2\/media?parent=42483"}],"wp:term":[{"taxonomy":"fils_d_actu_categ","embeddable":true,"href":"https:\/\/envol-vert.org\/es\/wp-json\/wp\/v2\/fils_d_actu_categ?post=42483"}],"curies":[{"name":"wp","href":"https:\/\/api.w.org\/{rel}","templated":true}]}}