{"id":42497,"date":"2021-10-29T21:58:53","date_gmt":"2021-10-29T19:58:53","guid":{"rendered":"https:\/\/envol-vert.org\/?post_type=fil_d_actu&#038;p=42497"},"modified":"2021-11-12T21:59:34","modified_gmt":"2021-11-12T19:59:34","slug":"pasantia-al-instituto-de-investigacion-de-la-amazonia-peruana","status":"publish","type":"fil_d_actu","link":"https:\/\/envol-vert.org\/es\/act\/pasantia-al-instituto-de-investigacion-de-la-amazonia-peruana\/","title":{"rendered":"Pasant\u00eda al Instituto de Investigaci\u00f3n de la Amazonia Peruana"},"content":{"rendered":"<div class=\"fusion-fullwidth fullwidth-box fusion-builder-row-1 fusion-flex-container nonhundred-percent-fullwidth non-hundred-percent-height-scrolling\" style=\"--awb-border-radius-top-left:0px;--awb-border-radius-top-right:0px;--awb-border-radius-bottom-right:0px;--awb-border-radius-bottom-left:0px;--awb-flex-wrap:wrap;\" ><div class=\"fusion-builder-row fusion-row fusion-flex-align-items-flex-start fusion-flex-content-wrap\" style=\"max-width:1040px;margin-left: calc(-4% \/ 2 );margin-right: calc(-4% \/ 2 );\"><div class=\"fusion-layout-column fusion_builder_column fusion-builder-column-0 fusion_builder_column_2_3 2_3 fusion-flex-column\" style=\"--awb-bg-size:cover;--awb-width-large:66.666666666667%;--awb-margin-top-large:0px;--awb-spacing-right-large:2.88%;--awb-margin-bottom-large:20px;--awb-spacing-left-large:2.88%;--awb-width-medium:100%;--awb-order-medium:0;--awb-spacing-right-medium:1.92%;--awb-spacing-left-medium:1.92%;--awb-width-small:100%;--awb-order-small:0;--awb-spacing-right-small:1.92%;--awb-spacing-left-small:1.92%;\"><div class=\"fusion-column-wrapper fusion-column-has-shadow fusion-flex-justify-content-flex-start fusion-content-layout-column\"><div class=\"fusion-text fusion-text-1\" style=\"--awb-text-transform:none;\"><p>El equipo de Envol Vert Tingo Mar\u00eda organiz\u00f3 una pasant\u00eda para los grupos de trabajo de los caserillos de La esperanza y Pueblo nuevo principalmente, pero extendi\u00f3 la invitaci\u00f3n a los grupos de Anda y Arabe para aprovechar las capacitaciones en agroforesteria, alternativas de econ\u00f3micas y crianza de Paco brindadas por el Instituto de Investigaci\u00f3n de la Amazonia Peruana (IIAP).<\/p>\n<p>La pasant\u00eda se realiz\u00f3 el d\u00eda 22 de octubre en la localidad de Saipai, donde despu\u00e9s de dar la bienvenida a los participantes, se comenz\u00f3 la primera parte que consist\u00eda las capacitaciones de la ingeniera Luz Balc\u00e1zar con Avances de investigaci\u00f3n en el cultivo de cocona, papayo y Vasconcellea, Luego el bi\u00f3logo Sergio Panduro con Avances a la investigaci\u00f3n en peces amaz\u00f3nicos con \u00e9nfasis en Paco y Lisa y para culminar el ingeniero Andi Eugenio con Manejo de Sistemas Forestales, Agroforestales y propagaci\u00f3n vegetativa de especies forestales por estaquilla en c\u00e1maras de subirrigaci\u00f3n.<\/p>\n<p>La segunda parte fue en los campos de investigaci\u00f3n de la IIAP, papaya asociado a pl\u00e1tano, parcelas de sistemas agroforestales con quina, pino chuncho y cacao, guaba y cacao, leucaena y cacao, para culminar se realiz\u00f3 de manera practica el reforzamiento de la capacitaci\u00f3n de la crianza de paco redeando en las pozas y observando a los ejemplares.<\/p>\n<p>Se culmin\u00f3 el d\u00eda con un almuerzo de manera conjunta y un peque\u00f1o recuerdo a los participantes y a los expositores, finalizando as\u00ed un dia exitoso y con muchas caras felices por el conocimiento adquirido en el d\u00eda.<\/p>\n<p>Envol Vert agradece al apoyo recibido por el IIAP y esperamos renovar estos eventos que permiten intercambiar experiencias entre instituciones y participantes pero tambi\u00e9n favorecen nuevos aprendizajes cuando se encuentren centros de investigaciones y proyectos de desarrollo.<\/p>\n<\/div><\/div><\/div><div class=\"fusion-layout-column fusion_builder_column fusion-builder-column-1 fusion_builder_column_1_3 1_3 fusion-flex-column\" style=\"--awb-bg-size:cover;--awb-width-large:33.333333333333%;--awb-margin-top-large:0px;--awb-spacing-right-large:5.76%;--awb-margin-bottom-large:20px;--awb-spacing-left-large:5.76%;--awb-width-medium:100%;--awb-order-medium:0;--awb-spacing-right-medium:1.92%;--awb-spacing-left-medium:1.92%;--awb-width-small:100%;--awb-order-small:0;--awb-spacing-right-small:1.92%;--awb-spacing-left-small:1.92%;\"><div class=\"fusion-column-wrapper fusion-column-has-shadow fusion-flex-justify-content-flex-start fusion-content-layout-column\"><div class=\"fusion-image-element\" style=\"--awb-caption-title-font-family:var(--h2_typography-font-family);--awb-caption-title-font-weight:var(--h2_typography-font-weight);--awb-caption-title-font-style:var(--h2_typography-font-style);--awb-caption-title-size:var(--h2_typography-font-size);--awb-caption-title-transform:var(--h2_typography-text-transform);--awb-caption-title-line-height:var(--h2_typography-line-height);--awb-caption-title-letter-spacing:var(--h2_typography-letter-spacing);\"><span class=\" fusion-imageframe imageframe-none imageframe-1 hover-type-none\"><img decoding=\"async\" width=\"768\" height=\"1024\" title=\"[AGROFOCACAO]charla piscicultura pasantia IIAP_OCT2021_D.JARA\" src=\"https:\/\/envol-vert.org\/wp-content\/uploads\/2021\/11\/AGROFOCACAOcharla-piscicultura-pasantia-IIAP_OCT2021_D.JARA_-768x1024.jpeg\" alt class=\"img-responsive wp-image-42495\" srcset=\"https:\/\/envol-vert.org\/wp-content\/uploads\/2021\/11\/AGROFOCACAOcharla-piscicultura-pasantia-IIAP_OCT2021_D.JARA_-200x267.jpeg 200w, https:\/\/envol-vert.org\/wp-content\/uploads\/2021\/11\/AGROFOCACAOcharla-piscicultura-pasantia-IIAP_OCT2021_D.JARA_-400x533.jpeg 400w, https:\/\/envol-vert.org\/wp-content\/uploads\/2021\/11\/AGROFOCACAOcharla-piscicultura-pasantia-IIAP_OCT2021_D.JARA_-600x800.jpeg 600w, https:\/\/envol-vert.org\/wp-content\/uploads\/2021\/11\/AGROFOCACAOcharla-piscicultura-pasantia-IIAP_OCT2021_D.JARA_-800x1067.jpeg 800w, https:\/\/envol-vert.org\/wp-content\/uploads\/2021\/11\/AGROFOCACAOcharla-piscicultura-pasantia-IIAP_OCT2021_D.JARA_.jpeg 960w\" sizes=\"(max-width: 1024px) 100vw, (max-width: 640px) 100vw, 400px\" \/><\/span><\/div><\/div><\/div><\/div><\/div>\n","protected":false},"excerpt":{"rendered":"","protected":false},"featured_media":42492,"template":"","fils_d_actu_categ":[1428],"class_list":["post-42497","fil_d_actu","type-fil_d_actu","status-publish","has-post-thumbnail","hentry","fils_d_actu_categ-programa-cafe-cacao-agroforestales"],"yoast_head":"<!-- This site is optimized with the Yoast SEO plugin v28.3 - https:\/\/yoast.com\/product\/yoast-seo-wordpress\/ -->\n<title>Pasant\u00eda al Instituto de Investigaci\u00f3n de la Amazonia Peruana - Envol Vert<\/title>\n<meta name=\"description\" content=\"El equipo de Envol Vert Tingo Mar\u00eda organiz\u00f3 una pasant\u00edacon el Instituto de Investigaci\u00f3n de la Amazonia Peruana (IIAP).\" \/>\n<meta name=\"robots\" content=\"index, follow, max-snippet:-1, max-image-preview:large, max-video-preview:-1\" \/>\n<link rel=\"canonical\" href=\"https:\/\/envol-vert.org\/es\/act\/pasantia-al-instituto-de-investigacion-de-la-amazonia-peruana\/\" \/>\n<meta property=\"og:locale\" content=\"es_ES\" \/>\n<meta property=\"og:type\" content=\"article\" \/>\n<meta property=\"og:title\" content=\"Pasant\u00eda al Instituto de Investigaci\u00f3n de la Amazonia Peruana - Envol Vert\" \/>\n<meta property=\"og:description\" content=\"El equipo de Envol Vert Tingo Mar\u00eda organiz\u00f3 una pasant\u00edacon el Instituto de Investigaci\u00f3n de la Amazonia Peruana (IIAP).\" \/>\n<meta property=\"og:url\" content=\"https:\/\/envol-vert.org\/es\/act\/pasantia-al-instituto-de-investigacion-de-la-amazonia-peruana\/\" \/>\n<meta property=\"og:site_name\" content=\"Envol Vert\" \/>\n<meta property=\"article:publisher\" content=\"https:\/\/www.facebook.com\/EnvolVertFrance\/\" \/>\n<meta property=\"article:modified_time\" content=\"2021-11-12T19:59:34+00:00\" \/>\n<meta property=\"og:image\" content=\"https:\/\/envol-vert.org\/wp-content\/uploads\/2021\/11\/AGROFOCACAOcharla-SAF-pasantia-IIAP_OCT2021_D.JARA_.jpeg\" \/>\n\t<meta property=\"og:image:width\" content=\"1300\" \/>\n\t<meta property=\"og:image:height\" content=\"976\" \/>\n\t<meta property=\"og:image:type\" content=\"image\/jpeg\" \/>\n<meta name=\"twitter:card\" content=\"summary_large_image\" \/>\n<meta name=\"twitter:site\" content=\"@Envolvert\" \/>\n<meta name=\"twitter:label1\" content=\"Tiempo de lectura\" \/>\n\t<meta name=\"twitter:data1\" content=\"3 minutes\" \/>\n<script type=\"application\/ld+json\" class=\"yoast-schema-graph\">{\"@context\":\"https:\\\/\\\/schema.org\",\"@graph\":[{\"@type\":\"WebPage\",\"@id\":\"https:\\\/\\\/envol-vert.org\\\/es\\\/act\\\/pasantia-al-instituto-de-investigacion-de-la-amazonia-peruana\\\/\",\"url\":\"https:\\\/\\\/envol-vert.org\\\/es\\\/act\\\/pasantia-al-instituto-de-investigacion-de-la-amazonia-peruana\\\/\",\"name\":\"Pasant\u00eda al Instituto de Investigaci\u00f3n de la Amazonia Peruana - Envol Vert\",\"isPartOf\":{\"@id\":\"https:\\\/\\\/envol-vert.org\\\/es\\\/#website\"},\"primaryImageOfPage\":{\"@id\":\"https:\\\/\\\/envol-vert.org\\\/es\\\/act\\\/pasantia-al-instituto-de-investigacion-de-la-amazonia-peruana\\\/#primaryimage\"},\"image\":{\"@id\":\"https:\\\/\\\/envol-vert.org\\\/es\\\/act\\\/pasantia-al-instituto-de-investigacion-de-la-amazonia-peruana\\\/#primaryimage\"},\"thumbnailUrl\":\"https:\\\/\\\/envol-vert.org\\\/wp-content\\\/uploads\\\/2021\\\/11\\\/AGROFOCACAOcharla-SAF-pasantia-IIAP_OCT2021_D.JARA_.jpeg\",\"datePublished\":\"2021-10-29T19:58:53+00:00\",\"dateModified\":\"2021-11-12T19:59:34+00:00\",\"description\":\"El equipo de Envol Vert Tingo Mar\u00eda organiz\u00f3 una pasant\u00edacon el Instituto de Investigaci\u00f3n de la Amazonia Peruana (IIAP).\",\"breadcrumb\":{\"@id\":\"https:\\\/\\\/envol-vert.org\\\/es\\\/act\\\/pasantia-al-instituto-de-investigacion-de-la-amazonia-peruana\\\/#breadcrumb\"},\"inLanguage\":\"es-ES\",\"potentialAction\":[{\"@type\":\"ReadAction\",\"target\":[\"https:\\\/\\\/envol-vert.org\\\/es\\\/act\\\/pasantia-al-instituto-de-investigacion-de-la-amazonia-peruana\\\/\"]}]},{\"@type\":\"ImageObject\",\"inLanguage\":\"es-ES\",\"@id\":\"https:\\\/\\\/envol-vert.org\\\/es\\\/act\\\/pasantia-al-instituto-de-investigacion-de-la-amazonia-peruana\\\/#primaryimage\",\"url\":\"https:\\\/\\\/envol-vert.org\\\/wp-content\\\/uploads\\\/2021\\\/11\\\/AGROFOCACAOcharla-SAF-pasantia-IIAP_OCT2021_D.JARA_.jpeg\",\"contentUrl\":\"https:\\\/\\\/envol-vert.org\\\/wp-content\\\/uploads\\\/2021\\\/11\\\/AGROFOCACAOcharla-SAF-pasantia-IIAP_OCT2021_D.JARA_.jpeg\",\"width\":1300,\"height\":976},{\"@type\":\"BreadcrumbList\",\"@id\":\"https:\\\/\\\/envol-vert.org\\\/es\\\/act\\\/pasantia-al-instituto-de-investigacion-de-la-amazonia-peruana\\\/#breadcrumb\",\"itemListElement\":[{\"@type\":\"ListItem\",\"position\":1,\"name\":\"Accueil\",\"item\":\"https:\\\/\\\/envol-vert.org\\\/es\\\/\"},{\"@type\":\"ListItem\",\"position\":2,\"name\":\"Pasant\u00eda al Instituto de Investigaci\u00f3n de la Amazonia Peruana\"}]},{\"@type\":\"WebSite\",\"@id\":\"https:\\\/\\\/envol-vert.org\\\/es\\\/#website\",\"url\":\"https:\\\/\\\/envol-vert.org\\\/es\\\/\",\"name\":\"Envol Vert\",\"description\":\"La for\u00eat nous rend service, rendons le lui.\",\"publisher\":{\"@id\":\"https:\\\/\\\/envol-vert.org\\\/es\\\/#organization\"},\"potentialAction\":[{\"@type\":\"SearchAction\",\"target\":{\"@type\":\"EntryPoint\",\"urlTemplate\":\"https:\\\/\\\/envol-vert.org\\\/es\\\/?s={search_term_string}\"},\"query-input\":{\"@type\":\"PropertyValueSpecification\",\"valueRequired\":true,\"valueName\":\"search_term_string\"}}],\"inLanguage\":\"es-ES\"},{\"@type\":\"Organization\",\"@id\":\"https:\\\/\\\/envol-vert.org\\\/es\\\/#organization\",\"name\":\"Envol Vert\",\"url\":\"https:\\\/\\\/envol-vert.org\\\/es\\\/\",\"logo\":{\"@type\":\"ImageObject\",\"inLanguage\":\"es-ES\",\"@id\":\"https:\\\/\\\/envol-vert.org\\\/es\\\/#\\\/schema\\\/logo\\\/image\\\/\",\"url\":\"https:\\\/\\\/envol-vert.org\\\/wp-content\\\/uploads\\\/2021\\\/03\\\/Logo-icone-site.png\",\"contentUrl\":\"https:\\\/\\\/envol-vert.org\\\/wp-content\\\/uploads\\\/2021\\\/03\\\/Logo-icone-site.png\",\"width\":512,\"height\":512,\"caption\":\"Envol Vert\"},\"image\":{\"@id\":\"https:\\\/\\\/envol-vert.org\\\/es\\\/#\\\/schema\\\/logo\\\/image\\\/\"},\"sameAs\":[\"https:\\\/\\\/www.facebook.com\\\/EnvolVertFrance\\\/\",\"https:\\\/\\\/x.com\\\/Envolvert\",\"https:\\\/\\\/www.instagram.com\\\/envol_vert_france\\\/\",\"https:\\\/\\\/www.linkedin.com\\\/company\\\/envolvert\\\/\",\"https:\\\/\\\/www.youtube.com\\\/c\\\/EnvolVert\"]}]}<\/script>\n<!-- \/ Yoast SEO plugin. -->","yoast_head_json":{"title":"Pasant\u00eda al Instituto de Investigaci\u00f3n de la Amazonia Peruana - Envol Vert","description":"El equipo de Envol Vert Tingo Mar\u00eda organiz\u00f3 una pasant\u00edacon el Instituto de Investigaci\u00f3n de la Amazonia Peruana (IIAP).","robots":{"index":"index","follow":"follow","max-snippet":"max-snippet:-1","max-image-preview":"max-image-preview:large","max-video-preview":"max-video-preview:-1"},"canonical":"https:\/\/envol-vert.org\/es\/act\/pasantia-al-instituto-de-investigacion-de-la-amazonia-peruana\/","og_locale":"es_ES","og_type":"article","og_title":"Pasant\u00eda al Instituto de Investigaci\u00f3n de la Amazonia Peruana - Envol Vert","og_description":"El equipo de Envol Vert Tingo Mar\u00eda organiz\u00f3 una pasant\u00edacon el Instituto de Investigaci\u00f3n de la Amazonia Peruana (IIAP).","og_url":"https:\/\/envol-vert.org\/es\/act\/pasantia-al-instituto-de-investigacion-de-la-amazonia-peruana\/","og_site_name":"Envol Vert","article_publisher":"https:\/\/www.facebook.com\/EnvolVertFrance\/","article_modified_time":"2021-11-12T19:59:34+00:00","og_image":[{"width":1300,"height":976,"url":"https:\/\/envol-vert.org\/wp-content\/uploads\/2021\/11\/AGROFOCACAOcharla-SAF-pasantia-IIAP_OCT2021_D.JARA_.jpeg","type":"image\/jpeg"}],"twitter_card":"summary_large_image","twitter_site":"@Envolvert","twitter_misc":{"Tiempo de lectura":"3 minutes"},"schema":{"@context":"https:\/\/schema.org","@graph":[{"@type":"WebPage","@id":"https:\/\/envol-vert.org\/es\/act\/pasantia-al-instituto-de-investigacion-de-la-amazonia-peruana\/","url":"https:\/\/envol-vert.org\/es\/act\/pasantia-al-instituto-de-investigacion-de-la-amazonia-peruana\/","name":"Pasant\u00eda al Instituto de Investigaci\u00f3n de la Amazonia Peruana - Envol Vert","isPartOf":{"@id":"https:\/\/envol-vert.org\/es\/#website"},"primaryImageOfPage":{"@id":"https:\/\/envol-vert.org\/es\/act\/pasantia-al-instituto-de-investigacion-de-la-amazonia-peruana\/#primaryimage"},"image":{"@id":"https:\/\/envol-vert.org\/es\/act\/pasantia-al-instituto-de-investigacion-de-la-amazonia-peruana\/#primaryimage"},"thumbnailUrl":"https:\/\/envol-vert.org\/wp-content\/uploads\/2021\/11\/AGROFOCACAOcharla-SAF-pasantia-IIAP_OCT2021_D.JARA_.jpeg","datePublished":"2021-10-29T19:58:53+00:00","dateModified":"2021-11-12T19:59:34+00:00","description":"El equipo de Envol Vert Tingo Mar\u00eda organiz\u00f3 una pasant\u00edacon el Instituto de Investigaci\u00f3n de la Amazonia Peruana (IIAP).","breadcrumb":{"@id":"https:\/\/envol-vert.org\/es\/act\/pasantia-al-instituto-de-investigacion-de-la-amazonia-peruana\/#breadcrumb"},"inLanguage":"es-ES","potentialAction":[{"@type":"ReadAction","target":["https:\/\/envol-vert.org\/es\/act\/pasantia-al-instituto-de-investigacion-de-la-amazonia-peruana\/"]}]},{"@type":"ImageObject","inLanguage":"es-ES","@id":"https:\/\/envol-vert.org\/es\/act\/pasantia-al-instituto-de-investigacion-de-la-amazonia-peruana\/#primaryimage","url":"https:\/\/envol-vert.org\/wp-content\/uploads\/2021\/11\/AGROFOCACAOcharla-SAF-pasantia-IIAP_OCT2021_D.JARA_.jpeg","contentUrl":"https:\/\/envol-vert.org\/wp-content\/uploads\/2021\/11\/AGROFOCACAOcharla-SAF-pasantia-IIAP_OCT2021_D.JARA_.jpeg","width":1300,"height":976},{"@type":"BreadcrumbList","@id":"https:\/\/envol-vert.org\/es\/act\/pasantia-al-instituto-de-investigacion-de-la-amazonia-peruana\/#breadcrumb","itemListElement":[{"@type":"ListItem","position":1,"name":"Accueil","item":"https:\/\/envol-vert.org\/es\/"},{"@type":"ListItem","position":2,"name":"Pasant\u00eda al Instituto de Investigaci\u00f3n de la Amazonia Peruana"}]},{"@type":"WebSite","@id":"https:\/\/envol-vert.org\/es\/#website","url":"https:\/\/envol-vert.org\/es\/","name":"Envol Vert","description":"La for\u00eat nous rend service, rendons le lui.","publisher":{"@id":"https:\/\/envol-vert.org\/es\/#organization"},"potentialAction":[{"@type":"SearchAction","target":{"@type":"EntryPoint","urlTemplate":"https:\/\/envol-vert.org\/es\/?s={search_term_string}"},"query-input":{"@type":"PropertyValueSpecification","valueRequired":true,"valueName":"search_term_string"}}],"inLanguage":"es-ES"},{"@type":"Organization","@id":"https:\/\/envol-vert.org\/es\/#organization","name":"Envol Vert","url":"https:\/\/envol-vert.org\/es\/","logo":{"@type":"ImageObject","inLanguage":"es-ES","@id":"https:\/\/envol-vert.org\/es\/#\/schema\/logo\/image\/","url":"https:\/\/envol-vert.org\/wp-content\/uploads\/2021\/03\/Logo-icone-site.png","contentUrl":"https:\/\/envol-vert.org\/wp-content\/uploads\/2021\/03\/Logo-icone-site.png","width":512,"height":512,"caption":"Envol Vert"},"image":{"@id":"https:\/\/envol-vert.org\/es\/#\/schema\/logo\/image\/"},"sameAs":["https:\/\/www.facebook.com\/EnvolVertFrance\/","https:\/\/x.com\/Envolvert","https:\/\/www.instagram.com\/envol_vert_france\/","https:\/\/www.linkedin.com\/company\/envolvert\/","https:\/\/www.youtube.com\/c\/EnvolVert"]}]}},"_links":{"self":[{"href":"https:\/\/envol-vert.org\/es\/wp-json\/wp\/v2\/fil_d_actu\/42497","targetHints":{"allow":["GET"]}}],"collection":[{"href":"https:\/\/envol-vert.org\/es\/wp-json\/wp\/v2\/fil_d_actu"}],"about":[{"href":"https:\/\/envol-vert.org\/es\/wp-json\/wp\/v2\/types\/fil_d_actu"}],"version-history":[{"count":0,"href":"https:\/\/envol-vert.org\/es\/wp-json\/wp\/v2\/fil_d_actu\/42497\/revisions"}],"wp:featuredmedia":[{"embeddable":true,"href":"https:\/\/envol-vert.org\/es\/wp-json\/wp\/v2\/media\/42492"}],"wp:attachment":[{"href":"https:\/\/envol-vert.org\/es\/wp-json\/wp\/v2\/media?parent=42497"}],"wp:term":[{"taxonomy":"fils_d_actu_categ","embeddable":true,"href":"https:\/\/envol-vert.org\/es\/wp-json\/wp\/v2\/fils_d_actu_categ?post=42497"}],"curies":[{"name":"wp","href":"https:\/\/api.w.org\/{rel}","templated":true}]}}