{"id":42518,"date":"2021-11-12T22:20:57","date_gmt":"2021-11-12T20:20:57","guid":{"rendered":"https:\/\/envol-vert.org\/?post_type=fil_d_actu&#038;p=42518"},"modified":"2022-01-23T00:39:22","modified_gmt":"2022-01-22T22:39:22","slug":"1era-edicion-de-la-fiesta-del-guaimaro-en-ovejas","status":"publish","type":"fil_d_actu","link":"https:\/\/envol-vert.org\/es\/act\/1era-edicion-de-la-fiesta-del-guaimaro-en-ovejas\/","title":{"rendered":"\u00a11era edici\u00f3n de la fiesta del Gu\u00e1imaro en Ovejas!"},"content":{"rendered":"<div class=\"fusion-fullwidth fullwidth-box fusion-builder-row-1 fusion-flex-container nonhundred-percent-fullwidth non-hundred-percent-height-scrolling\" style=\"--awb-border-radius-top-left:0px;--awb-border-radius-top-right:0px;--awb-border-radius-bottom-right:0px;--awb-border-radius-bottom-left:0px;--awb-flex-wrap:wrap;\" ><div class=\"fusion-builder-row fusion-row fusion-flex-align-items-flex-start fusion-flex-content-wrap\" style=\"max-width:1040px;margin-left: calc(-4% \/ 2 );margin-right: calc(-4% \/ 2 );\"><div class=\"fusion-layout-column fusion_builder_column fusion-builder-column-0 fusion_builder_column_2_3 2_3 fusion-flex-column\" style=\"--awb-bg-size:cover;--awb-width-large:66.666666666667%;--awb-margin-top-large:0px;--awb-spacing-right-large:2.88%;--awb-margin-bottom-large:20px;--awb-spacing-left-large:2.88%;--awb-width-medium:100%;--awb-order-medium:0;--awb-spacing-right-medium:1.92%;--awb-spacing-left-medium:1.92%;--awb-width-small:100%;--awb-order-small:0;--awb-spacing-right-small:1.92%;--awb-spacing-left-small:1.92%;\"><div class=\"fusion-column-wrapper fusion-column-has-shadow fusion-flex-justify-content-flex-start fusion-content-layout-column\"><div class=\"fusion-text fusion-text-1\" style=\"--awb-text-transform:none;\"><p>Las comunidades de Miramar, Villa Colombia, La coquera y el Palmar han organizado la primera edici\u00f3n de la fiesta del Gu\u00e1imaro en Ovejas con el apoyo de Envol Vert. Medell\u00edn, nueva comunidad en el proyecto fue invitada y particip\u00f3 con logro en todas las actividades. Los organizadores quer\u00edan compartir sus conocimientos adquiridos sobre el gu\u00e1imaro con respecto a sus cualidades nutritivas, a sus diferentes usos, a sus m\u00faltiples servicios medio ambientales y\u00a0 la importancia de su preservaci\u00f3n en la zona.<\/p>\n<p>La fiesta empez\u00f3 con un conversatorio sobre el proyecto y la plaza central del gu\u00e1imaro. Fueron abordado los temas de preservaci\u00f3n del medio ambiente y de desarrollo de las alternativas econ\u00f3micas, presentando la harina de gu\u00e1imaro elaborada en Ovejas por los participantes. Este periodo de intercambio permiti\u00f3 a los invitados descubrir el trabajo de las comunidades y la riqueza del \u00e1rbol del gu\u00e1imaro.<\/p>\n<p>Mas adelante empez\u00f3 el concurso de receta seguida con una degustaci\u00f3n de varios productos de gu\u00e1imaro &#8211; \u00a1la mejor parte para los amantes de la comida! Los jurados probaron los dulces de gu\u00e1imaro preparados por los 5 viveros, todos deliciosos y muy originales. Eligieron al dulce de La Coquera elaborado con gu\u00e1imaro y orejero, dos frutos del bosque. Los invitados pudieron degustar t\u00e9, pasteles, dulces, bu\u00f1uelos, bollos &#8211; todos a base de gu\u00e1imaro.<\/p>\n<p>Juegos, exposici\u00f3n de dibujos y momentos de entretenimiento fueron organizados para incluir a los ni\u00f1os en la fiesta. Los ni\u00f1os participaron tambi\u00e9n en el concurso de traje t\u00edpico alusivo al gu\u00e1imaro y fabricado con materiales reciclables. Cada vivero pudo exprimir su creatividad e ingeniosidad impresionando a los jurados y a los invitados. La fiesta se acab\u00f3 con un cierre musical t\u00edpico de Ovejas, un concierto de gaita.<\/p>\n<p>Este evento se realiz\u00f3 con logro y ha permitido a la comunidad fortalecerse y compartir sus conocimientos.<\/p>\n<\/div><\/div><\/div><div class=\"fusion-layout-column fusion_builder_column fusion-builder-column-1 fusion_builder_column_1_3 1_3 fusion-flex-column\" style=\"--awb-bg-size:cover;--awb-width-large:33.333333333333%;--awb-margin-top-large:0px;--awb-spacing-right-large:5.76%;--awb-margin-bottom-large:20px;--awb-spacing-left-large:5.76%;--awb-width-medium:100%;--awb-order-medium:0;--awb-spacing-right-medium:1.92%;--awb-spacing-left-medium:1.92%;--awb-width-small:100%;--awb-order-small:0;--awb-spacing-right-small:1.92%;--awb-spacing-left-small:1.92%;\"><div class=\"fusion-column-wrapper fusion-column-has-shadow fusion-flex-justify-content-flex-start fusion-content-layout-column\"><div class=\"awb-gallery-wrapper awb-gallery-wrapper-1 button-span-no\"><div style=\"margin:-5px;--awb-bordersize:0px;\" class=\"fusion-gallery fusion-gallery-container fusion-grid-1 fusion-columns-total-2 fusion-gallery-layout-masonry fusion-gallery-1\"><div class=\"fusion-grid-column fusion-gallery-column fusion-gallery-column-1 hover-type-none fusion-grid-sizer\"><\/div><div style=\"padding:5px;\" class=\"fusion-grid-column fusion-gallery-column fusion-gallery-column-1 hover-type-none fusion-element-grid\"><div class=\"fusion-gallery-image\"><a href=\"https:\/\/envol-vert.org\/wp-content\/uploads\/2021\/11\/Prog-FORET-SECHE_Ovejas-FiestadelGuaimaro_octubre2021\u00a9D.Ortiz-5.jpeg\" rel=\"noreferrer\" data-rel=\"iLightbox[gallery_image_1]\" class=\"fusion-lightbox\" target=\"_self\"><div style=\"background-image:url(https:\/\/envol-vert.org\/wp-content\/uploads\/2021\/11\/Prog-FORET-SECHE_Ovejas-FiestadelGuaimaro_octubre2021\u00a9D.Ortiz-5.jpeg);padding-top:calc((100% + 10px) * 0.8 - 5px);background-position:;\" class=\"fusion-masonry-element-container\"><img decoding=\"async\" src=\"https:\/\/envol-vert.org\/wp-content\/uploads\/2021\/11\/Prog-FORET-SECHE_Ovejas-FiestadelGuaimaro_octubre2021\u00a9D.Ortiz-5.jpeg\" width=\"1280\" height=\"855\" alt=\"\" title=\"[Prog FORET SECHE_Ovejas] FiestadelGuaimaro_octubre2021\u00a9D.Ortiz (5)\" aria-label=\"[Prog FORET SECHE_Ovejas] FiestadelGuaimaro_octubre2021\u00a9D.Ortiz (5)\" class=\"img-responsive wp-image-42505\" srcset=\"https:\/\/envol-vert.org\/wp-content\/uploads\/2021\/11\/Prog-FORET-SECHE_Ovejas-FiestadelGuaimaro_octubre2021\u00a9D.Ortiz-5-200x134.jpeg 200w, https:\/\/envol-vert.org\/wp-content\/uploads\/2021\/11\/Prog-FORET-SECHE_Ovejas-FiestadelGuaimaro_octubre2021\u00a9D.Ortiz-5-400x267.jpeg 400w, https:\/\/envol-vert.org\/wp-content\/uploads\/2021\/11\/Prog-FORET-SECHE_Ovejas-FiestadelGuaimaro_octubre2021\u00a9D.Ortiz-5-600x401.jpeg 600w, https:\/\/envol-vert.org\/wp-content\/uploads\/2021\/11\/Prog-FORET-SECHE_Ovejas-FiestadelGuaimaro_octubre2021\u00a9D.Ortiz-5-800x534.jpeg 800w, https:\/\/envol-vert.org\/wp-content\/uploads\/2021\/11\/Prog-FORET-SECHE_Ovejas-FiestadelGuaimaro_octubre2021\u00a9D.Ortiz-5-1200x802.jpeg 1200w, https:\/\/envol-vert.org\/wp-content\/uploads\/2021\/11\/Prog-FORET-SECHE_Ovejas-FiestadelGuaimaro_octubre2021\u00a9D.Ortiz-5.jpeg 1280w\" sizes=\"(min-width: 2200px) 100vw, (min-width: 640px) 1000px, \" \/><\/div><\/a><\/div><\/div><div style=\"padding:5px;\" class=\"fusion-grid-column fusion-gallery-column fusion-gallery-column-1 hover-type-none fusion-element-grid\"><div class=\"fusion-gallery-image\"><a href=\"https:\/\/envol-vert.org\/wp-content\/uploads\/2021\/11\/Prog-FORET-SECHE_Ovejas-FiestadelGuaimaro_octubre2021\u00a9D.Ortiz-6.jpeg\" rel=\"noreferrer\" data-rel=\"iLightbox[gallery_image_1]\" class=\"fusion-lightbox\" target=\"_self\"><div style=\"background-image:url(https:\/\/envol-vert.org\/wp-content\/uploads\/2021\/11\/Prog-FORET-SECHE_Ovejas-FiestadelGuaimaro_octubre2021\u00a9D.Ortiz-6.jpeg);padding-top:calc((100% + 10px) * 0.8 - 5px);background-position:;\" class=\"fusion-masonry-element-container\"><img decoding=\"async\" src=\"https:\/\/envol-vert.org\/wp-content\/uploads\/2021\/11\/Prog-FORET-SECHE_Ovejas-FiestadelGuaimaro_octubre2021\u00a9D.Ortiz-6.jpeg\" width=\"1280\" height=\"855\" alt=\"\" title=\"[Prog FORET SECHE_Ovejas] FiestadelGuaimaro_octubre2021\u00a9D.Ortiz (6)\" aria-label=\"[Prog FORET SECHE_Ovejas] FiestadelGuaimaro_octubre2021\u00a9D.Ortiz (6)\" class=\"img-responsive wp-image-42508\" srcset=\"https:\/\/envol-vert.org\/wp-content\/uploads\/2021\/11\/Prog-FORET-SECHE_Ovejas-FiestadelGuaimaro_octubre2021\u00a9D.Ortiz-6-200x134.jpeg 200w, https:\/\/envol-vert.org\/wp-content\/uploads\/2021\/11\/Prog-FORET-SECHE_Ovejas-FiestadelGuaimaro_octubre2021\u00a9D.Ortiz-6-400x267.jpeg 400w, https:\/\/envol-vert.org\/wp-content\/uploads\/2021\/11\/Prog-FORET-SECHE_Ovejas-FiestadelGuaimaro_octubre2021\u00a9D.Ortiz-6-600x401.jpeg 600w, https:\/\/envol-vert.org\/wp-content\/uploads\/2021\/11\/Prog-FORET-SECHE_Ovejas-FiestadelGuaimaro_octubre2021\u00a9D.Ortiz-6-800x534.jpeg 800w, https:\/\/envol-vert.org\/wp-content\/uploads\/2021\/11\/Prog-FORET-SECHE_Ovejas-FiestadelGuaimaro_octubre2021\u00a9D.Ortiz-6-1200x802.jpeg 1200w, https:\/\/envol-vert.org\/wp-content\/uploads\/2021\/11\/Prog-FORET-SECHE_Ovejas-FiestadelGuaimaro_octubre2021\u00a9D.Ortiz-6.jpeg 1280w\" sizes=\"(min-width: 2200px) 100vw, (min-width: 640px) 1000px, \" \/><\/div><\/a><\/div><\/div><\/div><\/div><\/div><\/div><\/div><\/div>\n","protected":false},"excerpt":{"rendered":"","protected":false},"featured_media":42504,"template":"","fils_d_actu_categ":[1656,1653],"class_list":["post-42518","fil_d_actu","type-fil_d_actu","status-publish","has-post-thumbnail","hentry","fils_d_actu_categ-actualidades-generales","fils_d_actu_categ-programa-de-preservacion-de-los-bosques-secos"],"yoast_head":"<!-- This site is optimized with the Yoast SEO plugin v28.3 - https:\/\/yoast.com\/product\/yoast-seo-wordpress\/ -->\n<title>\u00a11era edici\u00f3n de la fiesta del Gu\u00e1imaro en Ovejas! - Envol Vert<\/title>\n<meta name=\"description\" content=\"Las comunidades han organizado la primera edici\u00f3n de la fiesta del Gu\u00e1imaro en Ovejas con el apoyo de Envol Vert.\" \/>\n<meta name=\"robots\" content=\"index, follow, max-snippet:-1, max-image-preview:large, max-video-preview:-1\" \/>\n<link rel=\"canonical\" href=\"https:\/\/envol-vert.org\/es\/act\/1era-edicion-de-la-fiesta-del-guaimaro-en-ovejas\/\" \/>\n<meta property=\"og:locale\" content=\"es_ES\" \/>\n<meta property=\"og:type\" content=\"article\" \/>\n<meta property=\"og:title\" content=\"\u00a11era edici\u00f3n de la fiesta del Gu\u00e1imaro en Ovejas! - Envol Vert\" \/>\n<meta property=\"og:description\" content=\"Las comunidades han organizado la primera edici\u00f3n de la fiesta del Gu\u00e1imaro en Ovejas con el apoyo de Envol Vert.\" \/>\n<meta property=\"og:url\" content=\"https:\/\/envol-vert.org\/es\/act\/1era-edicion-de-la-fiesta-del-guaimaro-en-ovejas\/\" \/>\n<meta property=\"og:site_name\" content=\"Envol Vert\" \/>\n<meta property=\"article:publisher\" content=\"https:\/\/www.facebook.com\/EnvolVertFrance\/\" \/>\n<meta property=\"article:modified_time\" content=\"2022-01-22T22:39:22+00:00\" \/>\n<meta property=\"og:image\" content=\"https:\/\/envol-vert.org\/wp-content\/uploads\/2021\/11\/Prog-FORET-SECHE_Ovejas-FiestadelGuaimaro_octubre2021\u00a9D.Ortiz-4.jpeg\" \/>\n\t<meta property=\"og:image:width\" content=\"1280\" \/>\n\t<meta property=\"og:image:height\" content=\"855\" \/>\n\t<meta property=\"og:image:type\" content=\"image\/jpeg\" \/>\n<meta name=\"twitter:card\" content=\"summary_large_image\" \/>\n<meta name=\"twitter:site\" content=\"@Envolvert\" \/>\n<meta name=\"twitter:label1\" content=\"Tiempo de lectura\" \/>\n\t<meta name=\"twitter:data1\" content=\"3 minutes\" \/>\n<script type=\"application\/ld+json\" class=\"yoast-schema-graph\">{\"@context\":\"https:\\\/\\\/schema.org\",\"@graph\":[{\"@type\":\"WebPage\",\"@id\":\"https:\\\/\\\/envol-vert.org\\\/es\\\/act\\\/1era-edicion-de-la-fiesta-del-guaimaro-en-ovejas\\\/\",\"url\":\"https:\\\/\\\/envol-vert.org\\\/es\\\/act\\\/1era-edicion-de-la-fiesta-del-guaimaro-en-ovejas\\\/\",\"name\":\"\u00a11era edici\u00f3n de la fiesta del Gu\u00e1imaro en Ovejas! - Envol Vert\",\"isPartOf\":{\"@id\":\"https:\\\/\\\/envol-vert.org\\\/es\\\/#website\"},\"primaryImageOfPage\":{\"@id\":\"https:\\\/\\\/envol-vert.org\\\/es\\\/act\\\/1era-edicion-de-la-fiesta-del-guaimaro-en-ovejas\\\/#primaryimage\"},\"image\":{\"@id\":\"https:\\\/\\\/envol-vert.org\\\/es\\\/act\\\/1era-edicion-de-la-fiesta-del-guaimaro-en-ovejas\\\/#primaryimage\"},\"thumbnailUrl\":\"https:\\\/\\\/envol-vert.org\\\/wp-content\\\/uploads\\\/2021\\\/11\\\/Prog-FORET-SECHE_Ovejas-FiestadelGuaimaro_octubre2021\u00a9D.Ortiz-4.jpeg\",\"datePublished\":\"2021-11-12T20:20:57+00:00\",\"dateModified\":\"2022-01-22T22:39:22+00:00\",\"description\":\"Las comunidades han organizado la primera edici\u00f3n de la fiesta del Gu\u00e1imaro en Ovejas con el apoyo de Envol Vert.\",\"breadcrumb\":{\"@id\":\"https:\\\/\\\/envol-vert.org\\\/es\\\/act\\\/1era-edicion-de-la-fiesta-del-guaimaro-en-ovejas\\\/#breadcrumb\"},\"inLanguage\":\"es-ES\",\"potentialAction\":[{\"@type\":\"ReadAction\",\"target\":[\"https:\\\/\\\/envol-vert.org\\\/es\\\/act\\\/1era-edicion-de-la-fiesta-del-guaimaro-en-ovejas\\\/\"]}]},{\"@type\":\"ImageObject\",\"inLanguage\":\"es-ES\",\"@id\":\"https:\\\/\\\/envol-vert.org\\\/es\\\/act\\\/1era-edicion-de-la-fiesta-del-guaimaro-en-ovejas\\\/#primaryimage\",\"url\":\"https:\\\/\\\/envol-vert.org\\\/wp-content\\\/uploads\\\/2021\\\/11\\\/Prog-FORET-SECHE_Ovejas-FiestadelGuaimaro_octubre2021\u00a9D.Ortiz-4.jpeg\",\"contentUrl\":\"https:\\\/\\\/envol-vert.org\\\/wp-content\\\/uploads\\\/2021\\\/11\\\/Prog-FORET-SECHE_Ovejas-FiestadelGuaimaro_octubre2021\u00a9D.Ortiz-4.jpeg\",\"width\":1280,\"height\":855},{\"@type\":\"BreadcrumbList\",\"@id\":\"https:\\\/\\\/envol-vert.org\\\/es\\\/act\\\/1era-edicion-de-la-fiesta-del-guaimaro-en-ovejas\\\/#breadcrumb\",\"itemListElement\":[{\"@type\":\"ListItem\",\"position\":1,\"name\":\"Accueil\",\"item\":\"https:\\\/\\\/envol-vert.org\\\/es\\\/\"},{\"@type\":\"ListItem\",\"position\":2,\"name\":\"\u00a11era edici\u00f3n de la fiesta del Gu\u00e1imaro en Ovejas!\"}]},{\"@type\":\"WebSite\",\"@id\":\"https:\\\/\\\/envol-vert.org\\\/es\\\/#website\",\"url\":\"https:\\\/\\\/envol-vert.org\\\/es\\\/\",\"name\":\"Envol Vert\",\"description\":\"La for\u00eat nous rend service, rendons le lui.\",\"publisher\":{\"@id\":\"https:\\\/\\\/envol-vert.org\\\/es\\\/#organization\"},\"potentialAction\":[{\"@type\":\"SearchAction\",\"target\":{\"@type\":\"EntryPoint\",\"urlTemplate\":\"https:\\\/\\\/envol-vert.org\\\/es\\\/?s={search_term_string}\"},\"query-input\":{\"@type\":\"PropertyValueSpecification\",\"valueRequired\":true,\"valueName\":\"search_term_string\"}}],\"inLanguage\":\"es-ES\"},{\"@type\":\"Organization\",\"@id\":\"https:\\\/\\\/envol-vert.org\\\/es\\\/#organization\",\"name\":\"Envol Vert\",\"url\":\"https:\\\/\\\/envol-vert.org\\\/es\\\/\",\"logo\":{\"@type\":\"ImageObject\",\"inLanguage\":\"es-ES\",\"@id\":\"https:\\\/\\\/envol-vert.org\\\/es\\\/#\\\/schema\\\/logo\\\/image\\\/\",\"url\":\"https:\\\/\\\/envol-vert.org\\\/wp-content\\\/uploads\\\/2021\\\/03\\\/Logo-icone-site.png\",\"contentUrl\":\"https:\\\/\\\/envol-vert.org\\\/wp-content\\\/uploads\\\/2021\\\/03\\\/Logo-icone-site.png\",\"width\":512,\"height\":512,\"caption\":\"Envol Vert\"},\"image\":{\"@id\":\"https:\\\/\\\/envol-vert.org\\\/es\\\/#\\\/schema\\\/logo\\\/image\\\/\"},\"sameAs\":[\"https:\\\/\\\/www.facebook.com\\\/EnvolVertFrance\\\/\",\"https:\\\/\\\/x.com\\\/Envolvert\",\"https:\\\/\\\/www.instagram.com\\\/envol_vert_france\\\/\",\"https:\\\/\\\/www.linkedin.com\\\/company\\\/envolvert\\\/\",\"https:\\\/\\\/www.youtube.com\\\/c\\\/EnvolVert\"]}]}<\/script>\n<!-- \/ Yoast SEO plugin. -->","yoast_head_json":{"title":"\u00a11era edici\u00f3n de la fiesta del Gu\u00e1imaro en Ovejas! - Envol Vert","description":"Las comunidades han organizado la primera edici\u00f3n de la fiesta del Gu\u00e1imaro en Ovejas con el apoyo de Envol Vert.","robots":{"index":"index","follow":"follow","max-snippet":"max-snippet:-1","max-image-preview":"max-image-preview:large","max-video-preview":"max-video-preview:-1"},"canonical":"https:\/\/envol-vert.org\/es\/act\/1era-edicion-de-la-fiesta-del-guaimaro-en-ovejas\/","og_locale":"es_ES","og_type":"article","og_title":"\u00a11era edici\u00f3n de la fiesta del Gu\u00e1imaro en Ovejas! - Envol Vert","og_description":"Las comunidades han organizado la primera edici\u00f3n de la fiesta del Gu\u00e1imaro en Ovejas con el apoyo de Envol Vert.","og_url":"https:\/\/envol-vert.org\/es\/act\/1era-edicion-de-la-fiesta-del-guaimaro-en-ovejas\/","og_site_name":"Envol Vert","article_publisher":"https:\/\/www.facebook.com\/EnvolVertFrance\/","article_modified_time":"2022-01-22T22:39:22+00:00","og_image":[{"width":1280,"height":855,"url":"https:\/\/envol-vert.org\/wp-content\/uploads\/2021\/11\/Prog-FORET-SECHE_Ovejas-FiestadelGuaimaro_octubre2021\u00a9D.Ortiz-4.jpeg","type":"image\/jpeg"}],"twitter_card":"summary_large_image","twitter_site":"@Envolvert","twitter_misc":{"Tiempo de lectura":"3 minutes"},"schema":{"@context":"https:\/\/schema.org","@graph":[{"@type":"WebPage","@id":"https:\/\/envol-vert.org\/es\/act\/1era-edicion-de-la-fiesta-del-guaimaro-en-ovejas\/","url":"https:\/\/envol-vert.org\/es\/act\/1era-edicion-de-la-fiesta-del-guaimaro-en-ovejas\/","name":"\u00a11era edici\u00f3n de la fiesta del Gu\u00e1imaro en Ovejas! - Envol Vert","isPartOf":{"@id":"https:\/\/envol-vert.org\/es\/#website"},"primaryImageOfPage":{"@id":"https:\/\/envol-vert.org\/es\/act\/1era-edicion-de-la-fiesta-del-guaimaro-en-ovejas\/#primaryimage"},"image":{"@id":"https:\/\/envol-vert.org\/es\/act\/1era-edicion-de-la-fiesta-del-guaimaro-en-ovejas\/#primaryimage"},"thumbnailUrl":"https:\/\/envol-vert.org\/wp-content\/uploads\/2021\/11\/Prog-FORET-SECHE_Ovejas-FiestadelGuaimaro_octubre2021\u00a9D.Ortiz-4.jpeg","datePublished":"2021-11-12T20:20:57+00:00","dateModified":"2022-01-22T22:39:22+00:00","description":"Las comunidades han organizado la primera edici\u00f3n de la fiesta del Gu\u00e1imaro en Ovejas con el apoyo de Envol Vert.","breadcrumb":{"@id":"https:\/\/envol-vert.org\/es\/act\/1era-edicion-de-la-fiesta-del-guaimaro-en-ovejas\/#breadcrumb"},"inLanguage":"es-ES","potentialAction":[{"@type":"ReadAction","target":["https:\/\/envol-vert.org\/es\/act\/1era-edicion-de-la-fiesta-del-guaimaro-en-ovejas\/"]}]},{"@type":"ImageObject","inLanguage":"es-ES","@id":"https:\/\/envol-vert.org\/es\/act\/1era-edicion-de-la-fiesta-del-guaimaro-en-ovejas\/#primaryimage","url":"https:\/\/envol-vert.org\/wp-content\/uploads\/2021\/11\/Prog-FORET-SECHE_Ovejas-FiestadelGuaimaro_octubre2021\u00a9D.Ortiz-4.jpeg","contentUrl":"https:\/\/envol-vert.org\/wp-content\/uploads\/2021\/11\/Prog-FORET-SECHE_Ovejas-FiestadelGuaimaro_octubre2021\u00a9D.Ortiz-4.jpeg","width":1280,"height":855},{"@type":"BreadcrumbList","@id":"https:\/\/envol-vert.org\/es\/act\/1era-edicion-de-la-fiesta-del-guaimaro-en-ovejas\/#breadcrumb","itemListElement":[{"@type":"ListItem","position":1,"name":"Accueil","item":"https:\/\/envol-vert.org\/es\/"},{"@type":"ListItem","position":2,"name":"\u00a11era edici\u00f3n de la fiesta del Gu\u00e1imaro en Ovejas!"}]},{"@type":"WebSite","@id":"https:\/\/envol-vert.org\/es\/#website","url":"https:\/\/envol-vert.org\/es\/","name":"Envol Vert","description":"La for\u00eat nous rend service, rendons le lui.","publisher":{"@id":"https:\/\/envol-vert.org\/es\/#organization"},"potentialAction":[{"@type":"SearchAction","target":{"@type":"EntryPoint","urlTemplate":"https:\/\/envol-vert.org\/es\/?s={search_term_string}"},"query-input":{"@type":"PropertyValueSpecification","valueRequired":true,"valueName":"search_term_string"}}],"inLanguage":"es-ES"},{"@type":"Organization","@id":"https:\/\/envol-vert.org\/es\/#organization","name":"Envol Vert","url":"https:\/\/envol-vert.org\/es\/","logo":{"@type":"ImageObject","inLanguage":"es-ES","@id":"https:\/\/envol-vert.org\/es\/#\/schema\/logo\/image\/","url":"https:\/\/envol-vert.org\/wp-content\/uploads\/2021\/03\/Logo-icone-site.png","contentUrl":"https:\/\/envol-vert.org\/wp-content\/uploads\/2021\/03\/Logo-icone-site.png","width":512,"height":512,"caption":"Envol Vert"},"image":{"@id":"https:\/\/envol-vert.org\/es\/#\/schema\/logo\/image\/"},"sameAs":["https:\/\/www.facebook.com\/EnvolVertFrance\/","https:\/\/x.com\/Envolvert","https:\/\/www.instagram.com\/envol_vert_france\/","https:\/\/www.linkedin.com\/company\/envolvert\/","https:\/\/www.youtube.com\/c\/EnvolVert"]}]}},"_links":{"self":[{"href":"https:\/\/envol-vert.org\/es\/wp-json\/wp\/v2\/fil_d_actu\/42518","targetHints":{"allow":["GET"]}}],"collection":[{"href":"https:\/\/envol-vert.org\/es\/wp-json\/wp\/v2\/fil_d_actu"}],"about":[{"href":"https:\/\/envol-vert.org\/es\/wp-json\/wp\/v2\/types\/fil_d_actu"}],"version-history":[{"count":0,"href":"https:\/\/envol-vert.org\/es\/wp-json\/wp\/v2\/fil_d_actu\/42518\/revisions"}],"wp:featuredmedia":[{"embeddable":true,"href":"https:\/\/envol-vert.org\/es\/wp-json\/wp\/v2\/media\/42504"}],"wp:attachment":[{"href":"https:\/\/envol-vert.org\/es\/wp-json\/wp\/v2\/media?parent=42518"}],"wp:term":[{"taxonomy":"fils_d_actu_categ","embeddable":true,"href":"https:\/\/envol-vert.org\/es\/wp-json\/wp\/v2\/fils_d_actu_categ?post=42518"}],"curies":[{"name":"wp","href":"https:\/\/api.w.org\/{rel}","templated":true}]}}