{"id":43426,"date":"2022-02-22T01:15:38","date_gmt":"2022-02-21T23:15:38","guid":{"rendered":"https:\/\/envol-vert.org\/?post_type=fil_d_actu&#038;p=43426"},"modified":"2022-02-26T01:22:38","modified_gmt":"2022-02-25T23:22:38","slug":"la-conservacion-privada-en-la-selva-central-peruana","status":"publish","type":"fil_d_actu","link":"https:\/\/envol-vert.org\/es\/act\/la-conservacion-privada-en-la-selva-central-peruana\/","title":{"rendered":"La conservaci\u00f3n privada en la selva central peruana"},"content":{"rendered":"<div class=\"fusion-fullwidth fullwidth-box fusion-builder-row-1 fusion-flex-container nonhundred-percent-fullwidth non-hundred-percent-height-scrolling\" style=\"--awb-border-radius-top-left:0px;--awb-border-radius-top-right:0px;--awb-border-radius-bottom-right:0px;--awb-border-radius-bottom-left:0px;--awb-flex-wrap:wrap;\" ><div class=\"fusion-builder-row fusion-row fusion-flex-align-items-flex-start fusion-flex-content-wrap\" style=\"max-width:1040px;margin-left: calc(-4% \/ 2 );margin-right: calc(-4% \/ 2 );\"><div class=\"fusion-layout-column fusion_builder_column fusion-builder-column-0 fusion_builder_column_1_1 1_1 fusion-flex-column\" style=\"--awb-bg-size:cover;--awb-width-large:100%;--awb-margin-top-large:0px;--awb-spacing-right-large:1.92%;--awb-margin-bottom-large:20px;--awb-spacing-left-large:1.92%;--awb-width-medium:100%;--awb-order-medium:0;--awb-spacing-right-medium:1.92%;--awb-spacing-left-medium:1.92%;--awb-width-small:100%;--awb-order-small:0;--awb-spacing-right-small:1.92%;--awb-spacing-left-small:1.92%;\"><div class=\"fusion-column-wrapper fusion-column-has-shadow fusion-flex-justify-content-flex-start fusion-content-layout-column\"><div class=\"fusion-text fusion-text-1\" style=\"--awb-text-transform:none;\"><p><span style=\"font-weight: 400;\">En enero del 2022, 15 agricultores del proyecto de Pichanaki, participaron de una pasant\u00eda sobre \u00abIniciativas de Conservaci\u00f3n Privada y Voluntaria\u00bb. Esta actividad tuvo como objetivo conocer las formas de conservaci\u00f3n de bosques, desarrolladas de forma voluntaria y privada, es decir, en predios privados: las Areas de Conservaci\u00f3n Privadas (ACP).<\/span><\/p>\n<p><span style=\"font-weight: 400;\">Visitamos 3 Iniciativas de conservaci\u00f3n voluntarias, de las 10 que forman parte de la Red de Iniciativas de \u00c1reas de Conservaci\u00f3n de Oxapampa RIACO, y que tiene entre sus objetivos:<\/span><\/p>\n<\/div><ul style=\"--awb-iconcolor:#ea773d;--awb-line-height:23.8px;--awb-icon-width:23.8px;--awb-icon-height:23.8px;--awb-icon-margin:9.8px;--awb-content-margin:33.6px;\" class=\"fusion-checklist fusion-checklist-1 fusion-checklist-default type-icons\"><li class=\"fusion-li-item\" style=\"\"><span class=\"icon-wrapper circle-no\"><i class=\"fusion-li-icon fa-angle-right fas\" aria-hidden=\"true\"><\/i><\/span><div class=\"fusion-li-item-content\">\n<p><span style=\"font-weight: 400;\">Conservar los bosques montanos de las amenazas presentes y potenciales<\/span><\/p>\n<\/div><\/li><li class=\"fusion-li-item\" style=\"\"><span class=\"icon-wrapper circle-no\"><i class=\"fusion-li-icon fa-angle-right fas\" aria-hidden=\"true\"><\/i><\/span><div class=\"fusion-li-item-content\">\n<p><span style=\"font-weight: 400;\">Asegurar los servicios y bienestar que estos bosques nos brindan<\/span><\/p>\n<\/div><\/li><\/ul><div class=\"fusion-separator fusion-full-width-sep\" style=\"align-self: center;margin-left: auto;margin-right: auto;margin-bottom:3%;width:100%;\"><div class=\"fusion-separator-border sep-single sep-solid\" style=\"--awb-height:20px;--awb-amount:20px;--awb-sep-color:rgba(224,222,222,0);border-color:rgba(224,222,222,0);border-top-width:1px;\"><\/div><\/div><div class=\"fusion-text fusion-text-2\" style=\"--awb-text-transform:none;\"><p><span style=\"font-weight: 400;\">Las tres iniciativas de conservaci\u00f3n que conocimos fueron:<\/span><\/p>\n<\/div><\/div><\/div><div class=\"fusion-layout-column fusion_builder_column fusion-builder-column-1 fusion_builder_column_1_2 1_2 fusion-flex-column\" style=\"--awb-bg-size:cover;--awb-width-large:50%;--awb-margin-top-large:0px;--awb-spacing-right-large:3.84%;--awb-margin-bottom-large:20px;--awb-spacing-left-large:3.84%;--awb-width-medium:100%;--awb-order-medium:0;--awb-spacing-right-medium:1.92%;--awb-spacing-left-medium:1.92%;--awb-width-small:100%;--awb-order-small:0;--awb-spacing-right-small:1.92%;--awb-spacing-left-small:1.92%;\"><div class=\"fusion-column-wrapper fusion-column-has-shadow fusion-flex-justify-content-flex-start fusion-content-layout-column\"><div class=\"fusion-image-element \" style=\"--awb-caption-title-font-family:var(--h2_typography-font-family);--awb-caption-title-font-weight:var(--h2_typography-font-weight);--awb-caption-title-font-style:var(--h2_typography-font-style);--awb-caption-title-size:var(--h2_typography-font-size);--awb-caption-title-transform:var(--h2_typography-text-transform);--awb-caption-title-line-height:var(--h2_typography-line-height);--awb-caption-title-letter-spacing:var(--h2_typography-letter-spacing);\"><span class=\" fusion-imageframe imageframe-none imageframe-1 hover-type-none\"><img decoding=\"async\" width=\"533\" height=\"400\" title=\"[AGROFOCAFE]bio construcci\u00f3n_enero2022_M. correia\" src=\"https:\/\/envol-vert.org\/wp-content\/uploads\/2022\/02\/AGROFOCAFEbio-construccion_enero2022_M.-correia-533x400.jpg\" alt class=\"img-responsive wp-image-43406\" srcset=\"https:\/\/envol-vert.org\/wp-content\/uploads\/2022\/02\/AGROFOCAFEbio-construccion_enero2022_M.-correia-200x150.jpg 200w, https:\/\/envol-vert.org\/wp-content\/uploads\/2022\/02\/AGROFOCAFEbio-construccion_enero2022_M.-correia-400x300.jpg 400w, https:\/\/envol-vert.org\/wp-content\/uploads\/2022\/02\/AGROFOCAFEbio-construccion_enero2022_M.-correia-600x450.jpg 600w, https:\/\/envol-vert.org\/wp-content\/uploads\/2022\/02\/AGROFOCAFEbio-construccion_enero2022_M.-correia.jpg 800w\" sizes=\"(max-width: 1024px) 100vw, (max-width: 640px) 100vw, 600px\" \/><\/span><\/div><\/div><\/div><div class=\"fusion-layout-column fusion_builder_column fusion-builder-column-2 fusion_builder_column_1_2 1_2 fusion-flex-column\" style=\"--awb-bg-size:cover;--awb-width-large:50%;--awb-margin-top-large:0px;--awb-spacing-right-large:3.84%;--awb-margin-bottom-large:20px;--awb-spacing-left-large:3.84%;--awb-width-medium:100%;--awb-order-medium:0;--awb-spacing-right-medium:1.92%;--awb-spacing-left-medium:1.92%;--awb-width-small:100%;--awb-order-small:0;--awb-spacing-right-small:1.92%;--awb-spacing-left-small:1.92%;\"><div class=\"fusion-column-wrapper fusion-column-has-shadow fusion-flex-justify-content-flex-start fusion-content-layout-column\"><div class=\"fusion-title title fusion-title-1 fusion-title-text fusion-title-size-four\" style=\"--awb-margin-top-small:0px;--awb-margin-right-small:0px;--awb-margin-bottom-small:0px;--awb-margin-left-small:0px;\"><div class=\"title-sep-container title-sep-container-left fusion-no-large-visibility fusion-no-medium-visibility fusion-no-small-visibility\"><div class=\"title-sep sep-single sep-solid\" style=\"border-color:#e0dede;\"><\/div><\/div><span class=\"awb-title-spacer fusion-no-large-visibility fusion-no-medium-visibility fusion-no-small-visibility\"><\/span><h4 class=\"fusion-title-heading title-heading-left fusion-responsive-typography-calculated\" style=\"margin:0;--fontSize:16.8;--minFontSize:16.8;line-height:1.29;\"><em>Tierra de Bosques<\/em><\/h4><span class=\"awb-title-spacer\"><\/span><div class=\"title-sep-container title-sep-container-right\"><div class=\"title-sep sep-single sep-solid\" style=\"border-color:#e0dede;\"><\/div><\/div><\/div><div class=\"fusion-text fusion-text-3\" style=\"--awb-text-transform:none;\"><p><span style=\"font-weight: 400;\">liderada por Luc\u00eda y Marcos, cuentan con 46 hect\u00e1reas, de las cuales, 30 corresponden a bosque en pie. donde aprovechan los recursos del bosque al mismo tiempo que lo protegen y rehabilitan a trav\u00e9s de t\u00e9cnicas como <a href=\"https:\/\/www.agriculturaregenerativa.es\/\" target=\"_blank\" rel=\"noopener\"><strong>agricultura regenerativa<\/strong><\/a> y <strong>bioconstrucci\u00f3n<\/strong>, en esta \u00faltima, utilizan elementos de la naturaleza como arcilla, madera, viruta y otros residuos org\u00e1nicos para la construcci\u00f3n de las viviendas, este tipo de construcciones reducen el impacto en el paisaje natural. Durante el recorrido, Marcos nos record\u00f3 la importancia de mantener las cumbres cubiertas de bosques para permitir la captaci\u00f3n de las aguas de neblina y de la lluvia, y as\u00ed alimentar los ojos de agua en zonas m\u00e1s bajas.<\/span><\/p>\n<\/div><\/div><\/div><div class=\"fusion-layout-column fusion_builder_column fusion-builder-column-3 fusion_builder_column_1_1 1_1 fusion-flex-column\" style=\"--awb-bg-size:cover;--awb-width-large:100%;--awb-margin-top-large:0px;--awb-spacing-right-large:1.92%;--awb-margin-bottom-large:20px;--awb-spacing-left-large:1.92%;--awb-width-medium:100%;--awb-order-medium:0;--awb-spacing-right-medium:1.92%;--awb-spacing-left-medium:1.92%;--awb-width-small:100%;--awb-order-small:0;--awb-spacing-right-small:1.92%;--awb-spacing-left-small:1.92%;\"><div class=\"fusion-column-wrapper fusion-column-has-shadow fusion-flex-justify-content-flex-start fusion-content-layout-column\"><div class=\"fusion-separator fusion-full-width-sep\" style=\"align-self: center;margin-left: auto;margin-right: auto;margin-bottom:2%;width:100%;\"><div class=\"fusion-separator-border sep-single sep-solid\" style=\"--awb-height:20px;--awb-amount:20px;--awb-sep-color:rgba(224,222,222,0);border-color:rgba(224,222,222,0);border-top-width:1px;\"><\/div><\/div><\/div><\/div><div class=\"fusion-layout-column fusion_builder_column fusion-builder-column-4 fusion_builder_column_1_2 1_2 fusion-flex-column\" style=\"--awb-bg-size:cover;--awb-width-large:50%;--awb-margin-top-large:0px;--awb-spacing-right-large:3.84%;--awb-margin-bottom-large:20px;--awb-spacing-left-large:3.84%;--awb-width-medium:100%;--awb-order-medium:0;--awb-spacing-right-medium:1.92%;--awb-spacing-left-medium:1.92%;--awb-width-small:100%;--awb-order-small:0;--awb-spacing-right-small:1.92%;--awb-spacing-left-small:1.92%;\"><div class=\"fusion-column-wrapper fusion-column-has-shadow fusion-flex-justify-content-flex-start fusion-content-layout-column\"><div class=\"fusion-title title fusion-title-2 fusion-title-text fusion-title-size-four\" style=\"--awb-margin-top-small:0px;--awb-margin-right-small:0px;--awb-margin-bottom-small:0px;--awb-margin-left-small:0px;\"><div class=\"title-sep-container title-sep-container-left fusion-no-large-visibility fusion-no-medium-visibility fusion-no-small-visibility\"><div class=\"title-sep sep-single sep-solid\" style=\"border-color:#e0dede;\"><\/div><\/div><span class=\"awb-title-spacer fusion-no-large-visibility fusion-no-medium-visibility fusion-no-small-visibility\"><\/span><h4 class=\"fusion-title-heading title-heading-left fusion-responsive-typography-calculated\" style=\"margin:0;--fontSize:16.8;--minFontSize:16.8;line-height:1.29;\"><em>Bosques de Churumaz\u00fa<\/em><\/h4><span class=\"awb-title-spacer\"><\/span><div class=\"title-sep-container title-sep-container-right\"><div class=\"title-sep sep-single sep-solid\" style=\"border-color:#e0dede;\"><\/div><\/div><\/div><div class=\"fusion-text fusion-text-4\" style=\"--awb-text-transform:none;\"><p><span style=\"font-weight: 400;\">Eduardo Jackson, titular de este ACP, nos introdujo al maravilloso bosque montano, 14 hect\u00e1reas son protegidas aqu\u00ed. Aqu\u00ed suele acoger personas aficionadas o especialistas en avistamiento e identificaci\u00f3n de aves, puesto que, solo en este espacio, se ha identificado 176 especies de aves, 6 de ellas, end\u00e9micas. Eduardo nos record\u00f3 la importancia de las aves en la conservaci\u00f3n y recuperaci\u00f3n de los bosques y agricultura, por sus funciones de polinizaci\u00f3n y dispersi\u00f3n de semillas. Aprendimos sobre su experiencia en la restauraci\u00f3n asistida de \u00e1reas degradadas por sobrepastoreo del ganado, donde trabaj\u00f3 con especies nativas remanentes de los bosques cercanos. Eduardo a trav\u00e9s de su ACP, contribuye a la conectividad del paisaje y h\u00e1bitat de varias especies de fauna, entre ellas el emblem\u00e1tico Oso de Anteojos. Tambi\u00e9n su bosque es h\u00e1bitat de especies de flora en peligro, como el <a href=\"https:\/\/envol-vert.org\/es\/act\/actividades-para-la-conservacion-de-una-especie-en-peligro-de-extincion-el-nogal-negro\/\">nogal negro<\/a>, bien conocido por los participantes.<\/span><\/p>\n<\/div><\/div><\/div><div class=\"fusion-layout-column fusion_builder_column fusion-builder-column-5 fusion_builder_column_1_2 1_2 fusion-flex-column\" style=\"--awb-bg-size:cover;--awb-width-large:50%;--awb-margin-top-large:0px;--awb-spacing-right-large:3.84%;--awb-margin-bottom-large:20px;--awb-spacing-left-large:3.84%;--awb-width-medium:100%;--awb-order-medium:0;--awb-spacing-right-medium:1.92%;--awb-spacing-left-medium:1.92%;--awb-width-small:100%;--awb-order-small:0;--awb-spacing-right-small:1.92%;--awb-spacing-left-small:1.92%;\"><div class=\"fusion-column-wrapper fusion-column-has-shadow fusion-flex-justify-content-flex-start fusion-content-layout-column\"><div class=\"fusion-image-element \" style=\"--awb-caption-title-font-family:var(--h2_typography-font-family);--awb-caption-title-font-weight:var(--h2_typography-font-weight);--awb-caption-title-font-style:var(--h2_typography-font-style);--awb-caption-title-size:var(--h2_typography-font-size);--awb-caption-title-transform:var(--h2_typography-text-transform);--awb-caption-title-line-height:var(--h2_typography-line-height);--awb-caption-title-letter-spacing:var(--h2_typography-letter-spacing);\"><span class=\" fusion-imageframe imageframe-none imageframe-2 hover-type-none\"><img decoding=\"async\" width=\"533\" height=\"400\" title=\"[AGROFOCAFE]contemplando el bosque_enero2022_M. Correia\" src=\"https:\/\/envol-vert.org\/wp-content\/uploads\/2022\/02\/AGROFOCAFEcontemplando-el-bosque_enero2022_M.-Correia-533x400.jpg\" alt class=\"img-responsive wp-image-43415\" srcset=\"https:\/\/envol-vert.org\/wp-content\/uploads\/2022\/02\/AGROFOCAFEcontemplando-el-bosque_enero2022_M.-Correia-200x150.jpg 200w, https:\/\/envol-vert.org\/wp-content\/uploads\/2022\/02\/AGROFOCAFEcontemplando-el-bosque_enero2022_M.-Correia-400x300.jpg 400w, https:\/\/envol-vert.org\/wp-content\/uploads\/2022\/02\/AGROFOCAFEcontemplando-el-bosque_enero2022_M.-Correia-600x450.jpg 600w, https:\/\/envol-vert.org\/wp-content\/uploads\/2022\/02\/AGROFOCAFEcontemplando-el-bosque_enero2022_M.-Correia.jpg 800w\" sizes=\"(max-width: 1024px) 100vw, (max-width: 640px) 100vw, 600px\" \/><\/span><\/div><\/div><\/div><div class=\"fusion-layout-column fusion_builder_column fusion-builder-column-6 fusion_builder_column_1_1 1_1 fusion-flex-column\" style=\"--awb-bg-size:cover;--awb-width-large:100%;--awb-margin-top-large:0px;--awb-spacing-right-large:1.92%;--awb-margin-bottom-large:20px;--awb-spacing-left-large:1.92%;--awb-width-medium:100%;--awb-order-medium:0;--awb-spacing-right-medium:1.92%;--awb-spacing-left-medium:1.92%;--awb-width-small:100%;--awb-order-small:0;--awb-spacing-right-small:1.92%;--awb-spacing-left-small:1.92%;\"><div class=\"fusion-column-wrapper fusion-column-has-shadow fusion-flex-justify-content-flex-start fusion-content-layout-column\"><div class=\"fusion-separator fusion-full-width-sep\" style=\"align-self: center;margin-left: auto;margin-right: auto;margin-bottom:2%;width:100%;\"><div class=\"fusion-separator-border sep-single sep-solid\" style=\"--awb-height:20px;--awb-amount:20px;--awb-sep-color:rgba(224,222,222,0);border-color:rgba(224,222,222,0);border-top-width:1px;\"><\/div><\/div><\/div><\/div><div class=\"fusion-layout-column fusion_builder_column fusion-builder-column-7 fusion_builder_column_1_2 1_2 fusion-flex-column\" style=\"--awb-bg-size:cover;--awb-width-large:50%;--awb-margin-top-large:0px;--awb-spacing-right-large:3.84%;--awb-margin-bottom-large:20px;--awb-spacing-left-large:3.84%;--awb-width-medium:100%;--awb-order-medium:0;--awb-spacing-right-medium:1.92%;--awb-spacing-left-medium:1.92%;--awb-width-small:100%;--awb-order-small:0;--awb-spacing-right-small:1.92%;--awb-spacing-left-small:1.92%;\"><div class=\"fusion-column-wrapper fusion-column-has-shadow fusion-flex-justify-content-flex-start fusion-content-layout-column\"><div class=\"fusion-image-element \" style=\"--awb-caption-title-font-family:var(--h2_typography-font-family);--awb-caption-title-font-weight:var(--h2_typography-font-weight);--awb-caption-title-font-style:var(--h2_typography-font-style);--awb-caption-title-size:var(--h2_typography-font-size);--awb-caption-title-transform:var(--h2_typography-text-transform);--awb-caption-title-line-height:var(--h2_typography-line-height);--awb-caption-title-letter-spacing:var(--h2_typography-letter-spacing);\"><span class=\" fusion-imageframe imageframe-none imageframe-3 hover-type-none\"><img decoding=\"async\" width=\"533\" height=\"400\" title=\"[AGROFOCAFE]Acp el palmeral_enero2022_M. correia\" src=\"https:\/\/envol-vert.org\/wp-content\/uploads\/2022\/02\/AGROFOCAFEAcp-el-palmeral_enero2022_M.-correia-533x400.jpg\" alt class=\"img-responsive wp-image-43421\" srcset=\"https:\/\/envol-vert.org\/wp-content\/uploads\/2022\/02\/AGROFOCAFEAcp-el-palmeral_enero2022_M.-correia-200x150.jpg 200w, https:\/\/envol-vert.org\/wp-content\/uploads\/2022\/02\/AGROFOCAFEAcp-el-palmeral_enero2022_M.-correia-400x300.jpg 400w, https:\/\/envol-vert.org\/wp-content\/uploads\/2022\/02\/AGROFOCAFEAcp-el-palmeral_enero2022_M.-correia-600x450.jpg 600w, https:\/\/envol-vert.org\/wp-content\/uploads\/2022\/02\/AGROFOCAFEAcp-el-palmeral_enero2022_M.-correia.jpg 800w\" sizes=\"(max-width: 1024px) 100vw, (max-width: 640px) 100vw, 600px\" \/><\/span><\/div><\/div><\/div><div class=\"fusion-layout-column fusion_builder_column fusion-builder-column-8 fusion_builder_column_1_2 1_2 fusion-flex-column\" style=\"--awb-bg-size:cover;--awb-width-large:50%;--awb-margin-top-large:0px;--awb-spacing-right-large:3.84%;--awb-margin-bottom-large:20px;--awb-spacing-left-large:3.84%;--awb-width-medium:100%;--awb-order-medium:0;--awb-spacing-right-medium:1.92%;--awb-spacing-left-medium:1.92%;--awb-width-small:100%;--awb-order-small:0;--awb-spacing-right-small:1.92%;--awb-spacing-left-small:1.92%;\"><div class=\"fusion-column-wrapper fusion-column-has-shadow fusion-flex-justify-content-flex-start fusion-content-layout-column\"><div class=\"fusion-title title fusion-title-3 fusion-title-text fusion-title-size-four\" style=\"--awb-margin-top-small:0px;--awb-margin-right-small:0px;--awb-margin-bottom-small:0px;--awb-margin-left-small:0px;\"><div class=\"title-sep-container title-sep-container-left fusion-no-large-visibility fusion-no-medium-visibility fusion-no-small-visibility\"><div class=\"title-sep sep-single sep-solid\" style=\"border-color:#e0dede;\"><\/div><\/div><span class=\"awb-title-spacer fusion-no-large-visibility fusion-no-medium-visibility fusion-no-small-visibility\"><\/span><h4 class=\"fusion-title-heading title-heading-left fusion-responsive-typography-calculated\" style=\"margin:0;--fontSize:16.8;--minFontSize:16.8;line-height:1.29;\"><em>El Palmeral<\/em><\/h4><span class=\"awb-title-spacer\"><\/span><div class=\"title-sep-container title-sep-container-right\"><div class=\"title-sep sep-single sep-solid\" style=\"border-color:#e0dede;\"><\/div><\/div><\/div><div class=\"fusion-text fusion-text-5\" style=\"--awb-text-transform:none;\"><p><span style=\"font-weight: 400;\">La iniciativa<\/span> est<span style=\"font-weight: 400;\">\u00e1<\/span> <span style=\"font-weight: 400;\">dirigida por Patricia Reyna, educadora y psicoterapeuta de profesi\u00f3n, y conservacionista de coraz\u00f3n. Patricia protege 10 hect\u00e1reas de bosques de neblina, contribuye a proteger la biodiversidad y especies amenazadas como la palmera Basanco (<em>Dictyocaryum lamarckianum<\/em>), el helecho arb\u00f3reo y 6 aves end\u00e9micas, al mismo tiempo que, conecta a las personas con la naturaleza y mejora sus condiciones de salud f\u00edsica y emocional, a trav\u00e9s de una t\u00e9cnica conocida como \u00ab<a href=\"https:\/\/www.lavanguardia.com\/natural\/20210520\/7445454\/que-son-banos-bosque-alargan-vida-brl.html\" target=\"_blank\" rel=\"noopener\">ba\u00f1os de bosque<\/a>\u00ab, servicio que brinda a sus visitantes y le permite generar ingresos econ\u00f3micos. Patricia es una mujer inteligente y guerrera de la conservaci\u00f3n, como muchas de las agricultoras con quienes trabajamos en Envol Vert.<\/span><\/p>\n<\/div><\/div><\/div><div class=\"fusion-layout-column fusion_builder_column fusion-builder-column-9 fusion_builder_column_1_1 1_1 fusion-flex-column\" style=\"--awb-bg-size:cover;--awb-width-large:100%;--awb-margin-top-large:0px;--awb-spacing-right-large:1.92%;--awb-margin-bottom-large:20px;--awb-spacing-left-large:1.92%;--awb-width-medium:100%;--awb-order-medium:0;--awb-spacing-right-medium:1.92%;--awb-spacing-left-medium:1.92%;--awb-width-small:100%;--awb-order-small:0;--awb-spacing-right-small:1.92%;--awb-spacing-left-small:1.92%;\"><div class=\"fusion-column-wrapper fusion-column-has-shadow fusion-flex-justify-content-flex-start fusion-content-layout-column\"><div class=\"fusion-separator fusion-full-width-sep\" style=\"align-self: center;margin-left: auto;margin-right: auto;margin-bottom:2%;width:100%;\"><div class=\"fusion-separator-border sep-single sep-solid\" style=\"--awb-height:20px;--awb-amount:20px;--awb-sep-color:rgba(224,222,222,0);border-color:rgba(224,222,222,0);border-top-width:1px;\"><\/div><\/div><div class=\"fusion-text fusion-text-6\" style=\"--awb-text-transform:none;\"><p><span style=\"font-weight: 400;\">Adem\u00e1s de las iniciativas individuales, las tres ACP visitadas desarrollan un proyecto conjunto, a trav\u00e9s de su Red, donde personas pueden apadrinar o adoptar \u00e1rboles en pie (o plantados) para su conservaci\u00f3n, generando ingresos a la Red. Una nueva forma de financiar la conservaci\u00f3n.<\/span><\/p>\n<p><span style=\"font-weight: 400;\">Los participantes de Envol Vert tambi\u00e9n compartieron con Eduardo, Marcos y Patricia algunos de sus conocimientos adquiridos en el campo de la agroforester\u00eda y conservaci\u00f3n. En conclusi\u00f3n, fue un d\u00eda lleno de aprendizajes y de intercambio de conocimientos y experiencias exitosas aliando recursos econ\u00f3micos, agricultura sostenible y conservaci\u00f3n del bosque y de su biodiversidad.<\/span><\/p>\n<\/div><\/div><\/div><\/div><\/div>\n","protected":false},"excerpt":{"rendered":"","protected":false},"featured_media":43410,"template":"","fils_d_actu_categ":[1656,1428],"class_list":["post-43426","fil_d_actu","type-fil_d_actu","status-publish","has-post-thumbnail","hentry","fils_d_actu_categ-actualidades-generales","fils_d_actu_categ-programa-cafe-cacao-agroforestales"],"_links":{"self":[{"href":"https:\/\/envol-vert.org\/es\/wp-json\/wp\/v2\/fil_d_actu\/43426","targetHints":{"allow":["GET"]}}],"collection":[{"href":"https:\/\/envol-vert.org\/es\/wp-json\/wp\/v2\/fil_d_actu"}],"about":[{"href":"https:\/\/envol-vert.org\/es\/wp-json\/wp\/v2\/types\/fil_d_actu"}],"version-history":[{"count":0,"href":"https:\/\/envol-vert.org\/es\/wp-json\/wp\/v2\/fil_d_actu\/43426\/revisions"}],"wp:featuredmedia":[{"embeddable":true,"href":"https:\/\/envol-vert.org\/es\/wp-json\/wp\/v2\/media\/43410"}],"wp:attachment":[{"href":"https:\/\/envol-vert.org\/es\/wp-json\/wp\/v2\/media?parent=43426"}],"wp:term":[{"taxonomy":"fils_d_actu_categ","embeddable":true,"href":"https:\/\/envol-vert.org\/es\/wp-json\/wp\/v2\/fils_d_actu_categ?post=43426"}],"curies":[{"name":"wp","href":"https:\/\/api.w.org\/{rel}","templated":true}]}}