{"id":43542,"date":"2022-03-30T23:06:50","date_gmt":"2022-03-30T21:06:50","guid":{"rendered":"https:\/\/envol-vert.org\/?post_type=fil_d_actu&#038;p=43542"},"modified":"2022-03-30T23:06:50","modified_gmt":"2022-03-30T21:06:50","slug":"seguimiento-del-proyecto-saf-3era-etapa","status":"publish","type":"fil_d_actu","link":"https:\/\/envol-vert.org\/es\/act\/seguimiento-del-proyecto-saf-3era-etapa\/","title":{"rendered":"Seguimiento del proyecto SAF (3era etapa)"},"content":{"rendered":"<div class=\"fusion-fullwidth fullwidth-box fusion-builder-row-1 fusion-flex-container nonhundred-percent-fullwidth non-hundred-percent-height-scrolling\" style=\"--awb-border-radius-top-left:0px;--awb-border-radius-top-right:0px;--awb-border-radius-bottom-right:0px;--awb-border-radius-bottom-left:0px;--awb-flex-wrap:wrap;\" ><div class=\"fusion-builder-row fusion-row fusion-flex-align-items-flex-start fusion-flex-content-wrap\" style=\"max-width:1040px;margin-left: calc(-4% \/ 2 );margin-right: calc(-4% \/ 2 );\"><div class=\"fusion-layout-column fusion_builder_column fusion-builder-column-0 fusion_builder_column_1_1 1_1 fusion-flex-column\" style=\"--awb-bg-size:cover;--awb-width-large:100%;--awb-margin-top-large:0px;--awb-spacing-right-large:1.92%;--awb-margin-bottom-large:20px;--awb-spacing-left-large:1.92%;--awb-width-medium:100%;--awb-order-medium:0;--awb-spacing-right-medium:1.92%;--awb-spacing-left-medium:1.92%;--awb-width-small:100%;--awb-order-small:0;--awb-spacing-right-small:1.92%;--awb-spacing-left-small:1.92%;\"><div class=\"fusion-column-wrapper fusion-column-has-shadow fusion-flex-justify-content-flex-start fusion-content-layout-column\"><div class=\"fusion-text fusion-text-1\" style=\"--awb-text-transform:none;\"><p><span style=\"font-weight: 400;\">Menos de dos meses despu\u00e9s de la etapa anterior del proyecto SAF, los paisajes de la Amazonia peruana estaban bien deformados por las lluvias torrenciales que cayeron. Es imposible llegar al pueblo a pie como antes, y ser\u00e1 necesario navegar por las carreteras inundadas en barco.<\/span><\/p>\n<p><span style=\"font-weight: 400;\">El 7 de marzo de 2022 se inici\u00f3 la tercera etapa del proyecto agroforestal con una veintena de habitantes del pueblo de Mahuizo y un invitado del pueblo de Nueva Florida. Un equipo de 5 personas de Envol Vert se impartieron los 6 d\u00edas de formaci\u00f3n entre capacitaci\u00f3n, trabajo de campo y diagn\u00f3sticos de parcelas.\u00a0<\/span><\/p>\n<p><span style=\"font-weight: 400;\">Se debatieron dos nuevos temas principales: <\/span><\/p>\n<\/div><ul style=\"--awb-iconcolor:#ea773d;--awb-line-height:23.8px;--awb-icon-width:23.8px;--awb-icon-height:23.8px;--awb-icon-margin:9.8px;--awb-content-margin:33.6px;\" class=\"fusion-checklist fusion-checklist-1 fusion-checklist-default type-icons\"><li class=\"fusion-li-item\" style=\"\"><span class=\"icon-wrapper circle-no\"><i class=\"fusion-li-icon fa-angle-right fas\" aria-hidden=\"true\"><\/i><\/span><div class=\"fusion-li-item-content\">\n<p><span style=\"font-weight: 400;\">El primero fue el de las <\/span><b>alternativas econ\u00f3micas<\/b><span style=\"font-weight: 400;\">. Se presentaron alternativas econ\u00f3micas para 2 productos del vivero: el primero, una <\/span><span style=\"font-weight: 400;\">mermelada de camu-camu<\/span><span style=\"font-weight: 400;\"> elaborada con los habitantes (con la esterilizaci\u00f3n de los recipientes); el segundo, el <\/span><span style=\"font-weight: 400;\">aguardiente<\/span><span style=\"font-weight: 400;\"> (bebida alcoh\u00f3lica) a base de ca\u00f1a a trav\u00e9s de un video de un productor local de Chazuta en la regi\u00f3n de San Mart\u00edn.<\/span><\/p>\n<\/div><\/li><li class=\"fusion-li-item\" style=\"\"><span class=\"icon-wrapper circle-no\"><i class=\"fusion-li-icon fa-angle-right fas\" aria-hidden=\"true\"><\/i><\/span><div class=\"fusion-li-item-content\">\n<p><span style=\"font-weight: 400;\">El segundo fue el <\/span><b>del injerto de c\u00edtrico<\/b><span style=\"font-weight: 400;\">s (m\u00e9todo de reproducci\u00f3n vegetativa). Este injerto consiste en implantar los tejidos de una planta (la yema), tomados de otra planta. El objetivo es que la planta contin\u00fae creciendo, uni\u00e9ndose a la primera y adoptando sus caracter\u00edsticas para ser m\u00e1s fuerte, m\u00e1s productiva y m\u00e1s duradera. La parte pr\u00e1ctica se realiz\u00f3 en las parcelas de los participantes para animar les a seguir practicando y conocer perfectamente la t\u00e9cnica para realizarla en el vivero.<\/span><\/p>\n<\/div><\/li><\/ul><div class=\"fusion-separator fusion-full-width-sep\" style=\"align-self: center;margin-left: auto;margin-right: auto;margin-top:3%;margin-bottom:3%;width:100%;\"><div class=\"fusion-separator-border sep-single sep-solid\" style=\"--awb-height:20px;--awb-amount:20px;--awb-sep-color:rgba(224,222,222,0);border-color:rgba(224,222,222,0);border-top-width:1px;\"><\/div><\/div><div class=\"fusion-text fusion-text-2\" style=\"--awb-text-transform:none;\"><p><span style=\"font-weight: 400;\">Paralelamente, no olvidemos las otras actividades igualmente importantes. <\/span><b>Diagn\u00f3stico de parcelas<\/b><span style=\"font-weight: 400;\">, que se hacen individualmente con cada agricultor en previsi\u00f3n de los dise\u00f1os de las parcelas (para elegir d\u00f3nde colocar cada planta).\u00a0<\/span><\/p>\n<p><span style=\"font-weight: 400;\">Adem\u00e1s, todo el trabajo de <\/span><b>organizaci\u00f3n en el vivero<\/b><span style=\"font-weight: 400;\"> (con la ayuda de los ni\u00f1os), lo que nos permiti\u00f3 hacer un balance de lo que funcion\u00f3 bien y lo que no funcion\u00f3 tan bien para identificar los errores y evitar volver a cometerlos.\u00a0<\/span><\/p>\n<p><span style=\"font-weight: 400;\">Por \u00faltimo, se realizaron cursos de <\/span><b>formaci\u00f3n sobre la compostera y los microorganismos<\/b><span style=\"font-weight: 400;\"> con un grupo siempre muy activo.\u00a0<\/span><\/p>\n<p><span style=\"font-weight: 400;\">Este es el final de un hermoso proyecto que concluir\u00e1 (en belleza) al final de abril&#8230; pero eso ser\u00e1 para un pr\u00f3ximo art\u00edculo sobre el proyecto SAF..<\/span><\/p>\n<\/div><\/div><\/div><\/div><\/div>\n","protected":false},"excerpt":{"rendered":"","protected":false},"featured_media":43536,"template":"","fils_d_actu_categ":[1390],"class_list":["post-43542","fil_d_actu","type-fil_d_actu","status-publish","has-post-thumbnail","hentry","fils_d_actu_categ-yanayacu-maquia-peru"],"_links":{"self":[{"href":"https:\/\/envol-vert.org\/es\/wp-json\/wp\/v2\/fil_d_actu\/43542","targetHints":{"allow":["GET"]}}],"collection":[{"href":"https:\/\/envol-vert.org\/es\/wp-json\/wp\/v2\/fil_d_actu"}],"about":[{"href":"https:\/\/envol-vert.org\/es\/wp-json\/wp\/v2\/types\/fil_d_actu"}],"version-history":[{"count":0,"href":"https:\/\/envol-vert.org\/es\/wp-json\/wp\/v2\/fil_d_actu\/43542\/revisions"}],"wp:featuredmedia":[{"embeddable":true,"href":"https:\/\/envol-vert.org\/es\/wp-json\/wp\/v2\/media\/43536"}],"wp:attachment":[{"href":"https:\/\/envol-vert.org\/es\/wp-json\/wp\/v2\/media?parent=43542"}],"wp:term":[{"taxonomy":"fils_d_actu_categ","embeddable":true,"href":"https:\/\/envol-vert.org\/es\/wp-json\/wp\/v2\/fils_d_actu_categ?post=43542"}],"curies":[{"name":"wp","href":"https:\/\/api.w.org\/{rel}","templated":true}]}}