{"id":43617,"date":"2022-02-25T19:13:29","date_gmt":"2022-02-25T17:13:29","guid":{"rendered":"https:\/\/envol-vert.org\/?post_type=fil_d_actu&#038;p=43617"},"modified":"2022-04-06T19:20:02","modified_gmt":"2022-04-06T17:20:02","slug":"la-importancia-de-los-sistemas-agroforestales-para-las-nuevas-generaciones","status":"publish","type":"fil_d_actu","link":"https:\/\/envol-vert.org\/es\/act\/la-importancia-de-los-sistemas-agroforestales-para-las-nuevas-generaciones\/","title":{"rendered":"La importancia de los sistemas agroforestales para las nuevas generaciones"},"content":{"rendered":"<div class=\"fusion-fullwidth fullwidth-box fusion-builder-row-1 fusion-flex-container nonhundred-percent-fullwidth non-hundred-percent-height-scrolling\" style=\"--awb-border-radius-top-left:0px;--awb-border-radius-top-right:0px;--awb-border-radius-bottom-right:0px;--awb-border-radius-bottom-left:0px;--awb-flex-wrap:wrap;\" ><div class=\"fusion-builder-row fusion-row fusion-flex-align-items-flex-start fusion-flex-content-wrap\" style=\"max-width:1040px;margin-left: calc(-4% \/ 2 );margin-right: calc(-4% \/ 2 );\"><div class=\"fusion-layout-column fusion_builder_column fusion-builder-column-0 fusion_builder_column_1_1 1_1 fusion-flex-column\" style=\"--awb-bg-size:cover;--awb-width-large:100%;--awb-margin-top-large:0px;--awb-spacing-right-large:1.92%;--awb-margin-bottom-large:20px;--awb-spacing-left-large:1.92%;--awb-width-medium:100%;--awb-order-medium:0;--awb-spacing-right-medium:1.92%;--awb-spacing-left-medium:1.92%;--awb-width-small:100%;--awb-order-small:0;--awb-spacing-right-small:1.92%;--awb-spacing-left-small:1.92%;\"><div class=\"fusion-column-wrapper fusion-column-has-shadow fusion-flex-justify-content-flex-start fusion-content-layout-column\"><div class=\"fusion-text fusion-text-1\" style=\"--awb-text-transform:none;\"><p>A mediados de febrero se realiz\u00f3 la primera pasant\u00eda del periodo 2022 del Programa Caf\u00e9 Pichanaki. El lugar elegido fue la parcela del Sr: V\u00edctor Macetas en Buena Vista (Pichanaki), y las comunidades de Piriari y Santa Rosa, ambas pertenecientes a Rio Tambo (Satipo), fueron participantes de este evento. El objetivo fue dar a conocer los beneficios de los sistemas agroforestales empleando especies nativas asociadas al caf\u00e9.<\/p>\n<p>La pasant\u00eda es una actividad ideal y complementaria para la formaci\u00f3n de nuestros participantes y aliados. Permite el intercambio de conocimientos y experiencias sobre un tema concreto, as\u00ed como incentiva la puesta en pr\u00e1ctica de conocimientos te\u00f3ricos. Para esta primera pasant\u00eda del a\u00f1o contamos con la presencia de Yoan Huamantinco como representante del equipo t\u00e9cnico de la Cooperativa Agraria Cafetalera Sostenible Valle Ubiriki, quien pudo aprender m\u00e1s sobre los sistemas agroforestales mediante cultivos de caf\u00e9 y podr\u00e1 compartir estos conocimientos con otros socios de la cooperativa aliada.<\/p>\n<p>En total se cont\u00f3 con 45 participantes que demostraron sus habilidades y conocimientos al reconocer la importancia de la implementaci\u00f3n de sistemas agroforestales mediante el empleo de especies nativas. Asimismo, 15 de los participantes fueron ni\u00f1os y j\u00f3venes que a pesar de su corta edad pudieron reconocer \u00e1rboles nativos y valorar sus beneficios. Estos j\u00f3venes forman parte de las semillas que va dejando Envol Vert Per\u00fa y que permitir\u00e1n la continuaci\u00f3n del Proyecto de Agroforester\u00eda con Caf\u00e9 y Conservaci\u00f3n en Pichanaki.<\/p>\n<p>Por ello, reconocemos la importancia de la participaci\u00f3n de los ni\u00f1os y j\u00f3venes como una pieza fundamental durante las capacitaciones y trabajos de campo, ya que les permitir\u00e1 generar nuevas competencias, valores y aptitudes, as\u00ed como forjar nuevos aprendizajes y experiencias que podr\u00e1n compartir con sus amigos y familiares.<\/p>\n<\/div><\/div><\/div><\/div><\/div>\n","protected":false},"excerpt":{"rendered":"","protected":false},"featured_media":43618,"template":"","fils_d_actu_categ":[1428],"class_list":["post-43617","fil_d_actu","type-fil_d_actu","status-publish","has-post-thumbnail","hentry","fils_d_actu_categ-programa-cafe-cacao-agroforestales"],"_links":{"self":[{"href":"https:\/\/envol-vert.org\/es\/wp-json\/wp\/v2\/fil_d_actu\/43617","targetHints":{"allow":["GET"]}}],"collection":[{"href":"https:\/\/envol-vert.org\/es\/wp-json\/wp\/v2\/fil_d_actu"}],"about":[{"href":"https:\/\/envol-vert.org\/es\/wp-json\/wp\/v2\/types\/fil_d_actu"}],"version-history":[{"count":0,"href":"https:\/\/envol-vert.org\/es\/wp-json\/wp\/v2\/fil_d_actu\/43617\/revisions"}],"wp:featuredmedia":[{"embeddable":true,"href":"https:\/\/envol-vert.org\/es\/wp-json\/wp\/v2\/media\/43618"}],"wp:attachment":[{"href":"https:\/\/envol-vert.org\/es\/wp-json\/wp\/v2\/media?parent=43617"}],"wp:term":[{"taxonomy":"fils_d_actu_categ","embeddable":true,"href":"https:\/\/envol-vert.org\/es\/wp-json\/wp\/v2\/fils_d_actu_categ?post=43617"}],"curies":[{"name":"wp","href":"https:\/\/api.w.org\/{rel}","templated":true}]}}